{"id":72438,"date":"2025-08-26T01:57:08","date_gmt":"2025-08-26T01:57:08","guid":{"rendered":"https:\/\/www.europesays.com\/es\/72438\/"},"modified":"2025-08-26T01:57:08","modified_gmt":"2025-08-26T01:57:08","slug":"el-palmer-se-situa-en-el-kilometro-cero","status":"publish","type":"post","link":"https:\/\/www.europesays.com\/es\/72438\/","title":{"rendered":"El Palmer se sit\u00faa en el kil\u00f3metro cero"},"content":{"rendered":"<p>Lleg\u00f3 la hora de ponerse en marcha. El <strong>Palmer Basket ha iniciado su pretemporada en el que ser\u00e1 su primer a\u00f1o en <a href=\"https:\/\/www.ultimahora.es\/etiqueta\/Primera+FEB.html?utm_source=Inline-tag&amp;utm_medium=internal\" rel=\"nofollow noopener\" target=\"_blank\">Primera FEB<\/a><\/strong>. El conjunto dirigido por Marco Justo ha comenzado esta semana los entrenamientos antes de realizar su primer test frente al Class B\u00e0squet Sant Antoni el pr\u00f3ximo 7 de septiembre en el Palau d\u2019Esports de Son Moix en la Copa AON organizada por la Federaci\u00f3n de <a href=\"https:\/\/www.ultimahora.es\/etiqueta\/baloncesto.html?utm_source=Inline-tag&amp;utm_medium=internal\" rel=\"nofollow noopener\" target=\"_blank\">Baloncesto<\/a> de les Illes Balears. Pero antes de que llegue ese d\u00eda, hay mucho trabajo por hacer.<\/p>\n<p>El club presidido por Vicen\u00e7 Palmer ha mantenido, de cara a la campa\u00f1a 2025-2026, un <strong>bloque de cinco jugadores con los que consigui\u00f3 el ascenso a la categor\u00eda de plata del baloncesto espa\u00f1ol. <\/strong>En concreto Alessandro <strong>Scariolo<\/strong>, Adri\u00e1n <strong>Chapela<\/strong>, Ander <strong>Urdiain<\/strong>, Joan <strong>Feliu<\/strong> y \u00c1ngel <strong>Comendador<\/strong>, han sido los que han renovado con el club, mientras que los otros siete jugadores son nuevas incorporaciones y deber\u00e1n trabajar para que antes del duelo frente al Palencia, la adaptaci\u00f3n sea la mejor posible.<\/p>\n<p>Sobre el inicio de la temporada, explicaba Marco Justo que la intensidad pasados estos meses de verano sigue siendo la misma despu\u00e9s de poner punto y final al \u00e9xito de la campa\u00f1a anterior: \u00ab<strong>Hemos empezado la temporada de la misma forma en la que la terminamos<\/strong>, con la misma intensidad y ganas y con el aliciente de que queremos disfrutar y que la gente disfrute al igual que el a\u00f1o pasado\u00bb, aseguraba el t\u00e9cnico canario.<\/p>\n<p>De los 12 jugadores que conforman la plantilla son cinco los que repiten, indicaba el t\u00e9cnico del Palmer que \u00ab<strong>eso ayuda y mucho a fijar conceptos y h\u00e1bitos y eso va a hacer que los que siguen puedan hacer m\u00e1s f\u00e1cil la adaptaci\u00f3n de los nuevos<\/strong> y de los que faltan por llegar de cara a la nueva temporada. Estoy muy contento con la plantilla que hemos conformado, creo que es la que todos quer\u00edamos formar para este a\u00f1o y tambi\u00e9n la que hemos podido\u00bb, afirmaba el entrenador.<\/p>\n<p>El \u00e9xodo de jugadores hacia Estados Unidos ha condicionado bastante los movimientos pero finalmente el equipo gusta y mucho al t\u00e9cnico del conjunto palmesano. \u00ab<strong>Este verano el mercado ha dado un giro muy importante por los jugadores que han marchado a la NCAA y no ha sido nada f\u00e1cil<\/strong>, ha afectado a la creaci\u00f3n del \u2018roster\u2019 y hemos tra\u00eddo a los que hemos querido y que <strong>cumplen el patr\u00f3n de que quer\u00edan estar aqu\u00ed<\/strong> ya que consideran que es una oportunidad\u00bb, dijo.<\/p>\n<p>En cuanto a no poder jugar en Palma en el inicio de la temporada de Primera FEB, recordaba Justo lo vivido la \u00faltima vez que el equipo tuvo que jugar en Inca. \u00abEl primer partido es en Inca y nuestra \u00fanica experiencia all\u00ed es que ganamos de un punto, <strong>as\u00ed que mejor que experiencia que esa ninguna<\/strong>. <strong>Nos hubiera gustado jugar en Son Moix<\/strong> que va a ser por fin nuestra casa esta temporada y de cara al partido ya nos adaptamos el a\u00f1o pasado entrenando en el Toni Piz\u00e0 y jugando aqu\u00ed una vez por semana, as\u00ed que no es problema\u00bb declar\u00f3 el t\u00e9cnico.<\/p>\n<p>Finalmente, en cuanto a la campa\u00f1a de socios del club y que ronda casi los 1.000 abonados, explicaba el t\u00e9cnico que se han ganado esas cifras. \u00ab<strong>Espero que siga subiendo el n\u00famero de socios<\/strong>, es buena se\u00f1al ya que hemos generado ese sentimiento Palmer y <strong>queremos que siga para arriba y haremos todo lo posible para que vaya incrementado<\/strong>, <strong>para que eso pase tenemos que hacerlo bien en la cancha<\/strong>\u00bb, concluy\u00f3.<\/p>\n","protected":false},"excerpt":{"rendered":"Lleg\u00f3 la hora de ponerse en marcha. El Palmer Basket ha iniciado su pretemporada en el que ser\u00e1&hellip;\n","protected":false},"author":2,"featured_media":72439,"comment_status":"","ping_status":"","sticky":false,"template":"","format":"standard","meta":{"footnotes":""},"categories":[269],"tags":[299,298,168,25,24,301,832,833,830,831,28561,829,3917,23,167],"class_list":{"0":"post-72438","1":"post","2":"type-post","3":"status-publish","4":"format-standard","5":"has-post-thumbnail","7":"category-baloncesto","8":"tag-baloncesto","9":"tag-basketball","10":"tag-deportes","11":"tag-es","12":"tag-espana","13":"tag-eurobasket","14":"tag-eurocup","15":"tag-euroliga","16":"tag-leb-oro","17":"tag-liga-acb","18":"tag-palau-desports-de-son-moix","19":"tag-palmer-basket-mallorca","20":"tag-primera-feb","21":"tag-spain","22":"tag-sports"},"share_on_mastodon":{"url":"","error":""},"_links":{"self":[{"href":"https:\/\/www.europesays.com\/es\/wp-json\/wp\/v2\/posts\/72438","targetHints":{"allow":["GET"]}}],"collection":[{"href":"https:\/\/www.europesays.com\/es\/wp-json\/wp\/v2\/posts"}],"about":[{"href":"https:\/\/www.europesays.com\/es\/wp-json\/wp\/v2\/types\/post"}],"author":[{"embeddable":true,"href":"https:\/\/www.europesays.com\/es\/wp-json\/wp\/v2\/users\/2"}],"replies":[{"embeddable":true,"href":"https:\/\/www.europesays.com\/es\/wp-json\/wp\/v2\/comments?post=72438"}],"version-history":[{"count":0,"href":"https:\/\/www.europesays.com\/es\/wp-json\/wp\/v2\/posts\/72438\/revisions"}],"wp:featuredmedia":[{"embeddable":true,"href":"https:\/\/www.europesays.com\/es\/wp-json\/wp\/v2\/media\/72439"}],"wp:attachment":[{"href":"https:\/\/www.europesays.com\/es\/wp-json\/wp\/v2\/media?parent=72438"}],"wp:term":[{"taxonomy":"category","embeddable":true,"href":"https:\/\/www.europesays.com\/es\/wp-json\/wp\/v2\/categories?post=72438"},{"taxonomy":"post_tag","embeddable":true,"href":"https:\/\/www.europesays.com\/es\/wp-json\/wp\/v2\/tags?post=72438"}],"curies":[{"name":"wp","href":"https:\/\/api.w.org\/{rel}","templated":true}]}}