{"id":72442,"date":"2025-08-26T01:59:10","date_gmt":"2025-08-26T01:59:10","guid":{"rendered":"https:\/\/www.europesays.com\/es\/72442\/"},"modified":"2025-08-26T01:59:10","modified_gmt":"2025-08-26T01:59:10","slug":"el-amor-no-es-dejar-a-tu-mujer-en-una-residencia","status":"publish","type":"post","link":"https:\/\/www.europesays.com\/es\/72442\/","title":{"rendered":"El amor no es dejar a tu mujer en una residencia"},"content":{"rendered":"<p>La <a href=\"https:\/\/www.elespanol.com\/bluper\/20250806\/soltero-first-dates-asombra-cita-casado-busco-pareja-esposa-alzheimer\/1003743877807_0.html?utm_cmp_rs=linksinline\" rel=\"nofollow noopener\" target=\"_blank\">vida de Francisco Franqu\u00e9s<\/a>, de 87 a\u00f1os, ha llamado la atenci\u00f3n de los colaboradores de Yas Verano. Desde hace un a\u00f1o, su esposa permanece en una residencia a causa del alzh\u00e9imer. Pese a esta dif\u00edcil situaci\u00f3n, <strong>Francisco no ha perdido la fe en el amor y, aunque contin\u00faa casado, ha decidido buscar una nueva pareja. <\/strong><\/p>\n<p>El invitado ha explicado con mucha serenidad c\u00f3mo est\u00e1 afectando la enfermedad a su esposa: <strong>\u00abEst\u00e1 en un punto de no retorno\u201d<\/strong>. <a href=\"https:\/\/www.elespanol.com\/bluper\/20250819\/pepa-romero-no-calla-falta-infraestructuras-galicia-trafico-tipo-desastre\/1003743892093_0.html?utm_cmp_rs=linksinline\" rel=\"nofollow noopener\" target=\"_blank\">Contaba a Pepa Romero que llevaban ocho a\u00f1os casados<\/a>, aunque su v\u00ednculo se hab\u00eda forjado mucho antes, cuando el destino los cruz\u00f3 en Venezuela: <strong>\u201cNos conocimos en Venezuela y ella se vino a Espa\u00f1a y nos casamos. Estuvimos muy bien\u00bb. <\/strong><\/p>\n<p>Adem\u00e1s, ha confesado que no es la primera vez que contrae matrimonio, sino que<strong> se ha casado en cuatro ocasiones<\/strong>. \u00abYo siempre he sido feliz en mis matrimonios, cosa que no se suele decir\u00bb, aseguraba. <strong>\u00abEs un gentleman\u00bb<\/strong>, dec\u00eda la presentadora asombrada.<\/p>\n<p><img loading=\"lazy\" decoding=\"async\" alt=\"Un soltero de 'First Dates' asombra a su cita: Estoy casado y no puedo convivir con mi esposa porque tiene Alzheimer\" height=\"180\" src=\"https:\/\/www.europesays.com\/es\/wp-content\/uploads\/2025\/08\/1003743877964_257834888_320x180.jpg\" width=\"320\" data-lazy-status=\"processed\" data-lazy-info=\"remove loading item 1\"\/><\/p>\n<p><strong>Mar\u00eda es la cuarta mujer de Francisco<\/strong>, de la que habla con una sonrisa en el rostro en el programa de Antena 3 cuando recuerda los bonitos momentos que han pasado juntos. Sin embargo, tambi\u00e9n ha querido contar la parte m\u00e1s cruda de su relaci\u00f3n. \u00abLlevo dos a\u00f1os cuid\u00e1ndola. <strong>Durante un a\u00f1o y pico lo he podido hacer<\/strong>, cuidar sobre todo la cosa mental\u00bb, expresaba.<\/p>\n<p>\u00abCuando nos dieron el diagn\u00f3stico dijeron que se trataba de un alzh\u00e9imer irreversible. <strong>Ahora est\u00e1 en una residencia en Barcelona<\/strong>\u00ab, ha desvelado. Adem\u00e1s, tambi\u00e9n ha revelado un dato que ha dejado a Romero con la boca abierta: <strong>\u00abNo voy a verla\u00bb<\/strong>. \u00abElla todav\u00eda tiene algunos momentos de lucidez\u00bb, manifestaba Franqu\u00e9s.<\/p>\n<p><img decoding=\"async\" alt=\"Pepa Romero y Francisco.\" data-imgm=\"true\" height=\"180\" loading=\"lazy\"  src=\"https:\/\/www.europesays.com\/es\/wp-content\/uploads\/2025\/08\/1003743899045_258220813_1024x576.jpg\"  width=\"320\"\/><\/p>\n<p>                                                            Pepa Romero y Francisco.<\/p>\n<p>                    Antena 3<\/p>\n<p><strong>\u00ab\u00bfY entonces? Va a pensar que la ha dejado\u00bb<\/strong>, preguntaba at\u00f3nita la presentadora ante las \u00faltimas declaraciones del entrevistado. Ha sido entonces cuando \u00e9l ha explicado que es por recomendaci\u00f3n m\u00e9dica, para que Mar\u00eda no viva un retroceso en su proceso de adaptaci\u00f3n. <strong>\u00abYo habr\u00eda seguido y seguir\u00eda con ella, pero los m\u00e9dicos han considerado que yo no estaba preparado\u00bb<\/strong>, ha a\u00f1adido.<\/p>\n<p><strong>Isabel R\u00e1bago<\/strong>, que se encontraba en plat\u00f3 durante el testimonio, no ha podido evitar dar su punto de vista: \u00abDescribe a su mujer como a una amiga\u00bb. Y manifestaba:<strong> \u00abPersonalmente, echo en falta m\u00e1s amor. El amor no es dejar a tu mujer en una residencia\u00bb. <\/strong><\/p>\n<p><img decoding=\"async\" alt=\"Alba Carrillo responde a la pol\u00e9mica de Isabel R\u00e1bago.\" height=\"180\" loading=\"lazy\" width=\"320\" data-lazy-status=\"processed\" id=\"baeb2ade63\" src=\"https:\/\/www.elespanol.com\/bluper\/20250825\/isabel-rabago-critica-invitado-yas-verano-amor-no-dejar-mujer-residencia\/[\" https:=\"\" data-lazy-info=\"changed src\"\/><\/p>\n<p>\u00abA m\u00ed me pueden decir los m\u00e9dicos 2.800 cosas, pero<strong> nada impedir\u00eda ir a ver a mi pareja por mucho alzh\u00e9imer que tenga<\/strong> y te puedo asegurar que estar\u00eda muerta de dolor\u00bb, ha reconocido la colaboradora.<\/p>\n<p>\u00abCon cuatro mujeres,<strong> entiendo que esta no es la mujer de su vida<\/strong>\u00ab, aseguraba R\u00e1bago. Una afirmaci\u00f3n que no se ha molestado en negar el invitado: \u00abNaturalmente\u00bb. \u00abEs que nosotras no somos compa\u00f1\u00eda.<strong> El amor es otra cosa<\/strong>\u00ab, conclu\u00eda molesta la tertuliana.\u00a0<\/p>\n","protected":false},"excerpt":{"rendered":"La vida de Francisco Franqu\u00e9s, de 87 a\u00f1os, ha llamado la atenci\u00f3n de los colaboradores de Yas Verano.&hellip;\n","protected":false},"author":2,"featured_media":72443,"comment_status":"","ping_status":"","sticky":false,"template":"","format":"standard","meta":{"footnotes":""},"categories":[174],"tags":[4040,1535,255,146,147,25,24,256,28566,23,807],"class_list":{"0":"post-72442","1":"post","2":"type-post","3":"status-publish","4":"format-standard","5":"has-post-thumbnail","7":"category-famosos","8":"tag-antena-3","9":"tag-bluper","10":"tag-celebrities","11":"tag-entertainment","12":"tag-entretenimiento","13":"tag-es","14":"tag-espana","15":"tag-famosos","16":"tag-isabel-rabago","17":"tag-spain","18":"tag-television"},"share_on_mastodon":{"url":"","error":""},"_links":{"self":[{"href":"https:\/\/www.europesays.com\/es\/wp-json\/wp\/v2\/posts\/72442","targetHints":{"allow":["GET"]}}],"collection":[{"href":"https:\/\/www.europesays.com\/es\/wp-json\/wp\/v2\/posts"}],"about":[{"href":"https:\/\/www.europesays.com\/es\/wp-json\/wp\/v2\/types\/post"}],"author":[{"embeddable":true,"href":"https:\/\/www.europesays.com\/es\/wp-json\/wp\/v2\/users\/2"}],"replies":[{"embeddable":true,"href":"https:\/\/www.europesays.com\/es\/wp-json\/wp\/v2\/comments?post=72442"}],"version-history":[{"count":0,"href":"https:\/\/www.europesays.com\/es\/wp-json\/wp\/v2\/posts\/72442\/revisions"}],"wp:featuredmedia":[{"embeddable":true,"href":"https:\/\/www.europesays.com\/es\/wp-json\/wp\/v2\/media\/72443"}],"wp:attachment":[{"href":"https:\/\/www.europesays.com\/es\/wp-json\/wp\/v2\/media?parent=72442"}],"wp:term":[{"taxonomy":"category","embeddable":true,"href":"https:\/\/www.europesays.com\/es\/wp-json\/wp\/v2\/categories?post=72442"},{"taxonomy":"post_tag","embeddable":true,"href":"https:\/\/www.europesays.com\/es\/wp-json\/wp\/v2\/tags?post=72442"}],"curies":[{"name":"wp","href":"https:\/\/api.w.org\/{rel}","templated":true}]}}