{"id":72456,"date":"2025-08-26T02:09:10","date_gmt":"2025-08-26T02:09:10","guid":{"rendered":"https:\/\/www.europesays.com\/es\/72456\/"},"modified":"2025-08-26T02:09:10","modified_gmt":"2025-08-26T02:09:10","slug":"trump-aumenta-su-cerco-sobre-la-fed-al-cesar-a-una-gobernadora-nombrada-por-biden-internacional","status":"publish","type":"post","link":"https:\/\/www.europesays.com\/es\/72456\/","title":{"rendered":"Trump aumenta su cerco sobre la Fed al cesar a una gobernadora nombrada por Biden | Internacional"},"content":{"rendered":"<p class=\"\">Donald Trump ha cesado a Lisa Cook, gobernadora de la<a href=\"https:\/\/elpais.com\/noticias\/reserva-federal\/\" target=\"_blank\" rel=\"noreferrer nofollow noopener\" title=\"https:\/\/elpais.com\/noticias\/reserva-federal\/\"> Reserva Federal<\/a>, \u201ccon motivo\u201d, seg\u00fan ha anunciado \u00e9l mismo en redes sociales. El despido de Cook, que hab\u00eda sido acusada por un aliado del presidente de Estados Unidos de fraude en unas solicitudes de hipoteca, es legalmente dudoso y siembra las dudas sobre <a href=\"https:\/\/elpais.com\/economia\/2025-08-25\/lagarde-se-despide-de-jackson-hole-con-una-defensa-de-powell-frente-a-trump-la-independencia-de-los-banco-centrales-es-de-vital-importancia.html\" target=\"_self\" rel=\"nofollow noopener\" title=\"https:\/\/elpais.com\/economia\/2025-08-25\/lagarde-se-despide-de-jackson-hole-con-una-defensa-de-powell-frente-a-trump-la-independencia-de-los-banco-centrales-es-de-vital-importancia.html\">el futuro de la independencia de la Fed<\/a>. Pero a la espera de ver si la economista apela contra su cese, el paso puede dar nuevas bazas al republicano para conseguir el control de la instituci\u00f3n responsable de la pol\u00edtica monetaria, una de sus ambiciones para este mandato que se le hab\u00eda mostrado esquiva hasta ahora. Pero tambi\u00e9n puede causar repercusiones en los mercados.<\/p>\n<p class=\"\">Cook, nombrada por el presidente Joe Biden y cuyo mandato no expiraba hasta 2038, es la primera mujer afroamericana gobernadora de la Fed estadounidense.<\/p>\n<p class=\"\">En la carta de despido, que Trump ha publicado en su red social, Truth, el presidente hace referencia a la denuncia presentada por un alto cargo del Departamento de Vivienda y gran partidario de Trump, Bill Pulte, que aseguraba que Brown hab\u00eda declarado como residencia primaria dos viviendas en dos Estados distintos, para solicitar hipotecas por ambas en t\u00e9rminos favorables.<\/p>\n<p class=\"\">\u201cQueda usted eliminada de su puesto en la junta de gobernadores de la Reserva Federal con efecto inmediato\u201d, se lee en la carta, con el membrete de la Casa Blanca y la firma presidencial. <\/p>\n<p class=\"\">Trump tambi\u00e9n declara que \u201cla Reserva Federal tiene una enorme responsabilidad al fijar los tipos de inter\u00e9s y regular la reserva y los bancos miembros\u201d. Por lo tanto, contin\u00faa, \u201cel pueblo estadounidense debe poder tener confianza plena en la honestidad de los miembros encargados de supervisar y fijar la pol\u00edtica de la Reserva Federal. A la luz de su conducta enga\u00f1osa y potencialmente delictiva en una cuesti\u00f3n financiera, no pueden tenerla, y yo no tengo tampoco esa confianza en su integridad\u201d. <\/p>\n<p class=\"\">La destituci\u00f3n de Cook es el paso m\u00e1s agresivo dado hasta ahora por Trump en sus intentos de hacerse con el control de la Fed independiente. Llega apenas semanas despu\u00e9s de que dimitiera la economista Adriana Kugler de su puesto como miembro de la junta de gobernadores el pasado 1 de agosto. <\/p>\n<p class=\"\">Desde entonces, Trump, que ha hecho una costumbre de arremeter contra el presidente de la Reserva Federal Jerome Powell, ha nombrado como sustituto de Kugler a su asesor econ\u00f3mico Stephen Miran. La vacante que dejar\u00e1 Brown abre otra oportunidad para que el republicano nombre a un sustituto m\u00e1s cercano a sus planteamientos econ\u00f3micos y m\u00e1s susceptible de prestar o\u00eddos a sus llamamientos para recortar los tipos de inter\u00e9s.<\/p>\n<p class=\"\">En su discurso en la reuni\u00f3n anual de gobernadores centrales en Jackson Hole el pasado viernes, Powell dio sus <a href=\"https:\/\/elpais.com\/economia\/2025-08-22\/powell-abre-la-puerta-a-un-recorte-de-tipos-en-septiembre-por-los-riesgos-economicos-cambiantes.html\" target=\"_self\" rel=\"nofollow noopener\" title=\"https:\/\/elpais.com\/economia\/2025-08-22\/powell-abre-la-puerta-a-un-recorte-de-tipos-en-septiembre-por-los-riesgos-economicos-cambiantes.html\">indicios m\u00e1s claros posibles de que la Fed recortar\u00e1 sus tipos de inter\u00e9s en la reuni\u00f3n de septiembre<\/a>. El presidente de la Fed se hab\u00eda resistido hasta ahora a las intensas presiones de Trump, al considerar que un abaratamiento del dinero dar\u00eda alas a una inflaci\u00f3n no completamente dominada.<\/p>\n<p class=\"\">\u201cCon la pol\u00edtica monetaria en territorio restrictivo, el panorama general y el cambiante equilibrio de riesgos podr\u00edan justificar un ajuste de nuestra pol\u00edtica\u201d, declaraba Powell. Las palabras del presidente de la junta de gobernadores desataron la euforia en los mercados. Pero el discurso no parec\u00eda convencer al inquilino de la Casa Blanca. \u201cDemasiado tarde\u201d, comentaba. <\/p>\n","protected":false},"excerpt":{"rendered":"Donald Trump ha cesado a Lisa Cook, gobernadora de la Reserva Federal, \u201ccon motivo\u201d, seg\u00fan ha anunciado \u00e9l&hellip;\n","protected":false},"author":2,"featured_media":72457,"comment_status":"","ping_status":"","sticky":false,"template":"","format":"standard","meta":{"footnotes":""},"categories":[80],"tags":[82,4329,352,95,94,25,24,629,1845,2556,102,1843,23,1846],"class_list":{"0":"post-72456","1":"post","2":"type-post","3":"status-publish","4":"format-standard","5":"has-post-thumbnail","7":"category-economia","8":"tag-business","9":"tag-casa-blanca","10":"tag-donald-trump","11":"tag-economia","12":"tag-economy","13":"tag-es","14":"tag-espana","15":"tag-estados-unidos","16":"tag-jerome-powell","17":"tag-norteamerica","18":"tag-politica-monetaria","19":"tag-reserva-federal","20":"tag-spain","21":"tag-tipos-interes"},"share_on_mastodon":{"url":"","error":""},"_links":{"self":[{"href":"https:\/\/www.europesays.com\/es\/wp-json\/wp\/v2\/posts\/72456","targetHints":{"allow":["GET"]}}],"collection":[{"href":"https:\/\/www.europesays.com\/es\/wp-json\/wp\/v2\/posts"}],"about":[{"href":"https:\/\/www.europesays.com\/es\/wp-json\/wp\/v2\/types\/post"}],"author":[{"embeddable":true,"href":"https:\/\/www.europesays.com\/es\/wp-json\/wp\/v2\/users\/2"}],"replies":[{"embeddable":true,"href":"https:\/\/www.europesays.com\/es\/wp-json\/wp\/v2\/comments?post=72456"}],"version-history":[{"count":0,"href":"https:\/\/www.europesays.com\/es\/wp-json\/wp\/v2\/posts\/72456\/revisions"}],"wp:featuredmedia":[{"embeddable":true,"href":"https:\/\/www.europesays.com\/es\/wp-json\/wp\/v2\/media\/72457"}],"wp:attachment":[{"href":"https:\/\/www.europesays.com\/es\/wp-json\/wp\/v2\/media?parent=72456"}],"wp:term":[{"taxonomy":"category","embeddable":true,"href":"https:\/\/www.europesays.com\/es\/wp-json\/wp\/v2\/categories?post=72456"},{"taxonomy":"post_tag","embeddable":true,"href":"https:\/\/www.europesays.com\/es\/wp-json\/wp\/v2\/tags?post=72456"}],"curies":[{"name":"wp","href":"https:\/\/api.w.org\/{rel}","templated":true}]}}