{"id":724598,"date":"2026-08-22T03:51:49","date_gmt":"2026-08-22T03:51:49","guid":{"rendered":"https:\/\/www.europesays.com\/es\/724598\/"},"modified":"2026-08-22T03:51:49","modified_gmt":"2026-08-22T03:51:49","slug":"los-lugares-mas-espectaculares-que-rodean-el-refugio-de-broncano-y-silvia-alonso-en-la-sierra-de-gredos-un-pinar-muy-singular-y-varias-pozas-naturales","status":"publish","type":"post","link":"https:\/\/www.europesays.com\/es\/724598\/","title":{"rendered":"Los lugares m\u00e1s espectaculares que rodean el refugio de Broncano y Silvia Alonso en la Sierra de Gredos: un pinar muy singular y varias pozas naturales"},"content":{"rendered":"<p><strong><a href=\"https:\/\/theobjective.com\/etiqueta\/david-broncano\/\" rel=\"nofollow noopener\" target=\"_blank\">David Broncano<\/a><\/strong> y <strong>Silvia Alonso<\/strong> se compraron, hace unos a\u00f1os, una casa en <strong>\u00c1vila<\/strong>. Lo hicieron, adem\u00e1s, en un enclave rodeado de naturaleza, a muy pocos kil\u00f3metros de Madrid y junto a uno de los pantanos m\u00e1s conocidos de la comunidad. Este refugio est\u00e1 situado en la vertiente norte de la\u00a0<strong>Sierra de Gredos<\/strong>, una de sus zonas fetiche para desconectar de la vor\u00e1gine televisiva y conectar con la naturaleza y los deportes al aire libre.<\/p>\n<p>La finca se ubica en una zona monta\u00f1osa, rodeada de bosques de pinos, prados y gargantas de agua cristalina, un enclave id\u00f3neo para la pr\u00e1ctica del <strong>senderismo, el ciclismo de monta\u00f1a y la escalada<\/strong>, aficiones que Broncano practica con asiduidad. Adem\u00e1s, se encuentra a poco m\u00e1s de hora y media en coche de la capital, lo que le permite realizar escapadas frecuentes durante los fines de semana o tras completar las jornadas de grabaci\u00f3n. Se trata de una casa de campo que respeta la arquitectura tradicional de la zona de Gredos, construida con gruesos muros de piedra natural, elementos de madera y tejado de teja \u00e1rabe.<\/p>\n<p>El refugio de Silvia Alonso y Broncano en la Sierra de Gredos <\/p>\n<p><img fetchpriority=\"high\" decoding=\"async\" width=\"1024\" height=\"576\" src=\"https:\/\/www.europesays.com\/es\/wp-content\/uploads\/2026\/08\/david-broncano-casa-1024x576.jpg\" alt=\"David Broncano casas \u00e1vila\" class=\"wp-image-3747878\"  \/>David Broncano y Silvia Alonso en enero de 2025, tras cuatro a\u00f1os de relaci\u00f3n. | Europa Press<\/p>\n<p>La finca cuenta con una amplia parcela rodeada de arboleda, lo que garantiza una privacidad casi total frente a curiosos y fot\u00f3grafos. iguiendo el estilo de vida del presentador, la vivienda ha sido reacondicionada priorizando la eficiencia energ\u00e9tica, la luz natural y un estilo sobrio y funcional sin grandes excentricidades ni ostentaci\u00f3n. Aunque Broncano evita mostrar <strong>detalles<\/strong> de su residencia privada en redes sociales, en sus intervenciones en programas de radio y televisi\u00f3n ha hecho constantes referencias c\u00f3micas a su vida en el campo, al cuidado de la finca o al contraste entre la vida acelerada en Gran V\u00eda y la tranquilidad de los pueblos abulenses.<\/p>\n<p>La vertiente norte de la\u00a0<strong>Sierra de Gredos<\/strong>\u00a0en \u00c1vila, donde se ubica el refugio de David Broncano, es una de las zonas de mayor riqueza paisaj\u00edstica y natural del centro de la pen\u00ednsula ib\u00e9rica. Uno de sus enclaves m\u00e1s espectaculares es el Circo y la Laguna Grande de Gredos. Se trata del coraz\u00f3n geol\u00f3gico de la sierra y su enclave m\u00e1s ic\u00f3nico. Un imponente anfiteatro glaciar flanqueado por crestas gran\u00edticas como el pico\u00a0<strong>Almanzor<\/strong>\u00a0\u2014el m\u00e1s alto del Sistema Central con 2.592 metros\u2014. En el fondo del circo se asienta la Laguna Grande, un lago de origen glaciar cuyas aguas cambian de tonalidad seg\u00fan la luz y la estaci\u00f3n. Es una zona de referencia para la escalada y el avistamiento de la cabra mont\u00e9s hisp\u00e1nica. <\/p>\n<p>El Circo y la Laguna Grande de Gredos, Valdeascas y el Pinar de Hoyocasero <\/p>\n<p>Por su parte, la <strong>Garganta de Gredos y Valdeascas<\/strong> se ha erigido como un valle encajonado por el que discurren aguas descongeladas de las cumbres, formando una sucesi\u00f3n de pozas naturales (pilas), cascadas y toboganes esculpidos en la roca gran\u00edtica. Destacan los pilones de Valdeascas, cerca de Puerto Castilla, cuyas aguas cristalinas y heladas son muy frecuentadas en verano para el ba\u00f1o en plena naturaleza salvaje. <\/p>\n<p>Otro de los enclaves que son imperdibles es el Pinar de Hoyocasero, un espacio bot\u00e1nico singular a nivel europeo situado en la cabecera del r\u00edo Alberche. Este bosque de pino silvestre alberga una biodiversidad vegetal extraordinaria, con m\u00e1s de 500 especies de plantas \u2014varias de ellas relictas y end\u00e9micas\u2014, prados h\u00famedos y un sotobosque denso que contrasta con los roquedales de las cumbres cercanas. Adem\u00e1s, tampoco puede obviarse el Puerto del Pico y la Calzada Romana, un paso de monta\u00f1a estrat\u00e9gico que divide las vertientes norte y sur de la sierra. Conserva uno de los tramos de\u00a0<strong>calzada romana<\/strong> mejor conservados de Espa\u00f1a, utilizado hist\u00f3ricamente para la trashumancia del ganado. Desde la cumbre del puerto se contemplan vistas panor\u00e1micas del barranco de las Cinco Villas y el abrupto desnivel que desciende hacia la comarca del Ti\u00e9tar.<\/p>\n<blockquote class=\"instagram-media\" data-instgrm-permalink=\"https:\/\/www.instagram.com\/reel\/DKmImPMMizN\/?utm_source=ig_embed&amp;utm_campaign=loading\" data-instgrm-version=\"14\" style=\" background:#FFF; border:0; border-radius:3px; box-shadow:0 0 1px 0 rgba(0,0,0,0.5),0 1px 10px 0 rgba(0,0,0,0.15); margin: 1px; max-width:540px; min-width:326px; padding:0; width:99.375%; width:-webkit-calc(100% - 2px); width:calc(100% - 2px);\"\/>\n<p>Por \u00faltimo, uno de los enclaves m\u00e1s famosos es la <strong>Garganta de Chorreras y la Laguna de los Caballeros<\/strong>. Ubicada en el t\u00e9rmino de Navalperal de Tormes, es una de las rutas m\u00e1s salvajes y menos masificadas de la vertiente norte. La garganta culmina en la Laguna de los Caballeros, un paraje de alta monta\u00f1a de origen glaciar rodeado de murallones de granito donde la sensaci\u00f3n de aislamiento y naturaleza virgen es total. <\/p>\n<p>La\u00a0<strong>Sierra de Gredos<\/strong>\u00a0es una de las grandes barreras geogr\u00e1ficas del Sistema Central y presenta una dualidad paisaj\u00edstica, clim\u00e1tica y bot\u00e1nica abrumadora. Se divide de forma muy clara en\u00a0<strong>dos vertientes (Norte y Sur)<\/strong>, separadas por la gran crester\u00eda de cumbres gran\u00edticas donde se ubica el pico Almanzor (2.592 m). La vertiente norte (donde discurre el valle del r\u00edo Tormes) es la cara m\u00e1s alpina, fr\u00eda y austera de la sierra. Se caracteriza por un relieve modelado por la acci\u00f3n de los antiguos glaciares. Es una sucesi\u00f3n de grandes circos (como el Circo de Gredos), lagunas de alta monta\u00f1a, gargantas encajonadas e inmensas gargantas de piedra gran\u00edtica. <\/p>\n<blockquote class=\"instagram-media\" data-instgrm-permalink=\"https:\/\/www.instagram.com\/reel\/CwkRAW7IWCw\/?utm_source=ig_embed&amp;utm_campaign=loading\" data-instgrm-version=\"14\" style=\" background:#FFF; border:0; border-radius:3px; box-shadow:0 0 1px 0 rgba(0,0,0,0.5),0 1px 10px 0 rgba(0,0,0,0.15); margin: 1px; max-width:540px; min-width:326px; padding:0; width:99.375%; width:-webkit-calc(100% - 2px); width:calc(100% - 2px);\"\/>\n<p>Cruzar desde la cumbre hacia el sur (hacia el Valle del Ti\u00e9tar) supone un cambio radical de paisaje en apenas unos kil\u00f3metros de descenso. Presenta una ca\u00edda o desnivel vertiginoso. Pasa de los m\u00e1s de 2.500 metros de altitud a apenas 300 o 400 metros sobre el nivel del mar en el fondo del valle. Protegida de los vientos fr\u00edos del norte por la gran muralla de roca, la vertiente sur disfruta de un <strong>microclima suave e infinitamente m\u00e1s c\u00e1lido<\/strong>. Es conocida como la\u00a0Andaluc\u00eda de \u00c1vila, donde prosperan cultivos mediterr\u00e1neos y subtropicales como naranjos, limones, higueras, vi\u00f1edos, olivares y hasta plantaciones de piment\u00f3n.<\/p>\n<p>Cuentan con pueblos con <strong>un patrimonio hist\u00f3rico<\/strong> muy marcado, como Arenas de San Pedro, Candeleda o Guisando. La vida gira en torno a las gargantas que bajan vivas de la sierra y a un turismo muy ligado a la gastronom\u00eda local, las piscinas naturales y la vegetaci\u00f3n frondosa de casta\u00f1os y robles.<\/p>\n<p>                                                    <script async src=\"\/\/www.instagram.com\/embed.js\"><\/script><\/p>\n","protected":false},"excerpt":{"rendered":"David Broncano y Silvia Alonso se compraron, hace unos a\u00f1os, una casa en \u00c1vila. Lo hicieron, adem\u00e1s, en&hellip;\n","protected":false},"author":2,"featured_media":724599,"comment_status":"","ping_status":"","sticky":false,"template":"","format":"standard","meta":{"footnotes":""},"categories":[174],"tags":[7607,3738,255,9029,146,147,25,24,256,23],"class_list":["post-724598","post","type-post","status-publish","format-standard","has-post-thumbnail","category-famosos","tag-avila","tag-casas","tag-celebrities","tag-david-broncano","tag-entertainment","tag-entretenimiento","tag-es","tag-espana","tag-famosos","tag-spain"],"share_on_mastodon":{"url":"https:\/\/pubeurope.com\/@es\/117137131931379350","error":""},"_links":{"self":[{"href":"https:\/\/www.europesays.com\/es\/wp-json\/wp\/v2\/posts\/724598","targetHints":{"allow":["GET"]}}],"collection":[{"href":"https:\/\/www.europesays.com\/es\/wp-json\/wp\/v2\/posts"}],"about":[{"href":"https:\/\/www.europesays.com\/es\/wp-json\/wp\/v2\/types\/post"}],"author":[{"embeddable":true,"href":"https:\/\/www.europesays.com\/es\/wp-json\/wp\/v2\/users\/2"}],"replies":[{"embeddable":true,"href":"https:\/\/www.europesays.com\/es\/wp-json\/wp\/v2\/comments?post=724598"}],"version-history":[{"count":0,"href":"https:\/\/www.europesays.com\/es\/wp-json\/wp\/v2\/posts\/724598\/revisions"}],"wp:featuredmedia":[{"embeddable":true,"href":"https:\/\/www.europesays.com\/es\/wp-json\/wp\/v2\/media\/724599"}],"wp:attachment":[{"href":"https:\/\/www.europesays.com\/es\/wp-json\/wp\/v2\/media?parent=724598"}],"wp:term":[{"taxonomy":"category","embeddable":true,"href":"https:\/\/www.europesays.com\/es\/wp-json\/wp\/v2\/categories?post=724598"},{"taxonomy":"post_tag","embeddable":true,"href":"https:\/\/www.europesays.com\/es\/wp-json\/wp\/v2\/tags?post=724598"}],"curies":[{"name":"wp","href":"https:\/\/api.w.org\/{rel}","templated":true}]}}