{"id":72460,"date":"2025-08-26T02:11:11","date_gmt":"2025-08-26T02:11:11","guid":{"rendered":"https:\/\/www.europesays.com\/es\/72460\/"},"modified":"2025-08-26T02:11:11","modified_gmt":"2025-08-26T02:11:11","slug":"alfredo-duro-colaborador-de-el-chiringuito-sufre-un-accidente-en-los-encierros-de-san-sebastian-de-los-reyes","status":"publish","type":"post","link":"https:\/\/www.europesays.com\/es\/72460\/","title":{"rendered":"Alfredo Duro, colaborador de &#8216;El Chiringuito&#8217;, sufre un accidente en los encierros de San Sebasti\u00e1n de los Reyes"},"content":{"rendered":"<p class=\"paragraph\" id=\"paragraph_1\"><strong>Preocupaci\u00f3n por el estado de salud de Alfredo Duro.<\/strong> El habitual colaborador de <a href=\"https:\/\/www.elespanol.com\/deportes\/20250825\/exfutbolista-real-madrid-no-corta-avisa-suplencia-vinicius-demuestra-descuida-banquillo\/1003743897859_0.html?utm_cmp_rs=linksinline\" rel=\"nofollow noopener\" target=\"_blank\">El Chiringuito de Jugones<\/a> ha sufrido una cogida en la primera jornada de los tradicionales encierros de San Sebasti\u00e1n de los Reyes.<\/p>\n<p class=\"paragraph\" id=\"paragraph_2\">Durante todo el d\u00eda, ha circulado por redes sociales el v\u00eddeo de <strong>una impactante embestida a un hombre en los encierros de la localidad madrile\u00f1a,<\/strong> cuya emisi\u00f3n la realiza precisamente Antena 3. Era uno de los siete heridos que se han registrado en este primer d\u00eda de fiestas.<\/p>\n<p class=\"paragraph\" id=\"paragraph_3\">Sin embargo, no ha sido hasta media tarde cuando se ha conocido la identidad del hombre. Las redes sociales del propio programa de Josep Pedrerol <strong>confirmaban que se trataba de su tertuliano,<\/strong> Alfredo Duro.<\/p>\n<blockquote class=\"twitter-tweet\">\n<p dir=\"ltr\" lang=\"es\">\u27a1\ufe0f El conocido tertuliano de El Chiringuito (<a href=\"https:\/\/twitter.com\/elchiringuitotv?ref_src=twsrc%5Etfw\" rel=\"nofollow noopener\" target=\"_blank\">@elchiringuitotv<\/a>) , Alfredo Duro (<a href=\"https:\/\/twitter.com\/alfredoduro1?ref_src=twsrc%5Etfw\" rel=\"nofollow noopener\" target=\"_blank\">@alfredoduro1<\/a>), ha sufrido un percance en el primero encierro de San Sebasti\u00e1n de los Reyes a la altura de la calle Postas.<\/p>\n<p>Los mansos le arroyaron entrando por la curva. Se desconoce la gravedad. <a href=\"https:\/\/t.co\/nHn2TprB0H\" rel=\"nofollow\">pic.twitter.com\/nHn2TprB0H<\/a><\/p>\n<p>\u2014 Andanada del 5 \ud83d\udc02\ud83c\uddea\ud83c\uddf8 (@andanadadel5) <a href=\"https:\/\/twitter.com\/andanadadel5\/status\/1959940747752251621?ref_src=twsrc%5Etfw\" rel=\"nofollow noopener\" target=\"_blank\">August 25, 2025<\/a><\/p><\/blockquote>\n<p class=\"paragraph\" id=\"paragraph_4\"><strong>\u00abHa sufrido un percance en el encierro de San Sebasti\u00e1n de los Reyes. \u00a1Recup\u00e9rate pronto, amigo!\u00bb,<\/strong> se le\u00eda en la publicaci\u00f3n de la cuenta en X de El Chiringuito de Jugones, en las que tambi\u00e9n se le deseaba \u00abmucho \u00e1nimo\u00bb.<\/p>\n<p class=\"paragraph\" id=\"paragraph_5\">En el viral, puede verse al colaborador de Pedrerol perder el equilibrio a los pocos segundos de arrancar la carrera, en la calle Postas de San Sebasti\u00e1n de los Reyes. <strong>Entonces, a Alfredo le arrollan varios cabestros de la ganader\u00eda La Palmosilla. <\/strong><\/p>\n<p><img loading=\"lazy\" decoding=\"async\" alt=\"Pipi Estrada y el Cholo Simeone.\" height=\"180\" src=\"https:\/\/www.europesays.com\/es\/wp-content\/uploads\/2025\/08\/1003743893727_258121072_320x180.jpg\" width=\"320\" data-lazy-status=\"processed\" data-lazy-info=\"remove loading item 1\"\/><\/p>\n<p class=\"paragraph\" id=\"paragraph_6\"><strong>No han trascendido detalles de c\u00f3mo se encuentra el comunicador deportivo tras la cogida.<\/strong> Se espera que la madrugada de este lunes -desde las 00:00 horas- Josep Pedrerol y los suyos actualicen el estado de salud de su compa\u00f1ero y que, dependiendo de su gravedad, este pueda intervenir al menos v\u00eda telef\u00f3nica.<\/p>\n<p class=\"paragraph\" id=\"paragraph_7\">Alfredo Duro es colaborador de El Chiringuito de Jugones desde enero de 2014, <strong>por lo que forma parte del n\u00facleo veterano del programa.<\/strong> Antes, trabaj\u00f3 en medios como Veo Televisi\u00f3n, para comentar partidos de f\u00fatbol sala; en el diario Marca, o en ABC Punto Radio. Adem\u00f1as, entre 2004 y 2006, fue director deportivo del Getafe.\u00a0<\/p>\n<p><img decoding=\"async\" alt=\"Isabel R\u00e1bago y Francisco.\" height=\"180\" loading=\"lazy\" width=\"320\" data-lazy-status=\"processed\" id=\"01ca8e738a\" src=\"https:\/\/www.elespanol.com\/bluper\/20250825\/alfredo-duro-colaborador-chiringuito-sufre-accidente-encierros-san-sebastian-reyes\/[\" https:=\"\" data-lazy-info=\"changed src\"\/><\/p>\n<p class=\"paragraph\" id=\"paragraph_8\"><strong>Su relaci\u00f3n con Pedrerol se estrech\u00f3 al fichar por Punto Pelota,<\/strong> el espacio que Pedrerol present\u00f3 en Intereconom\u00eda hasta finales de 2013, cuando el catal\u00e1n fue despedido y traslad\u00f3 el formato de f\u00fatbol a Atresmedia.\u00a0<\/p>\n<p>                                    <script async src=\"https:\/\/platform.twitter.com\/widgets.js\" charset=\"utf-8\"><\/script><\/p>\n","protected":false},"excerpt":{"rendered":"Preocupaci\u00f3n por el estado de salud de Alfredo Duro. El habitual colaborador de El Chiringuito de Jugones ha&hellip;\n","protected":false},"author":2,"featured_media":72461,"comment_status":"","ping_status":"","sticky":false,"template":"","format":"standard","meta":{"footnotes":""},"categories":[8],"tags":[1535,17,18,28570,25,24,13,14,11,19,20,9,10,15,16,23,807,12,21,22],"class_list":{"0":"post-72460","1":"post","2":"type-post","3":"status-publish","4":"format-standard","5":"has-post-thumbnail","7":"category-espana","8":"tag-bluper","9":"tag-breaking-news","10":"tag-breakingnews","11":"tag-el-chiringuito","12":"tag-es","13":"tag-espana","14":"tag-featured-news","15":"tag-featurednews","16":"tag-headlines","17":"tag-latest-news","18":"tag-latestnews","19":"tag-news","20":"tag-noticias","21":"tag-noticias-destacadas","22":"tag-noticiasdestacadas","23":"tag-spain","24":"tag-television","25":"tag-titulares","26":"tag-ultimas-noticias","27":"tag-ultimasnoticias"},"share_on_mastodon":{"url":"","error":""},"_links":{"self":[{"href":"https:\/\/www.europesays.com\/es\/wp-json\/wp\/v2\/posts\/72460","targetHints":{"allow":["GET"]}}],"collection":[{"href":"https:\/\/www.europesays.com\/es\/wp-json\/wp\/v2\/posts"}],"about":[{"href":"https:\/\/www.europesays.com\/es\/wp-json\/wp\/v2\/types\/post"}],"author":[{"embeddable":true,"href":"https:\/\/www.europesays.com\/es\/wp-json\/wp\/v2\/users\/2"}],"replies":[{"embeddable":true,"href":"https:\/\/www.europesays.com\/es\/wp-json\/wp\/v2\/comments?post=72460"}],"version-history":[{"count":0,"href":"https:\/\/www.europesays.com\/es\/wp-json\/wp\/v2\/posts\/72460\/revisions"}],"wp:featuredmedia":[{"embeddable":true,"href":"https:\/\/www.europesays.com\/es\/wp-json\/wp\/v2\/media\/72461"}],"wp:attachment":[{"href":"https:\/\/www.europesays.com\/es\/wp-json\/wp\/v2\/media?parent=72460"}],"wp:term":[{"taxonomy":"category","embeddable":true,"href":"https:\/\/www.europesays.com\/es\/wp-json\/wp\/v2\/categories?post=72460"},{"taxonomy":"post_tag","embeddable":true,"href":"https:\/\/www.europesays.com\/es\/wp-json\/wp\/v2\/tags?post=72460"}],"curies":[{"name":"wp","href":"https:\/\/api.w.org\/{rel}","templated":true}]}}