{"id":724628,"date":"2026-08-22T04:26:15","date_gmt":"2026-08-22T04:26:15","guid":{"rendered":"https:\/\/www.europesays.com\/es\/724628\/"},"modified":"2026-08-22T04:26:15","modified_gmt":"2026-08-22T04:26:15","slug":"nikolai-rybakov-lider-de-yabloko-hemos-demostrado-al-mundo-cuanta-gente-en-rusia-quiere-la-paz-internacional","status":"publish","type":"post","link":"https:\/\/www.europesays.com\/es\/724628\/","title":{"rendered":"Nikol\u00e1i Rybakov, l\u00edder de Y\u00e1bloko: \u201cHemos demostrado al mundo cu\u00e1nta gente en Rusia quiere la paz\u201d | Internacional"},"content":{"rendered":"<p class=\"\">Miles de ciudadanos y opositores rusos mostraron su apoyo este verano a un hist\u00f3rico partido, <a href=\"https:\/\/elpais.com\/noticias\/yabloko\/\" target=\"_blank\" rel=\"noreferrer nofollow noopener\" title=\"https:\/\/elpais.com\/noticias\/yabloko\/\">Y\u00e1bloko<\/a>, cuando el Kremlin autoriz\u00f3 su participaci\u00f3n en las elecciones legislativas del 18 al 20 de septiembre. Lleg\u00f3 a quedar segundo en las encuestas oficiales. La adhesi\u00f3n masiva a <a href=\"https:\/\/elpais.com\/internacional\/2026-08-18\/sentencias-contra-el-pacifismo-en-rusia.html\" target=\"_blank\" rel=\"noreferrer nofollow noopener\" title=\"https:\/\/elpais.com\/internacional\/2026-08-18\/sentencias-contra-el-pacifismo-en-rusia.html\">la \u00fanica formaci\u00f3n que reclama poner fin a la guerra contra Ucrania<\/a> oblig\u00f3 al Kremlin a dar marcha atr\u00e1s en su decisi\u00f3n. <a href=\"https:\/\/elpais.com\/internacional\/2026-08-17\/el-supremo-ruso-rechaza-el-recurso-del-unico-partido-contrario-a-la-guerra-y-no-podra-presentarse-a-las-elecciones.html\" target=\"_blank\" rel=\"noreferrer nofollow noopener\" title=\"https:\/\/elpais.com\/internacional\/2026-08-17\/el-supremo-ruso-rechaza-el-recurso-del-unico-partido-contrario-a-la-guerra-y-no-podra-presentarse-a-las-elecciones.html\">Tras ser vetado en los comicios<\/a> por el Tribunal Supremo, a\u00fan le queda un \u00faltimo recurso en aquel \u00f3rgano y el Constitucional, pero las perspectivas no son halag\u00fce\u00f1as.<\/p>\n<p class=\"\">Su presidente, Nikol\u00e1i Rybakov (San Petersburgo, 47 a\u00f1os), recibe a este peri\u00f3dico en su despacho, donde cuelga un cuadro suyo con la inscripci\u00f3n \u201cGente, no os mat\u00e9is unos a otros\u201d. En su mano tiene una manzana, la misma que muchos j\u00f3venes que solo han conocido el putinismo mostraron en sus redes sociales para pedir un cambio en el pa\u00eds. Y\u00e1bloko (manzana, en ruso) tambi\u00e9n es el apellido del hombre que fund\u00f3 esta formaci\u00f3n en 1993 para que no hubiera nunca m\u00e1s una guerra en Rusia.<\/p>\n<p class=\"\"><b>Pregunta.<\/b> Han recibido el apoyo de miles de rusos, pero les han vetado en las elecciones. \u00bfEs una victoria o una derrota?<\/p>\n<p class=\"\"><b>Respuesta.<\/b> Ser\u00e1 una victoria si logramos que la gente deje de matarse entre s\u00ed, pero, sin duda, no es una derrota. Hemos demostrado al mundo cu\u00e1nta gente en Rusia quiere la paz, cu\u00e1nta no est\u00e1 de acuerdo con las acciones del Gobierno, cu\u00e1nta no est\u00e1 de acuerdo con lo que est\u00e1 sucediendo&#8230; Nuestro objetivo no es ser una facci\u00f3n de la Duma Estatal, el objetivo es la paz.<\/p>\n<p class=\"\">Entiendo que para los lectores europeos sea extra\u00f1o que un partido participe en las elecciones sin que su meta sea tener diputados, sino un cambio en la situaci\u00f3n pol\u00edtica, pero en Rusia todas las decisiones las toma una sola persona. As\u00ed est\u00e1n las cosas ahora. Por lo tanto, nuestro objetivo es hacerle ver a esta persona cu\u00e1ntos rusos quieren la paz, cu\u00e1ntos quieren cambios para mejor y, de este modo, obligarle a cambiar su pol\u00edtica. Putin presta mucha atenci\u00f3n a la opini\u00f3n p\u00fablica. Si gracias a esta campa\u00f1a electoral un mill\u00f3n de personas se muestra abiertamente a favor del cambio, entonces se ver\u00e1 obligado a llevarlo a cabo.<\/p>\n<p class=\"\"><b>P. <\/b>Y ahora, \u00bfqu\u00e9? Mencion\u00f3 en el juicio que ten\u00edan un plan b.<\/p>\n<p class=\"\"><b>R. <\/b>Lo anunciaremos cuando las autoridades no puedan impedir que lo implementemos. Mientras tanto, continuaremos con nuestra campa\u00f1a por la paz. Pedimos a la gente que siga publicando sus mensajes y v\u00eddeos. Las autoridades esperan que el veto de Y\u00e1bloko les arrebate su esperanza en el cambio y su fe en que pueden expresar sus opiniones abiertamente. Nuestra meta es la contraria: que no pierdan la fe en s\u00ed mismos.<\/p>\n<p class=\"\"><b>P.<\/b> \u00bfContemplan convocar manifestaciones?<\/p>\n<p class=\"\"><b>R.<\/b> No, eso definitivamente no suceder\u00e1 porque es peligroso para la gente. La polic\u00eda est\u00e1 yendo a las casas de quienes vinieron a nuestro juicio. Les est\u00e1n intimidando, acosando, por venir a una audiencia p\u00fablica del Supremo. En Rusia est\u00e1n prohibidas las manifestaciones. Para nosotros no hay nada m\u00e1s importante que la libertad, la seguridad y la salud de estas personas.<\/p>\n<p class=\"\"><b>P. <\/b>Su vicepresidente, Lev Shlosberg, ha sido condenado a 11 a\u00f1os de c\u00e1rcel por \u201cdesacreditar\u201d a las autoridades. El independiente Bor\u00eds Nadezhdin <a href=\"https:\/\/elpais.com\/internacional\/2026-07-13\/el-kremlin-aparta-de-las-elecciones-a-boris-nadezhdin-el-ultimo-opositor-que-movilizo-a-los-rusos-frente-a-putin.html\" target=\"_self\" rel=\"nofollow noopener\" title=\"https:\/\/elpais.com\/internacional\/2026-07-13\/el-kremlin-aparta-de-las-elecciones-a-boris-nadezhdin-el-ultimo-opositor-que-movilizo-a-los-rusos-frente-a-putin.html\">se ha marchado al exilio<\/a>. \u00bfHay espacio para una oposici\u00f3n moderada en Rusia?<\/p>\n<p class=\"\"><b>R. <\/b>Todav\u00eda existimos y, por lo tanto, existe ese espacio, aunque es evidente que est\u00e1n utilizando m\u00e9todos ilegales, crueles e inhumanos contra gente con la que se puede razonar. Seis de nuestros compa\u00f1eros est\u00e1n en prisi\u00f3n, 40 han sido multados y se les ha prohibido participar en elecciones, m\u00e1s de 10 figuran en la lista de agentes extranjeros, incluido el premio Nobel de la Paz <a href=\"https:\/\/elpais.com\/internacional\/2025-11-28\/dmitri-muratov-periodista-ruso-represaliado-putin-se-ha-reido-de-los-politicos-europeos.html\" target=\"_blank\" rel=\"noreferrer nofollow noopener\" title=\"https:\/\/elpais.com\/internacional\/2025-11-28\/dmitri-muratov-periodista-ruso-represaliado-putin-se-ha-reido-de-los-politicos-europeos.html\">Dmitri Mur\u00e1tov<\/a>. En los 33 a\u00f1os de historia de nuestro partido, seis miembros han sido asesinados por sus convicciones pol\u00edticas.<\/p>\n<p class=\"\">Sabemos que es peligroso, pero un mill\u00f3n de personas han manifestado estar dispuestas a votar por Y\u00e1bloko pese a la censura, las presiones y la intimidaci\u00f3n. Incluso las encuestas de la agencia estatal VTsIOM mostraban antes de empezar la campa\u00f1a electoral que el 18% de los electores considerar\u00eda darnos su voto, pese a habernos mostrado a diario en televisi\u00f3n como el enemigo.<\/p>\n<p class=\"\"><b>P. <\/b>El Kremlin aprob\u00f3 la inscripci\u00f3n electoral de Y\u00e1bloko en un primer momento y luego la anul\u00f3. \u00bfPor qu\u00e9? \u00bfHubo contactos con la Administraci\u00f3n?<\/p>\n<p class=\"\"><b>R.<\/b> No, no s\u00e9 qu\u00e9 sucedi\u00f3. Lo que piensen o hagan las autoridades es asunto de las autoridades; no sabemos qu\u00e9 funcionario fue a qu\u00e9 oficina y dijo qu\u00e9 sobre nosotros a qui\u00e9n. No podemos estar amold\u00e1ndonos a circunstancias externas. Nuestras posiciones centrales son conocidas desde 1993. Una, escrita desde el principio en nuestro memorando fundacional, ya entonces con <a href=\"https:\/\/elpais.com\/diario\/2009\/04\/17\/internacional\/1239919208_850215.html\" target=\"_self\" rel=\"nofollow noopener\" title=\"https:\/\/elpais.com\/diario\/2009\/04\/17\/internacional\/1239919208_850215.html\">el conflicto de Chechenia<\/a>, es que no debe haber guerras en Rusia. La segunda, relativa a su pregunta sobre convocar protestas, es que los medios para lograr nuestros objetivos no son menos importantes que los objetivos mismos. Todos nos conocen. Somos quienes somos y no hemos cambiado.<\/p>\n<p class=\"\"><b>P.<\/b> \u00bfEst\u00e1 preparado para una escalada en la represi\u00f3n contra usted?<\/p>\n<p class=\"\"><b>R. <\/b>Todo es posible, s\u00ed. \u00bfSe puede estar preparado para esto? No lo s\u00e9, probablemente no. Pero no se puede vivir pensando en ello constantemente. Seguiremos trabajando.<\/p>\n<p><img alt=\"\" decoding=\"auto\" class=\"_re lazyload a_m-h\" height=\"251\"  width=\"414\"  src=\"https:\/\/www.europesays.com\/es\/wp-content\/uploads\/2026\/08\/KVI7E5DVCZDXRCCVYUWY4VQTKI.jpg\" loading=\"lazy\" fetchpriority=\"low\"\/>El partido opositor Y\u00e1bloko (manzana, en ruso) no podr\u00e1 presentarse a las elecciones legislativas de septiembre.Javier Gonz\u00e1lez<\/p>\n<p class=\"\"><b>P. <\/b>\u00bfC\u00f3mo se puede parar la guerra?<\/p>\n<p class=\"\"><b>R.<\/b> Lo m\u00e1s importante ahora es declarar un alto el fuego inmediato para que la gente deje de matarse. Los pol\u00edticos, que no se matan entre ellos, podr\u00e1n sentarse a negociar despu\u00e9s todo el tiempo que necesiten. Mientras unos se sientan en la mesa de negociaciones, otras mueren: ni\u00f1os, ancianos, soldados, civiles&#8230;<\/p>\n<p class=\"\"><b>P. <\/b>\u00bfY\u00e1bloko contempla concesiones territoriales o el reconocimiento de la anexi\u00f3n rusa de Crimea?<\/p>\n<p class=\"\"><b>R.<\/b> No es necesario discutir sobre esto ahora, lo importante es parar de matarse. Y a cualquiera que hable de esto en Europa, le sugiero que vaya al frente y muera all\u00ed, porque mientras algunos hablan de ello, otros mueren por ello. No se resolver\u00e1 nada mientras la gente siga mat\u00e1ndose. Existe la idea err\u00f3nea de que las partes deben llegar a la mesa de negociaci\u00f3n con \u00e9xitos militares en el frente. Y tan pronto comienzan los preparativos, se intensifican los combates y el di\u00e1logo es interrumpido. Es imposible negociar nada mientras contin\u00faen las hostilidades. Todo lo dem\u00e1s se discutir\u00e1 el tiempo que sea necesario.<\/p>\n<p class=\"\">Por otro lado, la idea de una posible derrota de Rusia es sumamente peligrosa y perjudicial. Una potencia nuclear no puede ser derrotada, y los intentos de lograr su derrota total conducir\u00e1n a una guerra nuclear. Y esta ser\u00e1 breve y mutuamente destructiva, nadie podr\u00e1 decir que se equivoc\u00f3 porque no quedar\u00e1 nadie.<\/p>\n<p class=\"\"><b>P. <\/b>\u00bfNos hemos acostumbrado a convivir con el riesgo de una gran guerra en Europa?<\/p>\n<p class=\"\"><b>R. <\/b>\u00bfC\u00f3mo no iba a ser as\u00ed? Todos los d\u00edas escuchamos noticias de muertos, y quienes toman decisiones desconf\u00edan unos de otros. La gente no cree que pueda haber un conflicto nuclear porque ha pasado demasiado tiempo desde Hiroshima y Nagasaki. Parece un cuento de hadas. Sin embargo, si ocurre una aniquilaci\u00f3n mutua total, el planeta se quedar\u00e1 con cucarachas que no sabr\u00e1n que el presidente Putin existi\u00f3, d\u00f3nde estaba la frontera ni qui\u00e9n inici\u00f3 la guerra.<\/p>\n<p class=\"\"><b>P. <\/b>Las encuestas muestran que tres de cada cuatro rusos apoyan a su presidente, pero la mayor\u00eda est\u00e1n hastiados de la guerra. \u00bfPodr\u00eda Putin ponerle fin ma\u00f1ana mismo?<\/p>\n<p class=\"\"><b>R. <\/b>Absolutamente. Un rasgo distintivo del presidente Putin es que si decide un alto el fuego, esta decisi\u00f3n ser\u00e1 acatada por toda la c\u00fapula dirigente. Que iba a ser aceptada por la sociedad est\u00e1 claro, pero tambi\u00e9n ser\u00e1 aceptada por las autoridades. Por supuesto, hay fuerzas oscuras que quieren que el r\u00e9gimen prosiga la guerra y sea brutal, pero la inmensa mayor\u00eda lo apoyar\u00e1. Por eso es clave que el propio Putin, como pol\u00edtico, vea esta demanda de la sociedad, no solo el apoyo ciego a sus decisiones.<\/p>\n<p class=\"\"><b>P. <\/b>Para una hipot\u00e9tica transici\u00f3n a la democracia, \u00bfhabr\u00e1 que llegar a acuerdos con el entorno de Putin, incluso si son criminales de guerra?<\/p>\n<p class=\"\"><b>R. <\/b>Para restablecer la paz estamos dispuestos a hablar con cualquiera, ya lo hizo [el fundador del partido] Yablinski con Putin. En cuanto a la democracia, esta no la puede establecer desde dentro la Administraci\u00f3n presidencial. Como sucedi\u00f3 con la Perestroika, ese momento llegar\u00e1 de todos modos, desde dentro o desde otros \u00e1mbitos. La cuesti\u00f3n es que aquellos que lleguen al poder comprendan por qu\u00e9 han llegado ah\u00ed y qu\u00e9 deben hacer con \u00e9l. <\/p>\n<p class=\"\">La \u00faltima vez que la gente crey\u00f3 en el cambio, vio sus esperanzas frustradas. La gente perdi\u00f3 la fe en la pol\u00edtica en los noventa porque quienes llevaron a cabo las reformas no eran dem\u00f3cratas, pero dec\u00edan serlo porque era popular.<\/p>\n","protected":false},"excerpt":{"rendered":"Miles de ciudadanos y opositores rusos mostraron su apoyo este verano a un hist\u00f3rico partido, Y\u00e1bloko, cuando el&hellip;\n","protected":false},"author":2,"featured_media":724629,"comment_status":"","ping_status":"","sticky":false,"template":"","format":"standard","meta":{"footnotes":""},"categories":[42],"tags":[8738,17,18,70,71,72,700,13,14,69,7082,11,61,62,63,64,19,20,9,10,15,16,1613,1614,12,7081,21,22,1617,65,66,67],"class_list":["post-724628","post","type-post","status-publish","format-standard","has-post-thumbnail","category-internacional","tag-ataques-militares","tag-breaking-news","tag-breakingnews","tag-conflictos","tag-conflictos-armados","tag-conflictos-internacionales","tag-europa","tag-featured-news","tag-featurednews","tag-guerra","tag-guerra-de-rusia-en-ucrania","tag-headlines","tag-internacional","tag-international","tag-international-news","tag-internationalnews","tag-latest-news","tag-latestnews","tag-news","tag-noticias","tag-noticias-destacadas","tag-noticiasdestacadas","tag-otan","tag-rusia","tag-titulares","tag-ucrania","tag-ultimas-noticias","tag-ultimasnoticias","tag-union-europea","tag-world","tag-world-news","tag-worldnews"],"share_on_mastodon":{"url":"","error":"Validation failed: Text character limit of 500 exceeded"},"_links":{"self":[{"href":"https:\/\/www.europesays.com\/es\/wp-json\/wp\/v2\/posts\/724628","targetHints":{"allow":["GET"]}}],"collection":[{"href":"https:\/\/www.europesays.com\/es\/wp-json\/wp\/v2\/posts"}],"about":[{"href":"https:\/\/www.europesays.com\/es\/wp-json\/wp\/v2\/types\/post"}],"author":[{"embeddable":true,"href":"https:\/\/www.europesays.com\/es\/wp-json\/wp\/v2\/users\/2"}],"replies":[{"embeddable":true,"href":"https:\/\/www.europesays.com\/es\/wp-json\/wp\/v2\/comments?post=724628"}],"version-history":[{"count":0,"href":"https:\/\/www.europesays.com\/es\/wp-json\/wp\/v2\/posts\/724628\/revisions"}],"wp:featuredmedia":[{"embeddable":true,"href":"https:\/\/www.europesays.com\/es\/wp-json\/wp\/v2\/media\/724629"}],"wp:attachment":[{"href":"https:\/\/www.europesays.com\/es\/wp-json\/wp\/v2\/media?parent=724628"}],"wp:term":[{"taxonomy":"category","embeddable":true,"href":"https:\/\/www.europesays.com\/es\/wp-json\/wp\/v2\/categories?post=724628"},{"taxonomy":"post_tag","embeddable":true,"href":"https:\/\/www.europesays.com\/es\/wp-json\/wp\/v2\/tags?post=724628"}],"curies":[{"name":"wp","href":"https:\/\/api.w.org\/{rel}","templated":true}]}}