{"id":724760,"date":"2026-08-22T06:36:15","date_gmt":"2026-08-22T06:36:15","guid":{"rendered":"https:\/\/www.europesays.com\/es\/724760\/"},"modified":"2026-08-22T06:36:15","modified_gmt":"2026-08-22T06:36:15","slug":"jeanie-buss-la-guardiana-de-los-angeles-lakers-busca-retener-su-trono-expansion","status":"publish","type":"post","link":"https:\/\/www.europesays.com\/es\/724760\/","title":{"rendered":"Jeanie Buss, la guardiana de Los Angeles Lakers busca retener su trono &#8211; Expansi\u00f3n"},"content":{"rendered":"<ol>\n<li><a href=\"https:\/\/news.google.com\/rss\/articles\/CBMimAFBVV95cUxNM1FNSlppR3pacGhyVEZjM242SDZNU3paMFBaWTlmcExYLWVtZ2NRbTRkNkZFS0NJcTRiNGJCVWhUR2xjMktZVElmbGdaamp0S3hWbmlQcmNNUTh6OUlfNzZ3ak5GZFZ0eEdjQU1BaEdxTTNTa1lIMXJVcC1WMVozbkRJWm1UN3V4YXFfdXpDTWo2Q2ZJelpTTNIBmAFBVV95cUxNc0dEOUMzZDQwUmVTMFdpcmdsUXVUdk9wZHRJLVBoN2NoRnhoLU5VSmh1bHBvMHM0THQ3NFNSWGRwc0JCTFR3T2JKRkZVSWRMbEg2TlNtYlgxTDNBZVllWnFHcmh4UUlyZXlHYjVfNkprU01TVVdHWlNVZTVka1RoMU1RLVJZS0RCRDFTaG1GajcweGFicnRRcg?oc=5\" target=\"_blank\" rel=\"nofollow noopener\">Jeanie Buss, la guardiana de Los Angeles Lakers busca retener su trono<\/a>&nbsp;&nbsp;Expansi\u00f3n<\/li>\n<li><a href=\"https:\/\/news.google.com\/rss\/articles\/CBMijgFBVV95cUxOcW1CdWU5amhZY0lvVEFETUczRTBsUGJfZVVISlF2UWJXRWhUdEdNcnR2SEFRM0NycXFKUHN5ZUQtZWNQc0ljZEQwS3ZsNHd1eDg1R2pqYW02NjNoRW10VC13NlpHb19USE9mVlpON0dCd2otMVFpU0JJMGxVS2NBQ3pTSDFwR2tOcTZ5Unpn0gGiAUFVX3lxTE9JVWFaSnJReUpYUFVnR3p0UnFxYllBaFdoWEZoRUtYcS1qZC1rXy1rcDJrT3VXTG14R1ZZLWhRTTB6TTN6WWtvLXZDWmdfNEFjaHpON1h5OUh4Z180VThiSHY5ZVdUUDJCWWhWcTNRZHVhN1pFVnFYSUphdzhNLXp3WDJTekYxUmc1VlZta3J2QzFkaFFDX0VFQ1FLeFg0NHdjdw?oc=5\" target=\"_blank\" rel=\"nofollow noopener\">Los Lakers y la guerra por el alma de la NBA<\/a>&nbsp;&nbsp;Diario AS<\/li>\n<li><a href=\"https:\/\/news.google.com\/rss\/articles\/CBMiswFBVV95cUxNWnNKR2JFUzUydmp4bGpvMlI1bjJad0ZkWUU4bjU3QmNlVnFPQm9ya0xDdG5QcWdjejVpc3B6Mm9pYTRzZi04dEx1NWdzLUdXQkcydVRLSUtpVm4yT0tkN3FfM0REaUMycFdPeUNJOWMxUWM1R0NVcm13RWt1Q2xEd21vRU91cDMzblNUS3JEWkN2c2lBaUU5Z2N0VTlTc1pfc0owTkRfYk1zMXAyU253ZEVRZ9IBswFBVV95cUxQRFlLT1JfSm51ZWlDRTkxaTA0a19lOV9VZm9fSHphWWhCODB3blpfOWJvS1ZwWkFXSW94QVg5cEM0S0V4U1Z0M0xGbi12elNGQ0hOQS1CVWxQenNRMTRjSG1mOVBBYnRSQkVjLVFNU1VaZVBlS1FXX3piTEpBbk8tcUozd1B1TV8yOWxyS21LeVVjTEZVYkxlYTNadk9sU2k0blJ0WlFZZ201Z3FTdnlNR2toQQ?oc=5\" target=\"_blank\" rel=\"nofollow noopener\">Checo P\u00e9rez puede respirar en F1 por investigaci\u00f3n del FBI a due\u00f1o de Cadillac<\/a>&nbsp;&nbsp;MARCA<\/li>\n<li><a href=\"https:\/\/news.google.com\/rss\/articles\/CBMiywFBVV95cUxOVzJHMlVUczlGdG00QXgxNFFucmVkdUtrbjNlRG9VSmFRaGJzTDFCTzF5cWk0WnJZeWNqVEdwdVIyekZid1FZcUdyVnR0T1VHZjFaNHgzbGw0WFdyenNCelFXMG9yUElFak1yamlYUUppNzNRRlhySksyVU85Tmxma1djaW1SSnI1S1BpaFNtY3VvdXl1TU5RdHNjaFBvRi1LUVdqZlVUODdfdjItRWctelpoN3JYREJ5Mzl1bk55c0hsQnlfQ2x4akk5SdIB2AFBVV95cUxQdm1ERkJNU1BDLTFJaU1lTzg1aXZJdXNSbUZGdGR2SkdNSWVTMFpub0RFcTJ1V2VmRG9wMWU1NlFzT0lxN25QLVNEdkV4djJyRlFZT3JwMTd0eHNLX0VQb1hFRlg3T0lqcHRXN1JQcjd3VjgwbE90RERuaHVRZm9TdVRlRmMwZkh5dWVhelluSnBPVXNRakJGSjkwMEFwaVNjOXV5Z2E2NEZQX0dpNVJhbmJDZ2NBT3gtQUptaVVCN0FuWlZlaUpiOFVPWlhWM0xGbDM0V2tiY0M?oc=5\" target=\"_blank\" rel=\"nofollow noopener\">Esperanza para Doncic: el pacto que podr\u00eda solucionar la guerra de la familia Buss en los Lakers<\/a>&nbsp;&nbsp;Mundo Deportivo<\/li>\n<li><a href=\"https:\/\/news.google.com\/rss\/articles\/CBMimAFBVV95cUxQOHE4c1gtbXhlZVMtOHFiUk1nNTdfcmFjdU1lWmZ5R1BLbmFUclZPZWlMRnNDemhPQ3c1NWVJWjI4UDZqLUU4UzBKS0VLZ0t6MFNvLUFvVmJhNEgxRW5TZmFreFU4MF9xdWxoRFQ0N3VBcjZxRnNCSHhnWVBvYzkxUmNBb1RNX2FsUTQtYWd5ZW9kMnlVLXV4eA?oc=5\" target=\"_blank\" rel=\"nofollow noopener\">Marcin Budkowski desmiente rumores sobre la venta de la escuder\u00eda Cadillac<\/a>&nbsp;&nbsp;Diariomotor<\/li>\n<\/ol>\n","protected":false},"excerpt":{"rendered":"Jeanie Buss, la guardiana de Los Angeles Lakers busca retener su trono&nbsp;&nbsp;Expansi\u00f3n Los Lakers y la guerra por&hellip;\n","protected":false},"author":2,"featured_media":724761,"comment_status":"","ping_status":"","sticky":false,"template":"","format":"standard","meta":{"footnotes":""},"categories":[269],"tags":[299,298,168,42352,25,24,6874,23,167],"class_list":["post-724760","post","type-post","status-publish","format-standard","has-post-thumbnail","category-baloncesto","tag-baloncesto","tag-basketball","tag-deportes","tag-directivos-deporte-negocio","tag-es","tag-espana","tag-protagonistas","tag-spain","tag-sports"],"share_on_mastodon":{"url":"https:\/\/pubeurope.com\/@es\/117137780880558958","error":""},"_links":{"self":[{"href":"https:\/\/www.europesays.com\/es\/wp-json\/wp\/v2\/posts\/724760","targetHints":{"allow":["GET"]}}],"collection":[{"href":"https:\/\/www.europesays.com\/es\/wp-json\/wp\/v2\/posts"}],"about":[{"href":"https:\/\/www.europesays.com\/es\/wp-json\/wp\/v2\/types\/post"}],"author":[{"embeddable":true,"href":"https:\/\/www.europesays.com\/es\/wp-json\/wp\/v2\/users\/2"}],"replies":[{"embeddable":true,"href":"https:\/\/www.europesays.com\/es\/wp-json\/wp\/v2\/comments?post=724760"}],"version-history":[{"count":0,"href":"https:\/\/www.europesays.com\/es\/wp-json\/wp\/v2\/posts\/724760\/revisions"}],"wp:featuredmedia":[{"embeddable":true,"href":"https:\/\/www.europesays.com\/es\/wp-json\/wp\/v2\/media\/724761"}],"wp:attachment":[{"href":"https:\/\/www.europesays.com\/es\/wp-json\/wp\/v2\/media?parent=724760"}],"wp:term":[{"taxonomy":"category","embeddable":true,"href":"https:\/\/www.europesays.com\/es\/wp-json\/wp\/v2\/categories?post=724760"},{"taxonomy":"post_tag","embeddable":true,"href":"https:\/\/www.europesays.com\/es\/wp-json\/wp\/v2\/tags?post=724760"}],"curies":[{"name":"wp","href":"https:\/\/api.w.org\/{rel}","templated":true}]}}