{"id":725016,"date":"2026-08-22T09:58:21","date_gmt":"2026-08-22T09:58:21","guid":{"rendered":"https:\/\/www.europesays.com\/es\/725016\/"},"modified":"2026-08-22T09:58:21","modified_gmt":"2026-08-22T09:58:21","slug":"ultima-hora-politica-en-directo-una-asociacion-de-inmigrantes-marroquies-pide-no-trasladar-la-responsabilidad-de-los-menores-en-ceuta-a-las-ong-el-espanol","status":"publish","type":"post","link":"https:\/\/www.europesays.com\/es\/725016\/","title":{"rendered":"\u00daltima hora pol\u00edtica, en directo | Una asociaci\u00f3n de inmigrantes marroqu\u00edes pide no trasladar la responsabilidad de los menores en Ceuta a las ONG &#8211; El Espa\u00f1ol"},"content":{"rendered":"<ol>\n<li><a href=\"https:\/\/news.google.com\/rss\/articles\/CBMigwJBVV95cUxPTnN4eFM4YV85OXh6QjBUcDh5ZnZZYi16X1Noc3pwMjVOcF9zWUdCcjdIOVptRHhaNFp3NnJHN1g3Q01iZE01ZzhQd3BMSktLb3ZmWDZ2b2dSR1Jnakd4eE1ZbUtyYnZEQjVCVFROazVYVC10eTFxV2RQS1Bxbmd5N0hYWXNQWTU3eTA1TWZfbW1aXzJ1OXJtQ3l4SFc1SGlRSnFuTXhOdHJDY2NZdkRKdkVVSDd5bk5VMnVuYWFMaTVsTktoWUlsRXJwNmZITDV4UVpZNy1weFlpM2dlZ3JlR3BoczJ0eWEwd1BMcGhjLXEycDBDY25xb01MdlJMdV9KX1RV?oc=5\" target=\"_blank\" rel=\"nofollow noopener\">\u00daltima hora pol\u00edtica, en directo | Una asociaci\u00f3n de inmigrantes marroqu\u00edes pide no trasladar la responsabilidad de los menores en Ceuta a las ONG<\/a>&nbsp;&nbsp;El Espa\u00f1ol<\/li>\n<li><a href=\"https:\/\/news.google.com\/rss\/articles\/CBMixgFBVV95cUxNTHhSUUdnYWw2LTNwVHpwX0l0d1g5T1c0U21rOENoelZqeUhIemNpYktXeUxrTGROcWw5cmVSMjVXajFqNE9rT21TOVFUd2psdW03RGczSkpZTHdtbTMxd3V0cjZoWFo4dmhFQzJ5Y0R0bmwtVjVobXVOVk85YmlIYzlCY194RmI0bUlJRndSa1hMZXVRWmw0LTI3LVZySGhQa3VCZXN0UkMwUkc5Nzg4V3Y0ckhOSFIzbVhKd21XR1JEM3RKZXfSAcsBQVVfeXFMTnR5TmJKZVktUS1TMkVJanNEYy1jMWN4blNjN2ZUdEhuSUxhRURkTTV0UkhLaTFDTkgwSGltOENmbG5iVkR4Z2lHNUNsdURMT2tvM1pqd0QxRE80MjB6YUN3VW9OTWlSY0tnUW5wcmhXMUhpR2tzMDBMLTdLM0I3ZWpVc0lGdE9WSTZXSmIzUFdsdHJJc0NQdEVuU0U1RExQZnQ0eHlvVmdfM1BNbGljOWxyTTZEdFRiLXZMMldGV09PQlJhU0VoRHdRSVk?oc=5\" target=\"_blank\" rel=\"nofollow noopener\">Human Rights Watch denuncia que en Ceuta se ha dejado a miles de personas en un \u201cvac\u00edo legal\u201d<\/a>&nbsp;&nbsp;La Vanguardia<\/li>\n<li><a href=\"https:\/\/news.google.com\/rss\/articles\/CBMijwJBVV95cUxORVByRlB1T0gwamJ5N29qTzdsRW1QNFFWU282bzc4NlFZOVhNMmtmQkQyQVFXaHJ6ZGNkbnpYbEFSQzNPb3lwLTdwRzgzeTJoZ2FnYnR0ZFRqS3E5cXJYZWRxdjVNVmFnM2Z4Z1NwYjI3QUR6b3hJZWtDOTJwazRFNFRYWHZrd0RUenBCMkc3aUVPSjRGM0JQWWlHaW5lYzJITjJ1Znh1dUVyU3lhcHdkRl9QYlYtRWFRR294aUhQc0JsSF9RbVJucXJGbUdTeFhmTjlZMlBmbV9ZV21WZm81ZXZCSURZLXpDc2xXeE1QNk5scVhQNEJHR005SDBEZ1FBRzVpT2F5WkZvZHdEZmw00gGjAkFVX3lxTE1xaS1JYlRBQW1hRU5YSFd0Qzl0MGgzSHhsTGkzR281UXUtVVJrZHdjdXd6TjNWdDJOTzd3U3ZraW9YNjYtQUV6TVkxUFRXUlQwTkFEaDlnY2laREh0MEFsMGtObEZ5cUVqWVd4eHpiOG5DQWx3Z3NmbHYyNS1wOGNNcVVUc3NBSGozR1pQTGc5em9GREpFMEh1TjI3S0luYUZxTm5KWURoV3c1OWQ5MHRrekZ3bzBWeUxhb28zc0VyZ3RDeG13akF6NnFNVXNCeEppYk5kWVdUcEtHQTJTRkNOZjlKRjY2VDhhNGdpMGpfYW1PaExoY2RZbHlpYjRQQ2JKSW0tcVhrSS1oeHJfYjlheUNnUTZMQjI0dkpEZjJSZWcwQQ?oc=5\" target=\"_blank\" rel=\"nofollow noopener\">V\u00cdDEO | La ONG Human Rights pide valorar el estatus de refugiado: as\u00ed fue &#8216;El Abierto&#8217; de &#8216;Hoy por Hoy&#8217; de este viernes, 21 de agosto<\/a>&nbsp;&nbsp;Cadena SER<\/li>\n<li><a href=\"https:\/\/news.google.com\/rss\/articles\/CBMikAFBVV95cUxNUVNKb2tOeDZrMV9KeWZ5U3NHSUhjNXVuMVBqQmlHc0gxaGJRYlZtYTVmR0dmdURwSl9iYW5qMG4yaFJTZVNSTWY3VGFrU2ZWeUxfbTVTMFpETlJ5bDFUVXpFRE01clhpQ1RQcFF0STRxd1J5RlRvNGx6R0k2OE9IOW0weUVDWXpVYzJHSWQwclk?oc=5\" target=\"_blank\" rel=\"nofollow noopener\">Espa\u00f1a: Crisis humanitaria y de derechos en Ceuta<\/a>&nbsp;&nbsp;Human Rights Watch<\/li>\n<li><a href=\"https:\/\/news.google.com\/rss\/articles\/CBMi2gFBVV95cUxPTHJxcUFxZU8tVG1GZlV2ZWt5ejBJbmpMaC1PQ3hacDNRajIwR29tQU5RanpYcFZVOW9XblBOWF9sNFVQWGNCNVdqR3NDNmFfS0YzTVNlZ0kyMzFLZDRXUVNnY2pmV0JwVl9BSEthVmR0Qk1ENV9SMXpDM202cDhVUTVNc2lmSFk0TUQ0LXNxbEZ3YWgySG9Rc1ZnTGZhS2dRTGlvQ0hETnBFMlNwYWVsVzY4VFdNSUZLb2d4NC0xX0lfUWdaM1JtXzFia2JGR2pWaXZyWU94ZXpwZ9IB9AFBVV95cUxQeThEbmY1eTc4TWFkYVliajUzRmcwZEMxbENWbkJhY05iMkxXVGc5dHZJdDloaHZrUnJPZVFBejZjQTlyV2RkY0MwMVUzV3FpOWJZbVRIOVNUc29jdTBLeG1CMkpZZWo1RW1JV0s5X1l0WEo2bWlEa1V4aFRDemcxNHFsa1ZEUml6VEdWX2kxN3FqSUNubDlPelZYZGg5a05FemduNDVOQWxxRHlGdzBQd2ZYa042dVplSjJ2NUJmcE9WdktLbnZlV1ZwcXdDczZyd1QxWGx3a2F0Z0I4X0tTeUdUd3VMSHprRFFYRExCU0Zzb0lM?oc=5\" target=\"_blank\" rel=\"nofollow noopener\">Asociaci\u00f3n Marroqu\u00ed pide no trasladar la responsabilidad de los menores en Ceuta a las ONG<\/a>&nbsp;&nbsp;Infobae<\/li>\n<\/ol>\n","protected":false},"excerpt":{"rendered":"\u00daltima hora pol\u00edtica, en directo | Una asociaci\u00f3n de inmigrantes marroqu\u00edes pide no trasladar la responsabilidad de los&hellip;\n","protected":false},"author":2,"featured_media":725017,"comment_status":"","ping_status":"","sticky":false,"template":"","format":"standard","meta":{"footnotes":""},"categories":[42],"tags":[17,18,4486,24,13,14,11,61,62,63,64,19,20,4485,1567,890,9,10,15,16,952,6912,12,21,22,65,66,67],"class_list":["post-725016","post","type-post","status-publish","format-standard","has-post-thumbnail","category-internacional","tag-breaking-news","tag-breakingnews","tag-ceuta","tag-espana","tag-featured-news","tag-featurednews","tag-headlines","tag-internacional","tag-international","tag-international-news","tag-internationalnews","tag-latest-news","tag-latestnews","tag-marruecos","tag-menores","tag-migrantes","tag-news","tag-noticias","tag-noticias-destacadas","tag-noticiasdestacadas","tag-politica","tag-senado","tag-titulares","tag-ultimas-noticias","tag-ultimasnoticias","tag-world","tag-world-news","tag-worldnews"],"share_on_mastodon":{"url":"","error":"Validation failed: Text character limit of 500 exceeded"},"_links":{"self":[{"href":"https:\/\/www.europesays.com\/es\/wp-json\/wp\/v2\/posts\/725016","targetHints":{"allow":["GET"]}}],"collection":[{"href":"https:\/\/www.europesays.com\/es\/wp-json\/wp\/v2\/posts"}],"about":[{"href":"https:\/\/www.europesays.com\/es\/wp-json\/wp\/v2\/types\/post"}],"author":[{"embeddable":true,"href":"https:\/\/www.europesays.com\/es\/wp-json\/wp\/v2\/users\/2"}],"replies":[{"embeddable":true,"href":"https:\/\/www.europesays.com\/es\/wp-json\/wp\/v2\/comments?post=725016"}],"version-history":[{"count":0,"href":"https:\/\/www.europesays.com\/es\/wp-json\/wp\/v2\/posts\/725016\/revisions"}],"wp:featuredmedia":[{"embeddable":true,"href":"https:\/\/www.europesays.com\/es\/wp-json\/wp\/v2\/media\/725017"}],"wp:attachment":[{"href":"https:\/\/www.europesays.com\/es\/wp-json\/wp\/v2\/media?parent=725016"}],"wp:term":[{"taxonomy":"category","embeddable":true,"href":"https:\/\/www.europesays.com\/es\/wp-json\/wp\/v2\/categories?post=725016"},{"taxonomy":"post_tag","embeddable":true,"href":"https:\/\/www.europesays.com\/es\/wp-json\/wp\/v2\/tags?post=725016"}],"curies":[{"name":"wp","href":"https:\/\/api.w.org\/{rel}","templated":true}]}}