{"id":725022,"date":"2026-08-22T10:04:23","date_gmt":"2026-08-22T10:04:23","guid":{"rendered":"https:\/\/www.europesays.com\/es\/725022\/"},"modified":"2026-08-22T10:04:23","modified_gmt":"2026-08-22T10:04:23","slug":"richard-t-lee-y-los-4-aces-mandan-en-el-liv-golf-indianapolis-a-falta-de-36-hoyos","status":"publish","type":"post","link":"https:\/\/www.europesays.com\/es\/725022\/","title":{"rendered":"Richard T Lee y los 4 Aces mandan en el LIV Golf Indian\u00e1polis a falta de 36 hoyos"},"content":{"rendered":"<p>&#13;<br \/>\n        &#13;<br \/>\n&#13;<br \/>\n        &#13;<\/p>\n<p>            <a href=\"https:\/\/www.europesays.com\/es\/wp-content\/uploads\/2026\/08\/rahmlivindianpolis26.jpg\" data-caption=\"Jon Rahm. (Photo by Pedro Salado\/LIV Golf)\"><img decoding=\"async\" loading=\"lazy\" width=\"2000\" height=\"1333\" class=\"entry-thumb td-modal-image\" src=\"https:\/\/www.europesays.com\/es\/wp-content\/uploads\/2026\/08\/rahmlivindianpolis26.jpg\" alt=\"Jon Rahm. (Photo by Pedro Salado\/LIV Golf)\" title=\"LIV Golf Indianapolis - First Round\"\/><\/a>Jon Rahm. (Photo by Pedro Salado\/LIV Golf)<\/p>\n<p>            El canadiense Richard T. Lee (-11) es el l\u00edder en solitario del LIV Golf Indian\u00e1polis a falta de 36 hoyos. Ser\u00eda casi recalcitrante que la \u00faltima victoria en la era saud\u00ed de este circuito que ha llevado la bandera de los equipos a su m\u00e1xima expresi\u00f3n, al menos en lo q<\/p>\n<p>Para seguir leyendo, Suscr\u00edbete<\/p>\n<p>    Subscription OptionsMENSUAL<\/p>\n<p>Unlimited  Entradas<\/p>\n<p>Unlimited  Galer\u00edas<\/p>\n<p>Unlimited  \u00c1lbumes<\/p>\n<p>Unlimited  P\u00e1ginas<\/p>\n<p>ANUAL + LIBRO<\/p>\n<p>Unlimited  Entradas<\/p>\n<p>Unlimited  Galer\u00edas<\/p>\n<p>Unlimited  \u00c1lbumes<\/p>\n<p>Unlimited  P\u00e1ginas<\/p>\n<p>ANUAL<\/p>\n<p>Unlimited  Entradas<\/p>\n<p>Unlimited  Galer\u00edas<\/p>\n<p>Unlimited  \u00c1lbumes<\/p>\n<p>Unlimited  P\u00e1ginas<\/p>\n<p>    Recibe 30 mulligans para gastar en <a href=\"https:\/\/thegame.ten-golf.com\" target=\"_blank\" rel=\"nofollow noopener\">TheGame<\/a> junto a tu suscripci\u00f3n anual (al final de la temporada se quitar\u00e1n los mulligans no gastados)<\/p>\n<p>    Pincha <a href=\"https:\/\/ten-golf.com\/tengolf-pone-en-marcha-el-muro-de-pago-y-crea-el-club-tengolf\" target=\"_blank\" rel=\"nofollow noopener\">aqu\u00ed<\/a> para saber m\u00e1s sobre las distintas suscripciones<\/p>\n<p>        &#13;<br \/>\n&#13;<br \/>\n        &#13;<br \/>\n            &#13;<br \/>\n            &#13;<br \/>\n&#13;<\/p>\n<p class=\"join-telegram\"><img decoding=\"async\" class=\"loading\" src=\"https:\/\/www.europesays.com\/es\/wp-content\/uploads\/2026\/08\/1787393063_763_telegram-icon.png\" alt=\"\"\/> S\u00edguenos tambi\u00e9n en <a href=\"https:\/\/telegram.org\/\" target=\"_blank\" style=\"font-weight: normal;\" rel=\"nofollow noopener\">Telegram<\/a> en el canal <a href=\"https:\/\/t.me\/tengolf\" target=\"_blank\" rel=\"nofollow\">@tengolf<\/a><\/p>\n<p>        &#13;<br \/>\n        <a class=\"will-load\" name=\"end-article\" data-id=\"post-225116\"\/>&#13;<\/p>\n","protected":false},"excerpt":{"rendered":"&#13; &#13; &#13; &#13; Jon Rahm. (Photo by Pedro Salado\/LIV Golf) El canadiense Richard T. Lee (-11) es&hellip;\n","protected":false},"author":2,"featured_media":725023,"comment_status":"","ping_status":"","sticky":false,"template":"","format":"standard","meta":{"footnotes":""},"categories":[275],"tags":[7058,168,25,24,329,390,7059,15998,968,21613,40572,336,339,340,1909,1910,77377,2625,23,167,75679],"class_list":["post-725022","post","type-post","status-publish","format-standard","has-post-thumbnail","category-golf","tag-david-puig","tag-deportes","tag-es","tag-espana","tag-golf","tag-jon-rahm","tag-josele-ballester","tag-laurie-canter","tag-liv-golf","tag-liv-golf-indianapolis","tag-luis-masaveu","tag-notificacion","tag-portada-america","tag-portada-global","tag-portada-top","tag-portada-top-america","tag-richard-t-lee","tag-sergio-garcia","tag-spain","tag-sports","tag-thomas-detry"],"share_on_mastodon":{"url":"https:\/\/pubeurope.com\/@es\/117138599964629246","error":""},"_links":{"self":[{"href":"https:\/\/www.europesays.com\/es\/wp-json\/wp\/v2\/posts\/725022","targetHints":{"allow":["GET"]}}],"collection":[{"href":"https:\/\/www.europesays.com\/es\/wp-json\/wp\/v2\/posts"}],"about":[{"href":"https:\/\/www.europesays.com\/es\/wp-json\/wp\/v2\/types\/post"}],"author":[{"embeddable":true,"href":"https:\/\/www.europesays.com\/es\/wp-json\/wp\/v2\/users\/2"}],"replies":[{"embeddable":true,"href":"https:\/\/www.europesays.com\/es\/wp-json\/wp\/v2\/comments?post=725022"}],"version-history":[{"count":0,"href":"https:\/\/www.europesays.com\/es\/wp-json\/wp\/v2\/posts\/725022\/revisions"}],"wp:featuredmedia":[{"embeddable":true,"href":"https:\/\/www.europesays.com\/es\/wp-json\/wp\/v2\/media\/725023"}],"wp:attachment":[{"href":"https:\/\/www.europesays.com\/es\/wp-json\/wp\/v2\/media?parent=725022"}],"wp:term":[{"taxonomy":"category","embeddable":true,"href":"https:\/\/www.europesays.com\/es\/wp-json\/wp\/v2\/categories?post=725022"},{"taxonomy":"post_tag","embeddable":true,"href":"https:\/\/www.europesays.com\/es\/wp-json\/wp\/v2\/tags?post=725022"}],"curies":[{"name":"wp","href":"https:\/\/api.w.org\/{rel}","templated":true}]}}