{"id":725138,"date":"2026-08-22T11:32:17","date_gmt":"2026-08-22T11:32:17","guid":{"rendered":"https:\/\/www.europesays.com\/es\/725138\/"},"modified":"2026-08-22T11:32:17","modified_gmt":"2026-08-22T11:32:17","slug":"aviso-de-la-aemet-para-este-sabado-tormentas-fuertes-granizo-y-subidas-de-mas-de-6-grados","status":"publish","type":"post","link":"https:\/\/www.europesays.com\/es\/725138\/","title":{"rendered":"Aviso de la AEMET para este s\u00e1bado: tormentas fuertes, granizo y subidas de m\u00e1s de 6 grados"},"content":{"rendered":"<p>La jornada de este <b>s\u00e1bado <\/b><b>22 de agosto de 2026<\/b> estar\u00e1 marcada por una notable dualidad meteorol\u00f3gica en todo el territorio nacional. El <b>desarrollo de una borrasca situada al oeste de la Pen\u00ednsula facilitar\u00e1 la entrada de aire m\u00e1s c\u00e1lido desde el sur<\/b>, lo que propiciar\u00e1 un importante repunte de los term\u00f3metros en el norte, mientras que el este peninsular y Baleares se ver\u00e1n sacudidos por chubascos tormentosos que podr\u00e1n ir localmente acompa\u00f1ados de granizo.<\/p>\n<p>Tormentas intensas en el Mediterr\u00e1neo y el valle del Ebro<\/p>\n<p>Durante la madrugada y buena parte del d\u00eda, la <b>inestabilidad se cebar\u00e1 con los litorales de Tarragona y de Castell\u00f3n<\/b>, as\u00ed como con la isla de Ibiza, donde se esperan chubascos fuertes o muy fuertes. Con el avance de las horas, estas precipitaciones podr\u00edan extenderse a \u00faltimas horas a otros puntos de la Comunidad Valenciana o Murcia.<\/p>\n<p>Ya por la tarde, el <b>riesgo de tormentas se trasladar\u00e1 al interior peninsular, resultando muy probables los chubascos en Navarra, Huesca y, de manera m\u00e1s intensa, en el valle del Ebro y el sistema Ib\u00e9rico<\/b>, donde los fen\u00f3menos podr\u00edan venir acompa\u00f1ados de granizo. En el resto del pa\u00eds predominar\u00e1n los cielos poco nubosos o despejados, con presencia de brumas o nieblas matinales en el alto Ebro, interior del Cant\u00e1brico, Huelva y Albacete, mientras que en Canarias los cielos estar\u00e1n nubosos en la vertiente norte con posibles precipitaciones d\u00e9biles.<\/p>\n<p>Contraste t\u00e9rmico y temperaturas extremas<\/p>\n<p>Las temperaturas m\u00e1ximas experimentar\u00e1n un ascenso generalizado en casi todo el pa\u00eds, destacando especialmente la <b>subida notable de m\u00e1s de 6 grados prevista en el \u00e1rea cant\u00e1brica y en Galicia, donde capitales como Oviedo y Santander registrar\u00e1n m\u00e1ximas de 26 y 24 grados respectivamente<\/b>, mientras que Ourense alcanzar\u00e1 los 35 grados y Toledo los 35. Por el contrario, los term\u00f3metros registrar\u00e1n descensos en el Levante, Baleares, Catalu\u00f1a y Canarias.<\/p>\n<p>Por su parte, las temperaturas m\u00ednimas ascender\u00e1n ligeramente en la meseta sur, sistemas B\u00e9ticos y Baleares, mientras que tender\u00e1n a bajar en el resto del territorio y en el archipi\u00e9lago canario, destacando <b>valores frescos como los 9 grados de Soria o los 10 de Burgos y Le\u00f3n<\/b>. En cuanto al viento, soplar\u00e1 flojo y de componente sur en la Pen\u00ednsula, m\u00e1s intenso del este en el Cant\u00e1brico y Galicia, y con alisios moderados en Canarias que rolar\u00e1n a norte por la tarde.<\/p>\n","protected":false},"excerpt":{"rendered":"La jornada de este s\u00e1bado 22 de agosto de 2026 estar\u00e1 marcada por una notable dualidad meteorol\u00f3gica en&hellip;\n","protected":false},"author":2,"featured_media":725139,"comment_status":"","ping_status":"","sticky":false,"template":"","format":"standard","meta":{"footnotes":""},"categories":[5],"tags":[2980,114673,17,18,13193,25,24,13,14,11,19,20,9,10,15,16,23,6195,12,21,22,1793],"class_list":["post-725138","post","type-post","status-publish","format-standard","has-post-thumbnail","category-titulares","tag-aemet","tag-b50m","tag-breaking-news","tag-breakingnews","tag-el-tiempo","tag-es","tag-espana","tag-featured-news","tag-featurednews","tag-headlines","tag-latest-news","tag-latestnews","tag-news","tag-noticias","tag-noticias-destacadas","tag-noticiasdestacadas","tag-spain","tag-temperaturas","tag-titulares","tag-ultimas-noticias","tag-ultimasnoticias","tag-verano"],"share_on_mastodon":{"url":"https:\/\/pubeurope.com\/@es\/117138944405618809","error":""},"_links":{"self":[{"href":"https:\/\/www.europesays.com\/es\/wp-json\/wp\/v2\/posts\/725138","targetHints":{"allow":["GET"]}}],"collection":[{"href":"https:\/\/www.europesays.com\/es\/wp-json\/wp\/v2\/posts"}],"about":[{"href":"https:\/\/www.europesays.com\/es\/wp-json\/wp\/v2\/types\/post"}],"author":[{"embeddable":true,"href":"https:\/\/www.europesays.com\/es\/wp-json\/wp\/v2\/users\/2"}],"replies":[{"embeddable":true,"href":"https:\/\/www.europesays.com\/es\/wp-json\/wp\/v2\/comments?post=725138"}],"version-history":[{"count":0,"href":"https:\/\/www.europesays.com\/es\/wp-json\/wp\/v2\/posts\/725138\/revisions"}],"wp:featuredmedia":[{"embeddable":true,"href":"https:\/\/www.europesays.com\/es\/wp-json\/wp\/v2\/media\/725139"}],"wp:attachment":[{"href":"https:\/\/www.europesays.com\/es\/wp-json\/wp\/v2\/media?parent=725138"}],"wp:term":[{"taxonomy":"category","embeddable":true,"href":"https:\/\/www.europesays.com\/es\/wp-json\/wp\/v2\/categories?post=725138"},{"taxonomy":"post_tag","embeddable":true,"href":"https:\/\/www.europesays.com\/es\/wp-json\/wp\/v2\/tags?post=725138"}],"curies":[{"name":"wp","href":"https:\/\/api.w.org\/{rel}","templated":true}]}}