{"id":72514,"date":"2025-08-26T02:52:12","date_gmt":"2025-08-26T02:52:12","guid":{"rendered":"https:\/\/www.europesays.com\/es\/72514\/"},"modified":"2025-08-26T02:52:12","modified_gmt":"2025-08-26T02:52:12","slug":"senales-electricas-del-cerebro-pueden-predecir-si-un-deterioro-cognitivo-leve-sera-en-dos-anos-alzheimer","status":"publish","type":"post","link":"https:\/\/www.europesays.com\/es\/72514\/","title":{"rendered":"Se\u00f1ales el\u00e9ctricas del cerebro pueden predecir si un deterioro cognitivo leve ser\u00e1 en dos a\u00f1os alzh\u00e9imer"},"content":{"rendered":"<p><strong>Redacci\u00f3n<\/strong><br \/>Investigadores del Instituto Carney para la Ciencia del Cerebro de la Universidad de Brown (Estados Unidos) han identificado un biomarcador a partir de <strong>se\u00f1ales el\u00e9ctricas del cerebro<\/strong> que podr\u00eda usarse para predecir si el deterioro cognitivo leve se convertir\u00e1 en <strong>enfermedad de Alzheimer<\/strong>.<\/p>\n<p>\u00abHemos detectado un patr\u00f3n en las se\u00f1ales el\u00e9ctricas de la actividad cerebral que <strong>predice<\/strong> qu\u00e9 pacientes tienen mayor<strong> probabilidad de desarrollar la enfermedad<\/strong> en un plazo de<strong> dos a\u00f1os y medio<\/strong>\u00ab, ha explicado la profesora de neurociencia Stephanie Jones en el centro que ha liderado este descubrimiento.<\/p>\n<p>\u00abHemos detectado un patr\u00f3n en las se\u00f1ales el\u00e9ctricas de la actividad cerebral que predice qu\u00e9 pacientes tienen mayor probabilidad de desarrollar la enfermedad en un plazo de dos a\u00f1os y medio\u00bb<\/p>\n<p>Seg\u00fan publica<a href=\"https:\/\/direct.mit.edu\/imag\/article\/doi\/10.1162\/IMAG.a.69\/131452\/High-power-transient-12-30-Hz-beta-event-features\" target=\"_blank\" rel=\"noopener nofollow\"> Imaging Neuroscience,<\/a> y recoge Europa Press, el equipo de investigaci\u00f3n, en el que ha colaborado la Universidad Complutense de Madrid (UCM), <strong>analiz\u00f3 grabaciones de la actividad cerebral de 85 pacientes<\/strong> diagnosticados con deterioro cognitivo leve y monitore\u00f3 la evoluci\u00f3n de la enfermedad durante los a\u00f1os siguientes.<\/p>\n<p>Para registrar las grabaciones, utilizaron una <strong>t\u00e9cnica no invasiva denominada magnetoencefalograf\u00eda (MEG)<\/strong> mientras los pacientes se encontraban en reposo con los ojos cerrados. La mayor\u00eda de los m\u00e9todos para estudiar grabaciones MEG comprimen y promedian la actividad detectada, lo que dificulta su interpretaci\u00f3n a nivel neuronal, pero los investigadores de Brown impulsaron una herramienta computacional denominada Spectral Events Toolbox, que revela la <strong>actividad neuronal como eventos discretos<\/strong>, mostrando con exactitud cu\u00e1ndo y con qu\u00e9 frecuencia ocurren, su duraci\u00f3n y su intensidad.<\/p>\n<p>Los investigadores descubrieron diferencias claras en los eventos beta de los participantes que desarrollaron alzh\u00e9imer en un plazo de dos a\u00f1os y medio, en comparaci\u00f3n con los que no lo hicieron<\/p>\n<p>Utilizando esta herramienta en la que el equipo es pionero, analizaron los eventos de actividad cerebral en <strong>pacientes con deterioro cognitivo leve<\/strong> que se producen en la <strong>banda de frecuencia beta<\/strong>, una frecuencia implicada en el procesamiento de la memoria, con lo que descubrieron diferencias claras en los eventos beta de los participantes que desarrollaron alzh\u00e9imer en un plazo de dos a\u00f1os y medio, en comparaci\u00f3n con los que no lo hicieron.<\/p>\n<p>\u00ab<strong>Dos a\u00f1os y medio antes del diagn\u00f3stico de alzh\u00e9imer<\/strong>, los pacientes presentaban eventos beta con menor frecuencia, menor duraci\u00f3n y menor potencia\u00bb, seg\u00fan ha detallado la primera autora del estudio, Danylyna Shpakivska.<\/p>\n<p>\u00abSi logramos recrear el fallo cerebral que genera esa se\u00f1al, podremos colaborar para probar terapias que podr\u00edan corregir el problema\u00bb<\/p>\n<p>A partir de estos hallazgos, los cient\u00edficos conf\u00edan en que la herramienta Spectral Events Toolbox pueda ser usada para diagnosticar la enfermedad de Alzheimer antes de que progrese. \u00abUna vez que se replique nuestro hallazgo, <strong>los profesionales sanitarios podr\u00e1n utilizar nuestras herramientas para el diagn\u00f3stico temprano<\/strong> y tambi\u00e9n para comprobar si sus intervenciones est\u00e1n funcionando\u00bb, ha destacado Jones.<\/p>\n<p>Mientras, el equipo pasar\u00e1 a una nueva fase de investigaci\u00f3n para estudiar los mecanismos de generaci\u00f3n mediante herramientas de modelado neuronal computacional. \u00abSi logramos <strong>recrear el fallo cerebral que genera esa se\u00f1al<\/strong>, podremos colaborar para probar terapias que podr\u00edan corregir el problema\u00bb, ha concluido la especialista.<\/p>\n","protected":false},"excerpt":{"rendered":"Redacci\u00f3nInvestigadores del Instituto Carney para la Ciencia del Cerebro de la Universidad de Brown (Estados Unidos) han identificado&hellip;\n","protected":false},"author":2,"featured_media":72515,"comment_status":"","ping_status":"","sticky":false,"template":"","format":"standard","meta":{"footnotes":""},"categories":[92],"tags":[3297,3350,8763,5111,25,24,165,1294,166,23],"class_list":{"0":"post-72514","1":"post","2":"type-post","3":"status-publish","4":"format-standard","5":"has-post-thumbnail","7":"category-salud","8":"tag-a1","9":"tag-alzheimer","10":"tag-biomarcadores","11":"tag-deterioro-cognitivo","12":"tag-es","13":"tag-espana","14":"tag-health","15":"tag-investigacion","16":"tag-salud","17":"tag-spain"},"share_on_mastodon":{"url":"","error":""},"_links":{"self":[{"href":"https:\/\/www.europesays.com\/es\/wp-json\/wp\/v2\/posts\/72514","targetHints":{"allow":["GET"]}}],"collection":[{"href":"https:\/\/www.europesays.com\/es\/wp-json\/wp\/v2\/posts"}],"about":[{"href":"https:\/\/www.europesays.com\/es\/wp-json\/wp\/v2\/types\/post"}],"author":[{"embeddable":true,"href":"https:\/\/www.europesays.com\/es\/wp-json\/wp\/v2\/users\/2"}],"replies":[{"embeddable":true,"href":"https:\/\/www.europesays.com\/es\/wp-json\/wp\/v2\/comments?post=72514"}],"version-history":[{"count":0,"href":"https:\/\/www.europesays.com\/es\/wp-json\/wp\/v2\/posts\/72514\/revisions"}],"wp:featuredmedia":[{"embeddable":true,"href":"https:\/\/www.europesays.com\/es\/wp-json\/wp\/v2\/media\/72515"}],"wp:attachment":[{"href":"https:\/\/www.europesays.com\/es\/wp-json\/wp\/v2\/media?parent=72514"}],"wp:term":[{"taxonomy":"category","embeddable":true,"href":"https:\/\/www.europesays.com\/es\/wp-json\/wp\/v2\/categories?post=72514"},{"taxonomy":"post_tag","embeddable":true,"href":"https:\/\/www.europesays.com\/es\/wp-json\/wp\/v2\/tags?post=72514"}],"curies":[{"name":"wp","href":"https:\/\/api.w.org\/{rel}","templated":true}]}}