{"id":725218,"date":"2026-08-22T12:41:24","date_gmt":"2026-08-22T12:41:24","guid":{"rendered":"https:\/\/www.europesays.com\/es\/725218\/"},"modified":"2026-08-22T12:41:24","modified_gmt":"2026-08-22T12:41:24","slug":"residentes-de-la-ciudad-a-la-que-estan-enviando-a-los-haitianos-deportados-afirman-que-no-estan-preparados-para-acogerlos","status":"publish","type":"post","link":"https:\/\/www.europesays.com\/es\/725218\/","title":{"rendered":"Residentes de la ciudad a la que est\u00e1n enviando a los haitianos deportados afirman que no est\u00e1n preparados para acogerlos"},"content":{"rendered":"<p>      CNN\u00a0\u2014\u00a0\n    <\/p>\n<p class=\"paragraph inline-placeholder vossi-paragraph\" data-uri=\"es.cms.cnn.com\/_components\/paragraph\/instances\/cmt42o8uk001t27p233ef6l1n@published\" data-editable=\"text\" data-component-name=\"paragraph\" data-article-gutter=\"true\">\n            La costa norte de Hait\u00ed es donde el pa\u00eds se enfrenta al vasto Atl\u00e1ntico con todo su bagaje.\n    <\/p>\n<p class=\"paragraph inline-placeholder vossi-paragraph\" data-uri=\"es.cms.cnn.com\/_components\/paragraph\/instances\/cmt42t9ex0010356rrv9d2gu1@published\" data-editable=\"text\" data-component-name=\"paragraph\" data-article-gutter=\"true\">\n            All\u00ed est\u00e1 Labadie, el complejo tur\u00edstico privado abierto solo a cruceros estadounidenses y turistas extranjeros.\n    <\/p>\n<p class=\"paragraph inline-placeholder vossi-paragraph\" data-uri=\"es.cms.cnn.com\/_components\/paragraph\/instances\/cmt42tjgo0012356rv88gta75@published\" data-editable=\"text\" data-component-name=\"paragraph\" data-article-gutter=\"true\">\n            Justo al lado se encuentra la Isla de la Tortuga, tristemente c\u00e9lebre punto de tr\u00e1nsito para traficantes de personas. Y luego est\u00e1 Cap-Ha\u00eftien, una ciudad impregnada de la historia revolucionaria del pa\u00eds y, m\u00e1s recientemente, el destino predilecto de la administraci\u00f3n Trump para deportar a migrantes haitianos.\n    <\/p>\n<p class=\"paragraph inline-placeholder vossi-paragraph\" data-uri=\"es.cms.cnn.com\/_components\/paragraph\/instances\/cmt42sszw0005356rvszr6z3k@published\" data-editable=\"text\" data-component-name=\"paragraph\" data-article-gutter=\"true\">\n            Desde el devastador terremoto que azot\u00f3 Hait\u00ed en 2010, Cap-Ha\u00eftien se ha convertido en un importante centro de acogida para personas desplazadas internamente que huyen de desastres y violencia en otras partes del pa\u00eds.\n    <\/p>\n<p class=\"paragraph inline-placeholder vossi-paragraph\" data-uri=\"es.cms.cnn.com\/_components\/paragraph\/instances\/cmt42uawa0014356rctiknacd@published\" data-editable=\"text\" data-component-name=\"paragraph\" data-article-gutter=\"true\">\n            Y tras la victoria legal del Gobierno de Trump este mes para eliminar las protecciones temporales contra la deportaci\u00f3n de cientos de miles de personas en Estados Unidos, es posible que la ciudad reciba pronto a muchas m\u00e1s personas.\n    <\/p>\n<p>       <img decoding=\"async\" src=\"https:\/\/www.europesays.com\/es\/wp-content\/uploads\/2026\/08\/2024-04-25t184230z-1003994633-rc2md7atfw5f-rtrmadp-3-haiti-politics-20260822081010524.jpg\" alt=\"Una imagen tomada con un dron muestra un mercado callejero de comida en Cap-Ha\u00eftien, Hait\u00ed, el 25 de abril de 2024.\" class=\"image__dam-img image__dam-img--loading\" onload=\"this.classList.remove('image__dam-img--loading')\" onerror=\"imageLoadError(this)\" height=\"574\" width=\"860\" loading=\"lazy\"\/><\/p>\n<p>       <img decoding=\"async\" src=\"https:\/\/www.europesays.com\/es\/wp-content\/uploads\/2026\/08\/2024-04-25t184739z-1442918272-rc2rd7ads1kg-rtrmadp-3-haiti-politics-20260822080839070.jpg\" alt=\"La gente se agolpa en un mercado callejero de comida en Cap-Ha\u00eftien, Hait\u00ed, el 25 de abril de 2024.\" class=\"image__dam-img image__dam-img--loading\" onload=\"this.classList.remove('image__dam-img--loading')\" onerror=\"imageLoadError(this)\" height=\"574\" width=\"860\" loading=\"lazy\"\/><\/p>\n<p class=\"paragraph inline-placeholder vossi-paragraph\" data-uri=\"es.cms.cnn.com\/_components\/paragraph\/instances\/cmt42sszx000a356rxze1fluz@published\" data-editable=\"text\" data-component-name=\"paragraph\" data-article-gutter=\"true\">\n            El jueves se registr\u00f3 el primer vuelo de deportaci\u00f3n a Hait\u00ed desde Estados Unidos tras la revocaci\u00f3n del Estatus de Protecci\u00f3n Temporal (TPS), que hab\u00eda protegido de la deportaci\u00f3n a unos 350.000 haitianos en Estados Unidos y les hab\u00eda otorgado permisos de trabajo legales.\n    <\/p>\n<p class=\"paragraph inline-placeholder vossi-paragraph\" data-uri=\"es.cms.cnn.com\/_components\/paragraph\/instances\/cmt42vgpb001f356r19gzrdoj@published\" data-editable=\"text\" data-component-name=\"paragraph\" data-article-gutter=\"true\">\n            Ahora, las comunidades haitianas en todo Estados Unidos se enfrentan a la nueva realidad de ser vulnerables a la represi\u00f3n inmigratoria del Gobierno de Trump.\n    <\/p>\n<p class=\"paragraph inline-placeholder vossi-paragraph\" data-uri=\"es.cms.cnn.com\/_components\/paragraph\/instances\/cmt42sszx000b356rxb631x8a@published\" data-editable=\"text\" data-component-name=\"paragraph\" data-article-gutter=\"true\">\n            \u201c\u00a1Es un gran d\u00eda para deportar inmigrantes ilegales! \u00a1Buenos d\u00edas, Estados Unidos!\u201d, public\u00f3 el secretario del DHS, Markwayne Mullin, en X el jueves por la ma\u00f1ana, horas antes de que despegara el vuelo de deportaci\u00f3n a Hait\u00ed.\n    <\/p>\n<p class=\"paragraph inline-placeholder vossi-paragraph\" data-uri=\"es.cms.cnn.com\/_components\/paragraph\/instances\/cmt42sszx000c356r2nlifjzt@published\" data-editable=\"text\" data-component-name=\"paragraph\" data-article-gutter=\"true\">\n            Poco despu\u00e9s del mediod\u00eda, 161 personas descendieron del vuelo ch\u00e1rter en Cap-Ha\u00eftien, seg\u00fan la Oficina Nacional de Migraci\u00f3n de Hait\u00ed.\n    <\/p>\n<p class=\"paragraph inline-placeholder vossi-paragraph\" data-uri=\"es.cms.cnn.com\/_components\/paragraph\/instances\/cmt42y4dg001j356rz3xxxxdx@published\" data-editable=\"text\" data-component-name=\"paragraph\" data-article-gutter=\"true\">\n            Algunos se arrodillaron para besar el suelo, otros se cubrieron el rostro y se alejaron r\u00e1pidamente de la prensa local all\u00ed reunida.\n    <\/p>\n<p class=\"paragraph inline-placeholder vossi-paragraph\" data-uri=\"es.cms.cnn.com\/_components\/paragraph\/instances\/cmt42sszx000d356rhyjg4iuz@published\" data-editable=\"text\" data-component-name=\"paragraph\" data-article-gutter=\"true\">\n            La pregunta en Cap es cu\u00e1ntos m\u00e1s seguir\u00e1n el mismo camino. Los lugare\u00f1os dicen que la ciudad ya est\u00e1 desbordada.\n    <\/p>\n<p class=\"paragraph inline-placeholder vossi-paragraph\" data-uri=\"es.cms.cnn.com\/_components\/paragraph\/instances\/cmt42sszy000e356r9dlndhg2@published\" data-editable=\"text\" data-component-name=\"paragraph\" data-article-gutter=\"true\">\n            \u201cCap-Ha\u00eftien por s\u00ed solo no puede recibir m\u00e1s gente\u201d, declar\u00f3 Demonst\u00e8ne Reynold, un mec\u00e1nico que vive en Cap. \u201cNo solo recibimos deportados de fuera de Hait\u00ed\u2026 debido a la crisis pol\u00edtica, tambi\u00e9n tenemos gente de Hinche y Puerto Pr\u00edncipe, del interior del pa\u00eds\u201d.\n    <\/p>\n<p class=\"paragraph inline-placeholder vossi-paragraph\" data-uri=\"es.cms.cnn.com\/_components\/paragraph\/instances\/cmt42sszy000f356r2sc2lc62@published\" data-editable=\"text\" data-component-name=\"paragraph\" data-article-gutter=\"true\">\n            La ciudad luce muy diferente a como era en a\u00f1os anteriores. El tr\u00e1fico est\u00e1 congestionado y los puntos limpios est\u00e1n desbordados.\n    <\/p>\n<p class=\"paragraph inline-placeholder vossi-paragraph\" data-uri=\"es.cms.cnn.com\/_components\/paragraph\/instances\/cmt4318x7001n356rka9oir3u@published\" data-editable=\"text\" data-component-name=\"paragraph\" data-article-gutter=\"true\">\n            Un hospital visitado por CNN estaba repleto de pacientes haciendo cola al aire libre, con madres meciendo a sus beb\u00e9s bajo el sol mientras esperaban.\n    <\/p>\n<p class=\"paragraph inline-placeholder vossi-paragraph\" data-uri=\"es.cms.cnn.com\/_components\/paragraph\/instances\/cmt42sszy000i356rmiynkmkw@published\" data-editable=\"text\" data-component-name=\"paragraph\" data-article-gutter=\"true\">\n            Louis Ronald Espoir, administrador del Hospital Fort Saint Michel de la ciudad, afirm\u00f3 que los centros m\u00e9dicos de la ciudad est\u00e1n al l\u00edmite de su capacidad. \u201cComo pueden ver aqu\u00ed mismo, todos los hospitales de la regi\u00f3n est\u00e1n llenos a pesar de los esfuerzos del Gobierno. Si est\u00e1n llenos con la poblaci\u00f3n actual, mentir\u00eda si dijera que podemos admitir a alguien m\u00e1s\u201d.\n    <\/p>\n<p class=\"paragraph inline-placeholder vossi-paragraph\" data-uri=\"es.cms.cnn.com\/_components\/paragraph\/instances\/cmt42sszy000j356re2hyoyko@published\" data-editable=\"text\" data-component-name=\"paragraph\" data-article-gutter=\"true\">\n            El vuelo del jueves se produce en un momento en que los defensores de los derechos de los inmigrantes en Estados Unidos expresan su preocupaci\u00f3n por los peligros de deportar personas a la naci\u00f3n caribe\u00f1a.\n    <\/p>\n<p class=\"paragraph inline-placeholder vossi-paragraph\" data-uri=\"es.cms.cnn.com\/_components\/paragraph\/instances\/cmt432f7z001x356rtsc35ehb@published\" data-editable=\"text\" data-component-name=\"paragraph\" data-article-gutter=\"true\">\n            Los cr\u00edticos, que exigen mayores restricciones inmigratorias, han acusado al Gobierno de Trump de no expulsar a los indocumentados con la suficiente rapidez.\n    <\/p>\n<p class=\"paragraph inline-placeholder vossi-paragraph\" data-uri=\"es.cms.cnn.com\/_components\/paragraph\/instances\/cmt42sszz000m356rvmpfrn4w@published\" data-editable=\"text\" data-component-name=\"paragraph\" data-article-gutter=\"true\">\n            La administraci\u00f3n Trump ha argumentado repetidamente que Hait\u00ed es lo suficientemente seguro como para que los haitianos regresen, a pesar de <a href=\"https:\/\/travel.state.gov\/en\/international-travel\/travel-advisories\/haiti.html\" target=\"_blank\" rel=\"nofollow noopener\">la advertencia del Departamento de Estado de \u201cNo viajar\u201d y la prohibici\u00f3n de la Administraci\u00f3n Federal de Aviaci\u00f3n sobre los vuelos comerciales estadounidenses a ese pa\u00eds<\/a>.\n    <\/p>\n<p class=\"paragraph inline-placeholder vossi-paragraph\" data-uri=\"es.cms.cnn.com\/_components\/paragraph\/instances\/cmt42sszz000n356r7vpm759w@published\" data-editable=\"text\" data-component-name=\"paragraph\" data-article-gutter=\"true\">\n            En una entrevista en junio en el programa \u201cState of the Union\u201d de CNN, Mullin defendi\u00f3 la decisi\u00f3n de repatriar a los haitianos y argument\u00f3 que el pa\u00eds se beneficiar\u00eda de su regreso.\n    <\/p>\n<p>       <img loading=\"lazy\" decoding=\"async\" src=\"https:\/\/www.europesays.com\/es\/wp-content\/uploads\/2026\/08\/haitiana.jpg\" alt=\"Haitiana.jpg\" class=\"image__dam-img image__dam-img--loading\" onload=\"this.classList.remove('image__dam-img--loading')\" onerror=\"imageLoadError(this)\" height=\"1080\" width=\"1920\"\/><\/p>\n<p>\u00abFui atacada por una pandilla\u00bb: haitiana que perdi\u00f3 el TPS cuenta por qu\u00e9 no quiere regresar a su pa\u00eds\n                <\/p>\n<p>\u00abFui atacada por una pandilla\u00bb: haitiana que perdi\u00f3 el TPS cuenta por qu\u00e9 no quiere regresar a su pa\u00eds<\/p>\n<p>        02:56<\/p>\n<p class=\"paragraph inline-placeholder vossi-paragraph\" data-uri=\"es.cms.cnn.com\/_components\/paragraph\/instances\/cmt433thu0027356rs93l1nns@published\" data-editable=\"text\" data-component-name=\"paragraph\" data-article-gutter=\"true\">\n            Seg\u00fan explic\u00f3, la advertencia del Departamento de Estado de \u201cno viajar\u201d se emiti\u00f3 por la preocupaci\u00f3n por los estadounidenses, no por los haitianos, \u201cporque est\u00e1n secuestrando o intentando secuestrar a personas de Estados Unidos porque creen que sus familias tienen el dinero para pagar el rescate\u201d.\n    <\/p>\n<p class=\"paragraph inline-placeholder vossi-paragraph\" data-uri=\"es.cms.cnn.com\/_components\/paragraph\/instances\/cmt42sszz000o356rix8mcjsr@published\" data-editable=\"text\" data-component-name=\"paragraph\" data-article-gutter=\"true\">\n            Pero la epidemia de secuestros en el pa\u00eds ha afectado principalmente a los haitianos, cuyas bandas son conocidas por raptar incluso a personas muy pobres.\n    <\/p>\n<p class=\"paragraph inline-placeholder vossi-paragraph\" data-uri=\"es.cms.cnn.com\/_components\/paragraph\/instances\/cmt434r7n002c356rne3b6j3n@published\" data-editable=\"text\" data-component-name=\"paragraph\" data-article-gutter=\"true\">\n            Este brutal negocio se concentra en torno a la capital, Puerto Pr\u00edncipe, donde tambi\u00e9n han aterrizado vuelos de deportaci\u00f3n estadounidenses.\n    <\/p>\n<p class=\"paragraph inline-placeholder vossi-paragraph\" data-uri=\"es.cms.cnn.com\/_components\/paragraph\/instances\/cmt42sszz000p356ruzjjkkl5@published\" data-editable=\"text\" data-component-name=\"paragraph\" data-article-gutter=\"true\">\n            CNN est\u00e1 solicitando comentarios del Departamento de Seguridad Nacional (DHS) sobre el vuelo del jueves a Cap-Ha\u00eftien, los motivos de la deportaci\u00f3n de los pasajeros a bordo y si alguno de ellos se encuentra entre las personas que recientemente perdieron el Estatus de Protecci\u00f3n Temporal (TPS).\n    <\/p>\n<p class=\"paragraph inline-placeholder vossi-paragraph\" data-uri=\"es.cms.cnn.com\/_components\/paragraph\/instances\/cmt42sszz000s356r03i0ar05@published\" data-editable=\"text\" data-component-name=\"paragraph\" data-article-gutter=\"true\">\n            En el extremo opuesto del pa\u00eds con respecto a Puerto Pr\u00edncipe, Cap-Ha\u00eftien se considera, en general, un lugar seguro en cuanto a la violencia de las pandillas. Sin embargo, a algunos les preocupa que una gran afluencia de inmigrantes pueda desestabilizar una zona ya de por s\u00ed superpoblada.\n    <\/p>\n<p class=\"paragraph inline-placeholder vossi-paragraph\" data-uri=\"es.cms.cnn.com\/_components\/paragraph\/instances\/cmt42sszz000t356roni42m41@published\" data-editable=\"text\" data-component-name=\"paragraph\" data-article-gutter=\"true\">\n            Angie Bell, la exalcaldesa de la ciudad, dice que anima a la gente a regresar, pero que el pa\u00eds necesita mejorar su capacidad para recibirlos. \u201cNecesitamos mucho m\u00e1s desarrollo y m\u00e1s seguridad como medida preventiva, con tanta gente llegando\u201d, afirma Bell.\n    <\/p>\n<p class=\"paragraph inline-placeholder vossi-paragraph\" data-uri=\"es.cms.cnn.com\/_components\/paragraph\/instances\/cmt42st00000u356rrtupew8e@published\" data-editable=\"text\" data-component-name=\"paragraph\" data-article-gutter=\"true\">\n            Seg\u00fan sus c\u00e1lculos, la poblaci\u00f3n de la ciudad se ha disparado, pasando de unos 350.000 habitantes en el \u00faltimo censo de 2003 a al menos 800.000. \u201cDebido a la falta de vivienda, tenemos mucha gente que trabaja en la ciudad pero vive en las afueras\u201d, afirm\u00f3.\n    <\/p>\n<p class=\"paragraph inline-placeholder vossi-paragraph\" data-uri=\"es.cms.cnn.com\/_components\/paragraph\/instances\/cmt42st00000x356rurtdm3t4@published\" data-editable=\"text\" data-component-name=\"paragraph\" data-article-gutter=\"true\">\n            El Gobierno haitiano y organizaciones humanitarias como la Oficina Internacional para las Migraciones trabajan para aliviar la carga de la poblaci\u00f3n local y ayudar a los reci\u00e9n llegados a distribuirse por todo el pa\u00eds.\n    <\/p>\n<p class=\"paragraph inline-placeholder vossi-paragraph\" data-uri=\"es.cms.cnn.com\/_components\/paragraph\/instances\/cmt437ajc002r356rzeirsl83@published\" data-editable=\"text\" data-component-name=\"paragraph\" data-article-gutter=\"true\">\n            A los deportados se les suele ofrecer comida y algo de dinero para continuar su viaje, as\u00ed como alojamiento durante algunas noches y ayuda para localizar a sus familiares.\n    <\/p>\n<p class=\"paragraph inline-placeholder vossi-paragraph\" data-uri=\"es.cms.cnn.com\/_components\/paragraph\/instances\/cmt43o8e80034356rlm1k8rup@published\" data-editable=\"text\" data-component-name=\"paragraph\" data-article-gutter=\"true\">\n            Pero, como indican las cifras de poblaci\u00f3n, muchos no se ir\u00e1n de Cap-Ha\u00eftien. Y no todos los deportados sabr\u00e1n siquiera ad\u00f3nde ir.\n    <\/p>\n<p class=\"paragraph inline-placeholder vossi-paragraph\" data-uri=\"es.cms.cnn.com\/_components\/paragraph\/instances\/cmt43oiyp0039356r194vpnh8@published\" data-editable=\"text\" data-component-name=\"paragraph\" data-article-gutter=\"true\">\n            Seg\u00fan Jean N\u00e9got Bonheur Delva, director de la agencia de migraci\u00f3n de Hait\u00ed, quien recibi\u00f3 el vuelo de deportaci\u00f3n del jueves en el aeropuerto, uno de los pasajeros que desembarc\u00f3 nunca hab\u00eda estado en Hait\u00ed.\n    <\/p>\n<p class=\"paragraph inline-placeholder vossi-paragraph\" data-uri=\"es.cms.cnn.com\/_components\/paragraph\/instances\/cmt43o9dn0035356rsky6s8n8@published\" data-editable=\"text\" data-component-name=\"paragraph\" data-article-gutter=\"true\">\n            Nacido en la Rep\u00fablica Dominicana de padres haitianos antes de mudarse a Estados Unidos, no estaba claro cu\u00e1l ser\u00eda su pr\u00f3ximo destino, dijo Delva, y agreg\u00f3: \u201cNo sabe nada de Hait\u00ed\u201d.\n    <\/p>\n","protected":false},"excerpt":{"rendered":"CNN\u00a0\u2014\u00a0 La costa norte de Hait\u00ed es donde el pa\u00eds se enfrenta al vasto Atl\u00e1ntico con todo su&hellip;\n","protected":false},"author":2,"featured_media":725219,"comment_status":"","ping_status":"","sticky":false,"template":"","format":"standard","meta":{"footnotes":""},"categories":[42],"tags":[17,18,129338,4900,352,4331,13,14,24065,11,590,61,62,63,64,19,20,9,10,15,16,12,21,22,65,66,67],"class_list":["post-725218","post","type-post","status-publish","format-standard","has-post-thumbnail","category-internacional","tag-breaking-news","tag-breakingnews","tag-cap-haitien","tag-deportaciones","tag-donald-trump","tag-ee-uu","tag-featured-news","tag-featurednews","tag-haiti","tag-headlines","tag-inmigracion","tag-internacional","tag-international","tag-international-news","tag-internationalnews","tag-latest-news","tag-latestnews","tag-news","tag-noticias","tag-noticias-destacadas","tag-noticiasdestacadas","tag-titulares","tag-ultimas-noticias","tag-ultimasnoticias","tag-world","tag-world-news","tag-worldnews"],"share_on_mastodon":{"url":"https:\/\/pubeurope.com\/@es\/117139217300890632","error":""},"_links":{"self":[{"href":"https:\/\/www.europesays.com\/es\/wp-json\/wp\/v2\/posts\/725218","targetHints":{"allow":["GET"]}}],"collection":[{"href":"https:\/\/www.europesays.com\/es\/wp-json\/wp\/v2\/posts"}],"about":[{"href":"https:\/\/www.europesays.com\/es\/wp-json\/wp\/v2\/types\/post"}],"author":[{"embeddable":true,"href":"https:\/\/www.europesays.com\/es\/wp-json\/wp\/v2\/users\/2"}],"replies":[{"embeddable":true,"href":"https:\/\/www.europesays.com\/es\/wp-json\/wp\/v2\/comments?post=725218"}],"version-history":[{"count":0,"href":"https:\/\/www.europesays.com\/es\/wp-json\/wp\/v2\/posts\/725218\/revisions"}],"wp:featuredmedia":[{"embeddable":true,"href":"https:\/\/www.europesays.com\/es\/wp-json\/wp\/v2\/media\/725219"}],"wp:attachment":[{"href":"https:\/\/www.europesays.com\/es\/wp-json\/wp\/v2\/media?parent=725218"}],"wp:term":[{"taxonomy":"category","embeddable":true,"href":"https:\/\/www.europesays.com\/es\/wp-json\/wp\/v2\/categories?post=725218"},{"taxonomy":"post_tag","embeddable":true,"href":"https:\/\/www.europesays.com\/es\/wp-json\/wp\/v2\/tags?post=725218"}],"curies":[{"name":"wp","href":"https:\/\/api.w.org\/{rel}","templated":true}]}}