{"id":72527,"date":"2025-08-26T03:00:07","date_gmt":"2025-08-26T03:00:07","guid":{"rendered":"https:\/\/www.europesays.com\/es\/72527\/"},"modified":"2025-08-26T03:00:07","modified_gmt":"2025-08-26T03:00:07","slug":"alfredo-duro-de-el-chiringuito-fue-embestido-en-encierro-de-toros-en-espana","status":"publish","type":"post","link":"https:\/\/www.europesays.com\/es\/72527\/","title":{"rendered":"Alfredo Duro, de \u2018El Chiringuito\u2019, fue embestido en encierro de toros en Espa\u00f1a"},"content":{"rendered":"<p data-type=\"text\">Alfredo Duro, de El Chiringuito, fue embestido en un encierro de toros en Espa\u00f1a. El video del momento, como era de esperarse, se hizo tendencia a trav\u00e9s de las diferentes redes sociales, sobre todo en X. <\/p>\n<p data-type=\"text\">Duro hac\u00eda parte del evento, reprochado por muchas personas a nivel mundial, corr\u00eda normal, pero en un momento se estrell\u00f3 con el costado de un muro y <b>luego de esto vio de frente la embestida<\/b>. <\/p>\n<p data-type=\"text\">Al trabajador en \u2018El Chiringuito\u2019 no le ocurri\u00f3 nada de mayor gravedad, incre\u00edblemente, ya que, resultar malherido en este tipo de eventos es algo bastante probable. <\/p>\n<p data-type=\"text\">\u201c<b>Qu\u00e9 susto no has dado amigo&#8230; \u00a1\u00a1mucho \u00e1nimo!!<\/b>\u201c, se indic\u00f3 en la cuenta oficial de X del programa deportivo. Los compa\u00f1eros de Alfredo Duro se solidarizaron tras el \u201caccidente\u201d. <\/p>\n<p data-type=\"text\">\u201cUna de las \u00faltimas apariciones del colaborador en El Chiringuito fue cuando realiz\u00f3 sus predicciones para esta temporada. El tertuliano no tiene dudas de que el Real Madrid ganar\u00e1 LaLiga y la Champions. Y \u2018su\u2019 Getafe alzar\u00e1 la Copa del Rey en La Cartuja\u201d, indic\u00f3 Sport sobre la persona. <\/p>\n<p data-type=\"text\">\u201cNo obstante, todo apunta a que Duro no regresar\u00e1 a \u2018El Chiringuito\u2019 hasta nuevo aviso, debido a que esta ma\u00f1ana, se ha puesto las zapatillas de correr para participar en el primer encierro de San Sebasti\u00e1n de los Reyes, pero la experiencia no termin\u00f3 bien\u201d, rese\u00f1\u00f3. <\/p>\n<blockquote class=\"twitter-tweet\" data-media-max-width=\"560\">\n<p lang=\"es\" dir=\"ltr\">\ud83d\udc4d \u00abTranquilidad, estoy francamente bien\u00bb.<\/p>\n<p>\ud83d\ude4f Mensaje tranquilizador de <a href=\"https:\/\/twitter.com\/alfredoduro1?ref_src=twsrc%5Etfw\" rel=\"nofollow noopener\" target=\"_blank\">@alfredoduro1<\/a> desde el hospital tras el accidente en el encierro.<\/p>\n<p>\ud83d\udcaa \u00a1Mucho \u00e1nimo y pronta recuperaci\u00f3n, amigo! <a href=\"https:\/\/t.co\/cwjPBQ4UHi\" rel=\"nofollow\">pic.twitter.com\/cwjPBQ4UHi<\/a><\/p>\n<p>\u2014 El Chiringuito TV (@elchiringuitotv) <a href=\"https:\/\/twitter.com\/elchiringuitotv\/status\/1960115507874480196?ref_src=twsrc%5Etfw\" rel=\"nofollow noopener\" target=\"_blank\">August 25, 2025<\/a><\/p><\/blockquote>\n<p data-type=\"text\">\u201c<b>A la altura de la calle Postas, uno de los mansos lo embisti\u00f3 con violencia, provocando una aparatosa ca\u00edda<\/b>. El momento fue captado en v\u00eddeo y no tard\u00f3 en viralizarse en redes sociales, generando un gran revuelo entre los seguidores del programa\u201d, continu\u00f3. <\/p>\n<p data-type=\"text\">Al parecer, fue un buey el animal que termin\u00f3 embistiendo a Alfredo Duro. Si hubiera sido un toro, quiz\u00e1s la situaci\u00f3n para este hubiese sido totalmente diferente. <\/p>\n<p data-type=\"text\">Alfredo Duro, despu\u00e9s de lo sucedido en el encierro de toros, fue trasladado a un centro m\u00e9dico. Desde all\u00ed, el colaborado de \u2018El Chiringuito\u2019 apareci\u00f3 en un video diciendo que abandonar\u00e1 el mundo de la tauromaquia. <\/p>\n<p data-type=\"text\">\u201c<b>Estoy francamente bien. Hoy todo el mundo me echa la bronca. Alfredo Duro abandona desde hoy el mundo de la tauromaquia<\/b>\u201d, manifest\u00f3, sin rodeos, Alfredo Duro. <\/p>\n<p data-type=\"text\">\u201c<b>Creo que tengo varias costillas rotas y una conmoci\u00f3n ligera en la cabeza<\/b>\u201d, a\u00f1adi\u00f3. Los seguidores de \u2018El Chiringuito\u2019 esperan que Alfredo Duro se recupere lo m\u00e1s pronto posible. <\/p>\n<p><script async src=\"https:\/\/platform.twitter.com\/widgets.js\" charset=\"utf-8\"><\/script><\/p>\n","protected":false},"excerpt":{"rendered":"Alfredo Duro, de El Chiringuito, fue embestido en un encierro de toros en Espa\u00f1a. El video del momento,&hellip;\n","protected":false},"author":2,"featured_media":72528,"comment_status":"","ping_status":"","sticky":false,"template":"","format":"standard","meta":{"footnotes":""},"categories":[277],"tags":[28593,1765,373,168,25,24,28594,23,167,1766,374],"class_list":{"0":"post-72527","1":"post","2":"type-post","3":"status-publish","4":"format-standard","5":"has-post-thumbnail","7":"category-toreo","8":"tag-baseball","9":"tag-bestof","10":"tag-bullfighting","11":"tag-deportes","12":"tag-es","13":"tag-espana","14":"tag-national-league","15":"tag-spain","16":"tag-sports","17":"tag-topix","18":"tag-toreo"},"share_on_mastodon":{"url":"","error":""},"_links":{"self":[{"href":"https:\/\/www.europesays.com\/es\/wp-json\/wp\/v2\/posts\/72527","targetHints":{"allow":["GET"]}}],"collection":[{"href":"https:\/\/www.europesays.com\/es\/wp-json\/wp\/v2\/posts"}],"about":[{"href":"https:\/\/www.europesays.com\/es\/wp-json\/wp\/v2\/types\/post"}],"author":[{"embeddable":true,"href":"https:\/\/www.europesays.com\/es\/wp-json\/wp\/v2\/users\/2"}],"replies":[{"embeddable":true,"href":"https:\/\/www.europesays.com\/es\/wp-json\/wp\/v2\/comments?post=72527"}],"version-history":[{"count":0,"href":"https:\/\/www.europesays.com\/es\/wp-json\/wp\/v2\/posts\/72527\/revisions"}],"wp:featuredmedia":[{"embeddable":true,"href":"https:\/\/www.europesays.com\/es\/wp-json\/wp\/v2\/media\/72528"}],"wp:attachment":[{"href":"https:\/\/www.europesays.com\/es\/wp-json\/wp\/v2\/media?parent=72527"}],"wp:term":[{"taxonomy":"category","embeddable":true,"href":"https:\/\/www.europesays.com\/es\/wp-json\/wp\/v2\/categories?post=72527"},{"taxonomy":"post_tag","embeddable":true,"href":"https:\/\/www.europesays.com\/es\/wp-json\/wp\/v2\/tags?post=72527"}],"curies":[{"name":"wp","href":"https:\/\/api.w.org\/{rel}","templated":true}]}}