{"id":725272,"date":"2026-08-22T13:27:53","date_gmt":"2026-08-22T13:27:53","guid":{"rendered":"https:\/\/www.europesays.com\/es\/725272\/"},"modified":"2026-08-22T13:27:53","modified_gmt":"2026-08-22T13:27:53","slug":"seguir-enterrando-la-solucion-de-los-dos-estados-internacional","status":"publish","type":"post","link":"https:\/\/www.europesays.com\/es\/725272\/","title":{"rendered":"Seguir enterrando la soluci\u00f3n de los dos Estados | Internacional"},"content":{"rendered":"<p class=\"\">Mientras el genocidio de <a href=\"https:\/\/elpais.com\/noticias\/franja-gaza\/\" target=\"_self\" rel=\"nofollow noopener\" title=\"https:\/\/elpais.com\/noticias\/franja-gaza\/\">Gaza<\/a> prosigue su curso, ahora a un ritmo m\u00e1s silencioso, aunque no menos sistem\u00e1tico y letal (han sido asesinados 1.100 palestinos despu\u00e9s del llamado alto el fuego), en Cisjordania colonos, ej\u00e9rcito y Gobierno israel\u00edes han ido preparando estos dos \u00faltimos a\u00f1os la anexi\u00f3n de iure del territorio. Porque de facto ya se hab\u00eda producido: sobre el terreno, en Cisjordania ni palestinos ni extranjeros pueden dar un paso sin control israel\u00ed, y la administraci\u00f3n palestina hace tiempo que es inoperante. Una quinta parte del territorio de Cisjordania ya est\u00e1 en manos de los colonos.<\/p>\n<p class=\"\">Pero hab\u00eda una especie de tab\u00fa relacionado con la idea de la soluci\u00f3n de los dos Estados: mantener la continuidad f\u00edsica entre Jerusal\u00e9n Oriental y Cisjordania, que aseguraba, en teor\u00eda, el tr\u00e1nsito entre el norte y el sur del territorio, as\u00ed como la futura capitalidad palestina. Si bien en la pr\u00e1ctica hoy lleva m\u00e1s de dos horas llegar de Ramala a Bel\u00e9n por una carretera que, si no est\u00e1 cortada por el ej\u00e9rcito o los colonos, da un rodeo de 60 kil\u00f3metros para cubrir los apenas 25 de la ruta hist\u00f3rica. Desde los tiempos de los Acuerdos de Oslo, distintos gobiernos israel\u00edes se hab\u00edan abstenido de romper esta continuidad f\u00edsica. Lo cual no significa que no fueran avanzando en la idea \u00faltima: hacer inviable la soberan\u00eda palestina sobre cualquier territorio de Cisjordania. <\/p>\n<p class=\"\">El Ministerio de Finanzas israel\u00ed, con competencias en la planificaci\u00f3n de la colonizaci\u00f3n, ha hecho de la \u201clegalizaci\u00f3n\u201d de los asentamientos, la construcci\u00f3n de infraestructuras, la confiscaci\u00f3n de tierras palestinas y la instalaci\u00f3n de poblaci\u00f3n israel\u00ed el eje de sus pol\u00edticas. El actual plan de licitaci\u00f3n para la <a href=\"https:\/\/elpais.com\/internacional\/2026-08-21\/europa-exige-a-israel-que-renuncie-a-construir-un-asentamiento-que-hace-imposible-un-futuro-estado-palestino.html\" target=\"_self\" rel=\"nofollow noopener\" title=\"https:\/\/elpais.com\/internacional\/2026-08-21\/europa-exige-a-israel-que-renuncie-a-construir-un-asentamiento-que-hace-imposible-un-futuro-estado-palestino.html\">edificaci\u00f3n de 1.234 viviendas<\/a> en la llamada zona E1, que rodea Jerusal\u00e9n, culmina un proyecto que ha sido acariciado por gobiernos israel\u00edes de todo signo, no hay que enga\u00f1arse. Isaac Shamir planific\u00f3 una gran Jerusal\u00e9n desgajada de Cisjordania, casi coincidiendo con el arranque de las conversaciones de paz en 1991, e Isaac Rabin presion\u00f3 en este sentido tras los Acuerdos de Oslo. Lo que ha cambiado ahora es la impunidad con que Israel podr\u00eda llevarlo a cabo. <\/p>\n<p><img alt=\"Grupos de colonos israel\u00edes marchan hacia Gaza para reclamar el restablecimiento de asentamientos en la Franja\" decoding=\"auto\" class=\"_re lazyload a_m-h\" height=\"276\"  width=\"414\"  src=\"https:\/\/www.europesays.com\/es\/wp-content\/uploads\/2026\/08\/4YUACTD7ANEMPPLZZUKLUXKUDA.jpg\" loading=\"lazy\" fetchpriority=\"low\"\/>Colonos israel\u00edes radicales se manifiestan cerca de la frontera con Gaza, en abril de 2026.Erik Marmor (Getty Images)<\/p>\n<p class=\"\">El ministro de Finanzas, Bezalel Smotrich, \u00e9l mismo residente en una colonia, jam\u00e1s ha escondido su objetivo: \u201cEnterrar hasta la idea misma de un Estado palestino\u201d, dijo en 2025 cuando arranc\u00f3 la construcci\u00f3n de la \u201ccarretera de la soberan\u00eda\u201d, como llam\u00f3 a la autov\u00eda que unir\u00e1 Jerusal\u00e9n con los asentamientos y segregar\u00e1 por completo el territorio cisjordano. Al realismo pol\u00edtico de Smotrich r\u00e1pidamente le sigui\u00f3 el mesianismo desatado de sus colegas de Gobierno: el \u201ctejido de la vida\u201d llamaron a la ret\u00edcula de carreteras y asentamientos exclusivamente para colonos que estrangular\u00e1 para siempre la vida palestina. <\/p>\n<p class=\"\">El fetiche de los dos Estados, Israel y <a href=\"https:\/\/elpais.com\/noticias\/palestina\/\" target=\"_self\" rel=\"nofollow noopener\" title=\"https:\/\/elpais.com\/noticias\/palestina\/\">Palestina,<\/a> viene sirvi\u00e9ndole a la Uni\u00f3n Europea para no afrontar sus obligaciones. En Oslo se invent\u00f3 esta soluci\u00f3n mir\u00edfica y a ella se f\u00eda el futuro. Pero no puede haber futuro ante los cr\u00edmenes cometidos por Israel. La UE dispone de mecanismos para sancionar a Israel a partir del Acuerdo de Asociaci\u00f3n, y de formas de presi\u00f3n econ\u00f3mica y pol\u00edtica que pasen de la ret\u00f3rica a los hechos. Nada de eso se ha producido. Las contratas para los nuevos asentamientos, que la UE podr\u00eda prohibir, ser\u00edan un buen comienzo. Al primer ministro israel\u00ed, Benjamin Netanyahu, le corre prisa cerrar las licitaciones, que acaban justo una semana antes de las elecciones del pr\u00f3ximo 27 de octubre. No se puede disimular que en este nuevo paso adelante de la anexi\u00f3n israel\u00ed cuentan tambi\u00e9n los intereses electoralistas de Netanyahu. <\/p>\n<p class=\"\">\u00bfQu\u00e9 puede pasar si se estrangula definitivamente la soluci\u00f3n de los dos Estados, por m\u00e1s ret\u00f3rica que sea desde hace mucho? Aunque algunos ministros israel\u00edes no ocultan que la culminaci\u00f3n del genocidio es su horizonte (Ben-Gvir, ministro de Seguridad Nacional, acaba de llamar a <a href=\"https:\/\/elpais.com\/internacional\/2026-08-17\/el-ministro-ultra-israeli-ben-gvir-aboga-por-matar-cada-noche-en-gaza-a-30-o-40-personas.html\" target=\"_self\" rel=\"nofollow noopener\" title=\"https:\/\/elpais.com\/internacional\/2026-08-17\/el-ministro-ultra-israeli-ben-gvir-aboga-por-matar-cada-noche-en-gaza-a-30-o-40-personas.html\">matar a \u201c30 o 40 palestinos en Gaza<\/a> cada noche\u201d), la necesidad de no dinamitar el futuro es ahora mayor que nunca. <\/p>\n<p class=\"\">Ya antes del genocidio de Gaza los palestinos ven\u00edan hablando de un Estado anacional Palestina\/Israel como \u00fanica salida a la realidad del apartheid y la ocupaci\u00f3n israel\u00edes. <a href=\"https:\/\/elpais.com\/internacional\/2026-08-17\/la-junta-de-trump-e-israel-condicionan-todo-avance-en-gaza-al-desarme-de-hamas.html\" target=\"_self\" rel=\"nofollow noopener\" title=\"https:\/\/elpais.com\/internacional\/2026-08-17\/la-junta-de-trump-e-israel-condicionan-todo-avance-en-gaza-al-desarme-de-hamas.html\">Despu\u00e9s de Gaza<\/a>, porque tiene que haber un despu\u00e9s de Gaza, esta idea tal vez cobre una forma antes impensable.<\/p>\n<p>Luz G\u00f3mez es catedr\u00e1tica de Estudios \u00c1rabes e Isl\u00e1micos de la Universidad Aut\u00f3noma de Madrid.<\/p>\n","protected":false},"excerpt":{"rendered":"Mientras el genocidio de Gaza prosigue su curso, ahora a un ritmo m\u00e1s silencioso, aunque no menos sistem\u00e1tico&hellip;\n","protected":false},"author":2,"featured_media":725273,"comment_status":"","ping_status":"","sticky":false,"template":"","format":"standard","meta":{"footnotes":""},"categories":[42],"tags":[17,18,68,70,71,72,13,14,73,69,75,11,61,62,63,64,74,19,20,9,10,15,16,77,76,12,21,22,65,66,67],"class_list":["post-725272","post","type-post","status-publish","format-standard","has-post-thumbnail","category-internacional","tag-breaking-news","tag-breakingnews","tag-conflicto-arabe-israeli","tag-conflictos","tag-conflictos-armados","tag-conflictos-internacionales","tag-featured-news","tag-featurednews","tag-franja-gaza","tag-guerra","tag-hamas","tag-headlines","tag-internacional","tag-international","tag-international-news","tag-internationalnews","tag-israel","tag-latest-news","tag-latestnews","tag-news","tag-noticias","tag-noticias-destacadas","tag-noticiasdestacadas","tag-oriente-proximo","tag-palestina","tag-titulares","tag-ultimas-noticias","tag-ultimasnoticias","tag-world","tag-world-news","tag-worldnews"],"share_on_mastodon":{"url":"","error":"Validation failed: Text character limit of 500 exceeded"},"_links":{"self":[{"href":"https:\/\/www.europesays.com\/es\/wp-json\/wp\/v2\/posts\/725272","targetHints":{"allow":["GET"]}}],"collection":[{"href":"https:\/\/www.europesays.com\/es\/wp-json\/wp\/v2\/posts"}],"about":[{"href":"https:\/\/www.europesays.com\/es\/wp-json\/wp\/v2\/types\/post"}],"author":[{"embeddable":true,"href":"https:\/\/www.europesays.com\/es\/wp-json\/wp\/v2\/users\/2"}],"replies":[{"embeddable":true,"href":"https:\/\/www.europesays.com\/es\/wp-json\/wp\/v2\/comments?post=725272"}],"version-history":[{"count":0,"href":"https:\/\/www.europesays.com\/es\/wp-json\/wp\/v2\/posts\/725272\/revisions"}],"wp:featuredmedia":[{"embeddable":true,"href":"https:\/\/www.europesays.com\/es\/wp-json\/wp\/v2\/media\/725273"}],"wp:attachment":[{"href":"https:\/\/www.europesays.com\/es\/wp-json\/wp\/v2\/media?parent=725272"}],"wp:term":[{"taxonomy":"category","embeddable":true,"href":"https:\/\/www.europesays.com\/es\/wp-json\/wp\/v2\/categories?post=725272"},{"taxonomy":"post_tag","embeddable":true,"href":"https:\/\/www.europesays.com\/es\/wp-json\/wp\/v2\/tags?post=725272"}],"curies":[{"name":"wp","href":"https:\/\/api.w.org\/{rel}","templated":true}]}}