{"id":72531,"date":"2025-08-26T03:04:08","date_gmt":"2025-08-26T03:04:08","guid":{"rendered":"https:\/\/www.europesays.com\/es\/72531\/"},"modified":"2025-08-26T03:04:08","modified_gmt":"2025-08-26T03:04:08","slug":"con-moncayola-vamos-a-reventar-todo","status":"publish","type":"post","link":"https:\/\/www.europesays.com\/es\/72531\/","title":{"rendered":"\u201cCon Moncayola vamos a reventar todo\u201d"},"content":{"rendered":"<p>\n        Los que conocen a Jon <a href=\"https:\/\/www.noticiasdenavarra.com\/tags\/jon-moncayola\/\" title=\"Moncayola\" target=\"_blank\" class=\"link copy\" rel=\"nofollow noopener\">Moncayola<\/a> desde peque\u00f1o confirman que <strong>siempre fue un jugador que andaba sobrado de fuerzas. <\/strong>Los que le trataron de cerca su trayectoria tambi\u00e9n certifican que dispone de un<strong> buen golpeo a puerta, <\/strong>de un acertado desplazamiento de bal\u00f3n. Los m\u00e1s atrevidos afirman que tiene m\u00e1s poder\u00edo que Fede Valverde, el t\u00f3tem del madridismo en cuanto a despliegue y capacidad para la imposici\u00f3n del f\u00edsico inagotable.\n<\/p>\n<p class=\"article-body__text \">\n        Con un historial de <strong>203 partidos<\/strong> de Liga en Primera con Osasuna \u2013<strong>225 en todas las competiciones y siete goles<\/strong>\u2013, que el entrenador reci\u00e9n llegado al equipo diga que se encuentra con <strong>\u201cuna locura de jugador\u201d<\/strong> es como para certificar que el expediente que se va engordando con los a\u00f1os en la m\u00e1xima categor\u00eda es justificado, y que el futuro es prometedor.\n<\/p>\n<p class=\"article-body__text \">\n        Jon Moncayola,<strong> su posici\u00f3n en el dibujo t\u00e1ctico <\/strong>de <a href=\"https:\/\/www.noticiasdenavarra.com\/tags\/alessio-lisci\/\" title=\"Alessio Lisci,\" target=\"_blank\" class=\"link copy\" rel=\"nofollow noopener\">Alessio Lisci,<\/a> fue la gran novedad de la alineaci\u00f3n de Osasuna en el primer partido de Liga en El Sadar. Fue sorprendente porque el t\u00e9cnico hab\u00eda deslizado que iba a jugar con una <strong>defensa de cuatro hombres,<\/strong> pero se puede considerar como una decisi\u00f3n cabal por el rendimiento y porque se trata de un chico para todo.\n<\/p>\n<p class=\"article-body__text \">\n        Especialista en estar en el sitio donde el equipo le necesita \u2013mejor dicho, donde el entrenador le reclama con urgencia\u2013, el futbolista navarro<strong> cumpli\u00f3 con solvencia en el carril izquierdo, <\/strong>que lo convirti\u00f3 en autopista cuando la ocasi\u00f3n lo permiti\u00f3, adem\u00e1s de ser<strong> muy sol\u00edcito en las pugnas.<\/strong> Pero cumplido el cometido peculiar en la banda reservada antes a los zurdos durante un buen rato, Moncayola volvi\u00f3 al hogar,<strong> al centro del campo en el tramo final del partido, y vol\u00f3 <\/strong>cuando el crono se iba a marcar la conclusi\u00f3n del tiempo y el motor de muchos de los contendientes comenzaba a fallar.\n<\/p>\n<p class=\"article-body__text \">\n        Moncayola<strong> debut\u00f3 en Primera Divisi\u00f3n de la mano de Jagoba Arrasate <\/strong>\u2013en la primera jornada de Liga de la temporada 2019-20 en Legan\u00e9s (0-1)\u2013 y es uno de los titulares de Osasuna en esta \u00faltima etapa en Primera. Ha sido uno de los<strong> hombres del doble pivote<\/strong>, tambi\u00e9n ha estado en el lateral derecho  \u2013le toc\u00f3 jugar la final de Copa en ese papel muy complicado\u2013, de extremo por ese costado, en la salida del bal\u00f3n y en la zona caliente del remate.\n<\/p>\n<p class=\"article-body__text \">\n        Precisamente en el campo del Espanyol \u2013en la campa\u00f1a de su debut\u2013 <strong>protagoniz\u00f3 una de sus acciones m\u00e1s recordadas,<\/strong> cuando se cruz\u00f3 el campo y marc\u00f3 ante Diego L\u00f3pez (2-4). No fue titular, jug\u00f3 la media hora final,<strong> suficiente para ense\u00f1ar c\u00f3mo es una estampida.<\/strong><\/p>\n","protected":false},"excerpt":{"rendered":"Los que conocen a Jon Moncayola desde peque\u00f1o confirman que siempre fue un jugador que andaba sobrado de&hellip;\n","protected":false},"author":2,"featured_media":72532,"comment_status":"","ping_status":"","sticky":false,"template":"","format":"standard","meta":{"footnotes":""},"categories":[273],"tags":[313,312,168,25,24,28437,26886,23,167,16377],"class_list":{"0":"post-72531","1":"post","2":"type-post","3":"status-publish","4":"format-standard","5":"has-post-thumbnail","7":"category-ciclismo","8":"tag-ciclismo","9":"tag-cycling","10":"tag-deportes","11":"tag-es","12":"tag-espana","13":"tag-moncayola","14":"tag-reventar","15":"tag-spain","16":"tag-sports","17":"tag-todo"},"share_on_mastodon":{"url":"","error":""},"_links":{"self":[{"href":"https:\/\/www.europesays.com\/es\/wp-json\/wp\/v2\/posts\/72531","targetHints":{"allow":["GET"]}}],"collection":[{"href":"https:\/\/www.europesays.com\/es\/wp-json\/wp\/v2\/posts"}],"about":[{"href":"https:\/\/www.europesays.com\/es\/wp-json\/wp\/v2\/types\/post"}],"author":[{"embeddable":true,"href":"https:\/\/www.europesays.com\/es\/wp-json\/wp\/v2\/users\/2"}],"replies":[{"embeddable":true,"href":"https:\/\/www.europesays.com\/es\/wp-json\/wp\/v2\/comments?post=72531"}],"version-history":[{"count":0,"href":"https:\/\/www.europesays.com\/es\/wp-json\/wp\/v2\/posts\/72531\/revisions"}],"wp:featuredmedia":[{"embeddable":true,"href":"https:\/\/www.europesays.com\/es\/wp-json\/wp\/v2\/media\/72532"}],"wp:attachment":[{"href":"https:\/\/www.europesays.com\/es\/wp-json\/wp\/v2\/media?parent=72531"}],"wp:term":[{"taxonomy":"category","embeddable":true,"href":"https:\/\/www.europesays.com\/es\/wp-json\/wp\/v2\/categories?post=72531"},{"taxonomy":"post_tag","embeddable":true,"href":"https:\/\/www.europesays.com\/es\/wp-json\/wp\/v2\/tags?post=72531"}],"curies":[{"name":"wp","href":"https:\/\/api.w.org\/{rel}","templated":true}]}}