{"id":725320,"date":"2026-08-22T14:13:11","date_gmt":"2026-08-22T14:13:11","guid":{"rendered":"https:\/\/www.europesays.com\/es\/725320\/"},"modified":"2026-08-22T14:13:11","modified_gmt":"2026-08-22T14:13:11","slug":"economia-el-precio-de-los-carburantes-en-maximos-de-este-verano","status":"publish","type":"post","link":"https:\/\/www.europesays.com\/es\/725320\/","title":{"rendered":"ECONOM\u00cdA: El precio de los carburantes, en m\u00e1ximos de este verano"},"content":{"rendered":"<p class=\"paragraph-atom &#10;        A-500-300-700-N A-550-300-700-N--md  \">\n                    El precio de los carburantes experimenta una fuerte escalada tras encadenar siete semanas consecutivas de subidas generalizadas, lo que sit\u00faa el coste de la gasolina y el gas\u00f3leo en m\u00e1ximos del verano. El encarecimiento acumulado desde finales de junio supera ya el 18% en la gasolina y el 21% en el di\u00e9sel, golpeando con dureza el bolsillo de los conductores en vacaciones.\n            <\/p>\n<p class=\"paragraph-atom &#10;        A-500-300-700-N A-550-300-700-N--md  \">\n                    Estos precios al alza de los carburantes coinciden, adem\u00e1s, con el mes de agosto, que es uno de los periodos del a\u00f1o donde m\u00e1s desplazamientos de veh\u00edculos se registra por<strong> el periodo vacacional, con un total de 54,5 millones de largo recorrido <\/strong>previstos para todo el mes, seg\u00fan estimaciones de la Direcci\u00f3n General de Tr\u00e1fico (DGT).\n            <\/p>\n<p class=\"paragraph-atom &#10;        A-500-300-700-N A-550-300-700-N--md  \">\n                    El precio medio del litro del gas\u00f3leo, se ha incrementado esta semana un 0,38% con respecto a la anterior, para situarse en los 1,828 euros, su nivel m\u00e1s alto desde mediados de abril. Por su parte, el precio medio del litro de la gasolina ha escalado esta semana hasta los 1,705 euros, tras encarecerse un 0,17% con respecto a la semana pasada, para mantenerse en m\u00e1ximos desde la semana del 23 de abril.\n            <\/p>\n<p class=\"paragraph-atom &#10;        A-500-300-700-N A-550-300-700-N--md  \">\n                    De esta manera, tras los encarecimientos en estas siete \u00faltimas semanas, el precio medio del di\u00e9sel y de la gasolina <strong>se acercan as\u00ed a los 1,883 euros y 1,733 euros por litro, respectivamente,<\/strong> <strong>que tocaron en la semana anterior a la entrada en vigor en marzo de las primeras medidas fiscales del Gobierno<\/strong> para contener el impacto en los precios de la guerra en Ir\u00e1n.\n            <\/p>\n","protected":false},"excerpt":{"rendered":"El precio de los carburantes experimenta una fuerte escalada tras encadenar siete semanas consecutivas de subidas generalizadas, lo&hellip;\n","protected":false},"author":2,"featured_media":725321,"comment_status":"","ping_status":"","sticky":false,"template":"","format":"standard","meta":{"footnotes":""},"categories":[80],"tags":[82,31242,95,94,25,24,11039,3282,23,1793],"class_list":["post-725320","post","type-post","status-publish","format-standard","has-post-thumbnail","category-economia","tag-business","tag-carburantes","tag-economia","tag-economy","tag-es","tag-espana","tag-maximos","tag-precio","tag-spain","tag-verano"],"share_on_mastodon":{"url":"https:\/\/pubeurope.com\/@es\/117139578604163400","error":""},"_links":{"self":[{"href":"https:\/\/www.europesays.com\/es\/wp-json\/wp\/v2\/posts\/725320","targetHints":{"allow":["GET"]}}],"collection":[{"href":"https:\/\/www.europesays.com\/es\/wp-json\/wp\/v2\/posts"}],"about":[{"href":"https:\/\/www.europesays.com\/es\/wp-json\/wp\/v2\/types\/post"}],"author":[{"embeddable":true,"href":"https:\/\/www.europesays.com\/es\/wp-json\/wp\/v2\/users\/2"}],"replies":[{"embeddable":true,"href":"https:\/\/www.europesays.com\/es\/wp-json\/wp\/v2\/comments?post=725320"}],"version-history":[{"count":0,"href":"https:\/\/www.europesays.com\/es\/wp-json\/wp\/v2\/posts\/725320\/revisions"}],"wp:featuredmedia":[{"embeddable":true,"href":"https:\/\/www.europesays.com\/es\/wp-json\/wp\/v2\/media\/725321"}],"wp:attachment":[{"href":"https:\/\/www.europesays.com\/es\/wp-json\/wp\/v2\/media?parent=725320"}],"wp:term":[{"taxonomy":"category","embeddable":true,"href":"https:\/\/www.europesays.com\/es\/wp-json\/wp\/v2\/categories?post=725320"},{"taxonomy":"post_tag","embeddable":true,"href":"https:\/\/www.europesays.com\/es\/wp-json\/wp\/v2\/tags?post=725320"}],"curies":[{"name":"wp","href":"https:\/\/api.w.org\/{rel}","templated":true}]}}