{"id":725422,"date":"2026-08-22T15:38:25","date_gmt":"2026-08-22T15:38:25","guid":{"rendered":"https:\/\/www.europesays.com\/es\/725422\/"},"modified":"2026-08-22T15:38:25","modified_gmt":"2026-08-22T15:38:25","slug":"fernandisco-presentador-y-locutor-una-de-las-entrevistas-de-mi-vida-que-no-olvidare-jamas-fue-a-george-michael-que-aparecio-por-el-estudio-y-me-queria-morir","status":"publish","type":"post","link":"https:\/\/www.europesays.com\/es\/725422\/","title":{"rendered":"Fernandisco, presentador y locutor: \u00abUna de las entrevistas de mi vida, que no olvidar\u00e9 jam\u00e1s, fue a George Michael, que apareci\u00f3 por el estudio y me quer\u00eda morir\u00bb"},"content":{"rendered":"<p data-journey-content=\"true\" data-node-id=\"3\" class=\"css-1ood0zq emevuu60\"><a href=\"https:\/\/www.diezminutos.es\/teleprograma\/programas-tv\/a1987383\/love-the-90s-tv-fernandisco-telecinco\/\" target=\"_blank\" data-vars-ga-outbound-link=\"https:\/\/www.diezminutos.es\/teleprograma\/programas-tv\/a1987383\/love-the-90s-tv-fernandisco-telecinco\/\" data-vars-ga-ux-element=\"Hyperlink\" data-vars-ga-call-to-action=\"Fernandisco\" data-node-id=\"3.0\" class=\"body-link css-1v1lrc0 emevuu60\" rel=\"nofollow noopener\">Fernandisco<\/a> es un cl\u00e1sico de las ondas. <strong data-node-id=\"3.2\">Los 40 Principales acaban de cumplir 60 a\u00f1os <\/strong>este verano y hace menos de dos que regres\u00f3 a la que considera su casa, donde dej\u00f3 tal huella que parece que nunca se fue. Nos citamos tras terminar su jornada radiof\u00f3nica en &#8216;Los 40 Classic&#8217; para hablar de su trayectoria, que le ha convertido en una de las voces legendarias de la radio, algo que nunca imagin\u00f3: \u00abNunca jam\u00e1s. Aunque es verdad que luego me ha acompa\u00f1ado toda mi vida el \u00abnever say, never again\u00bb, nunca imagin\u00e9 que Fernandisco ser\u00eda una marca. Y que la gente me querr\u00eda tanto, porque es algo con lo que no cuentas nunca\u00bb. Adem\u00e1s, revela cu\u00e1l es el artista al que ha entrevistado que m\u00e1s le ha sorprendido. \u00abUna de las entrevistas de mi vida, que no olvidar\u00e9 jam\u00e1s, fue a George Michael, que apareci\u00f3 por el estudio y me quer\u00eda morir\u00bb, recuerda. <\/p>\n<p data-journey-content=\"true\" data-node-id=\"9\" class=\"css-1ood0zq emevuu60\">Fernandisco reconoce que lo de tener un sello propio es lo m\u00e1s complicado: \u00abEl tener un sonido y un estilo propio a la hora de comunicar. <strong data-node-id=\"9.1\">Cuando yo hablo, tengo la sensaci\u00f3n de que la gente ha entendido que soy un fabricante de \u00e9xitos.<\/strong> Pero sobre todo, yo trabajo para que la gente sea feliz, y he comprendido que, para eso, yo debo estar detr\u00e1s. El ego hay que mantenerlo siempre con la toma de tierra precisa. El ego te puede volver loco, y cuando te vuelves loco, te quedas solo\u00bb.<\/p>\n<p><img draggable=\"true\" alt=\"fernandisco entrevista con valeria vegas\" title=\"Fernandisco posa con Valeria Vegas\" loading=\"lazy\" width=\"3749\" height=\"2500\" decoding=\"async\" data-nimg=\"1\" style=\"color:transparent;width:100%;height:auto;\"   src=\"https:\/\/www.europesays.com\/es\/wp-content\/uploads\/2026\/08\/5b804454-3058-42a6-b6e1-ed7767cb2787.jpg\" class=\"css-0 e1ddfba50\"\/><\/p>\n<p>Fernando Roi Ayudante: Sara Guill\u00e9n<\/p>\n<p data-journey-content=\"true\" data-node-id=\"14\" class=\"css-1ood0zq emevuu60\"><strong data-node-id=\"14.0\">Fernandisco se ha hecho a s\u00ed mismo porque, tal como me explica:<\/strong> \u00abComo Fernandisco, hay un 80% de autodidacta y un 20% de toda la gente que ha pasado por mi camino, y no solo maestros como Joaqu\u00edn Luqui, \u00c1ngel \u00c1lvarez o <a href=\"https:\/\/www.diezminutos.es\/famosos-corazon\/famosos-espanoles\/news\/a562\/adios-a-constantino-romero-la-voz-mas-emblematica-de-los-ultimos-50-anos\/\" target=\"_blank\" data-vars-ga-outbound-link=\"https:\/\/www.diezminutos.es\/famosos-corazon\/famosos-espanoles\/news\/a562\/adios-a-constantino-romero-la-voz-mas-emblematica-de-los-ultimos-50-anos\/\" data-vars-ga-ux-element=\"Hyperlink\" data-vars-ga-call-to-action=\"Constantino Romero\" data-node-id=\"14.2\" class=\"body-link css-1v1lrc0 emevuu60\" rel=\"nofollow noopener\">Constantino Romero<\/a>, tambi\u00e9n gente que me ha marcado y no he podido conocer, y ah\u00ed hay un poco de Orson Welles, Alan Parsons, James Dean, Steve McQueen y Pink Floyd\u00bb.  <\/p>\n<p>Fernandisco: \u00abMi madre me llev\u00f3 al psic\u00f3logo porque hablaba solo y levantaba la tapa del lavabo y saludaba\u201d\u00bb<\/p>\n<p data-journey-content=\"true\" data-node-id=\"20\" class=\"css-1ood0zq emevuu60\">Lo de comunicar le viene desde peque\u00f1ito: \u00abYa de muy peque\u00f1o se intu\u00eda que quer\u00eda comunicar y mi madre me llev\u00f3 al psic\u00f3logo, porque hablaba solo y hasta levantaba la tapa del lavabo y saludaba, o quer\u00eda saber qui\u00e9n estaba detr\u00e1s de un transistor. <strong data-node-id=\"20.1\">Nac\u00ed para que me escucharan, pero nunca sue\u00f1as con que te vayan a o\u00edr millones de personas\u00bb, revela.<\/strong> Fernandisco tiene una carrera labrada a base de mucho trabajo e ingenio y reconoce que las cosas ahora no son igual: \u00abAhora todo se desvanece con mucha facilidad y pienso que <strong data-node-id=\"20.3\">el postureo le hace da\u00f1o a los profesionales. No puede ser eso de \u2018&#8217;este a\u00f1o soy influencer y el a\u00f1o que viene ya veremos lo que soy&#8217;. Esto es una carrera de fondo<\/strong>. Y el micr\u00f3fono es un veneno que no tiene explicaci\u00f3n alguna\u00bb. <\/p>\n<p><img draggable=\"true\" alt=\"fernandisco en el estudio de los 40 principales\" title=\"Fernandisco\" loading=\"lazy\" width=\"2500\" height=\"3749\" decoding=\"async\" data-nimg=\"1\" style=\"color:transparent;width:100%;height:auto;\"   src=\"https:\/\/www.europesays.com\/es\/wp-content\/uploads\/2026\/08\/a1719e09-c060-4970-93da-a6cdd1c3d857.jpg\" class=\"css-0 e1ddfba50\"\/><\/p>\n<p>Fernando Roi Ayudante: Sara Guill\u00e9n<\/p>\n<p data-journey-content=\"true\" data-node-id=\"25\" class=\"css-1ood0zq emevuu60\">Fernandisco se hizo popular saliendo en Canal Plus con &#8216;Del 40 al 1&#8217; donde lleg\u00f3 tras ganar un casting de 300 personas: \u00ab<strong data-node-id=\"25.1\">En Los 40 hab\u00eda un acuerdo con Canal Plus, y hubo un casting de 300 personas. Gan\u00e9 ese puesto y estuve 12 a\u00f1os, cada mediod\u00eda<\/strong>. El canal estaba codificado y se abr\u00eda conmigo, que lo hac\u00eda en abierto. Y ah\u00ed surge de verdad Fernandisco, ah\u00ed se estira el chicle\u00bb, recuerda.<\/p>\n<p><img draggable=\"true\" alt=\"fernandisco entrevista con valeria vegas\" title=\"Fernandisco\" loading=\"lazy\" width=\"2500\" height=\"3749\" decoding=\"async\" data-nimg=\"1\" style=\"color:transparent;width:100%;height:auto;\"   src=\"https:\/\/www.europesays.com\/es\/wp-content\/uploads\/2026\/08\/bf0fd29b-8d29-4a74-b0a6-b5aa96c44099.jpg\" class=\"css-0 e1ddfba50\"\/><\/p>\n<p>Fernando Roi Ayudante: Sara Guill\u00e9n<\/p>\n<p>Fernandisco: \u00abMi hija no quer\u00eda que fuera al colegio porque la llamaban Fernandisca\u00bb<\/p>\n<p data-journey-content=\"true\" data-node-id=\"31\" class=\"css-1ood0zq emevuu60\">Le pregunto de d\u00f3nde surge el nombre Fernandisco: \u00ab<strong data-node-id=\"31.1\">Iba con un grupo de por lo menos catorce amigos a comprarnos camisetas y zapatillas, y uno dijo: &#8216;dame un mordisco, Fernandisco&#8217;. Me percat\u00e9 de que era buen\u00edsimo<\/strong>. \u00bfC\u00f3mo se le pudo ocurrir a aquel t\u00edo? No me acuerdo ni c\u00f3mo se llamaba. Enseguida lo incorpor\u00e9 y me lo qued\u00e9 para siempre. Y excepto mi familia, mi mujer y mis hijos, todo el mundo me llama Fernandisco\u00bb.  Dice que sus hijos llevaron su fama con normalidad: \u00abTanto Paola como Ferr\u00e1n lo llevaron con normalidad. Pero recuerdo que <strong data-node-id=\"31.3\">Paola, conforme fue creciendo, le dijo a mi mujer, Isabel, &#8216;oye, dile a pap\u00e1 que no venga al colegio a traerme ni a buscarme, porque me llaman Fernandisca<\/strong>&#8216;. Ahora nos re\u00edmos, pero cuando ocurre, es dif\u00edcil de entender\u00bb. <\/p>\n<p><img draggable=\"true\" alt=\"fernandisco posa con vinilos de tina turner\" title=\"Fernandisco posa con vinilos de Tina Turner\" loading=\"lazy\" width=\"2500\" height=\"3749\" decoding=\"async\" data-nimg=\"1\" style=\"color:transparent;width:100%;height:auto;\"   src=\"https:\/\/www.europesays.com\/es\/wp-content\/uploads\/2026\/08\/ae20fe3d-3379-4393-9e23-90f3cfe359fc.jpg\" class=\"css-0 e1ddfba50\"\/><\/p>\n<p>Fernando Roi Ayudante: Sara Guill\u00e9n<\/p>\n<p>Fernandisco: \u00abTengo en casa unos 50.000 ced\u00e9s y cuarenta y pico mil vinilos\u00bb<\/p>\n<p data-journey-content=\"true\" data-node-id=\"37\" class=\"css-1ood0zq emevuu60\">En tantas d\u00e9cadas de profesi\u00f3n ha almacenado mucha m\u00fasica, exactamente \u00abunos cincuenta mil CDs y cuarenta y pico mil vinilos. Y hay tambi\u00e9n discos firmados por Mecano, Abba, Prince, Elton John\u2026\u00bb y ha hecho muchas entrevistas. \u00abUna de las entrevistas de mi vida fue a <a href=\"https:\/\/www.diezminutos.es\/famosos-corazon\/famosos-extranjeros\/news\/g14115\/muere-george-michael\/\" target=\"_blank\" data-vars-ga-outbound-link=\"https:\/\/www.diezminutos.es\/famosos-corazon\/famosos-extranjeros\/news\/g14115\/muere-george-michael\/\" data-vars-ga-ux-element=\"Hyperlink\" data-vars-ga-call-to-action=\"George Michael\" data-node-id=\"37.1\" class=\"body-link css-1v1lrc0 emevuu60\" rel=\"nofollow noopener\">George Michael<\/a>, que apareci\u00f3 por el estudio y me quer\u00eda morir. Le dije que llevaba imit\u00e1ndole toda la vida, me hab\u00eda puesto un pendiente por \u00e9l, me compr\u00e9 una cazadora de piel, las botas y los vaqueros como \u00e9l. Lo tuve delante y eso no volver\u00e1 a ocurrir. Igual que con <strong data-node-id=\"37.3\">Whitney Houston. A ella le pregunt\u00e9 por la pel\u00edcula de &#8216;El guardaespaldas&#8217; y por Kevin Costner, y me hizo un gesto, de lenguaje no verbal, feliz, que le brillaba la cara, y entend\u00ed que algo tuvo que pasar<\/strong>\u00ab. <\/p>\n<p data-journey-content=\"true\" data-node-id=\"41\" class=\"css-1ood0zq emevuu60\">Para terminar, le pregunto si piensa en la jubilaci\u00f3n: Solo concibo seguir currando; lo m\u00edo es pasi\u00f3n en estado puro. Pero la deformaci\u00f3n profesional tambi\u00e9n es un co\u00f1azo y mi familia me exige un poco de tiempo y no es f\u00e1cil de llevar. No veo la jubilaci\u00f3n y morir\u00e9 con las botas puestas. S\u00e9 que acabar\u00e9 saliendo al escenario con una muleta. Y mira ah\u00ed, a Paul McCartney con 84 a\u00f1os o a Keith Richards y Mick Jagger con 83&#8243;. <\/p>\n<p>La foto favorita de Fernandisco<img draggable=\"true\" alt=\"fernandisco posa con elton john en su foto favorita\" title=\"Fernandisco posa con Elton John en su foto favorita\" loading=\"lazy\" width=\"3636\" height=\"2500\" decoding=\"async\" data-nimg=\"1\" style=\"color:transparent;width:100%;height:auto;\"   src=\"https:\/\/www.europesays.com\/es\/wp-content\/uploads\/2026\/08\/b66cae7b-477b-4312-a2bc-709a73054813.jpg\" class=\"css-0 e1ddfba50\"\/><\/p>\n<p>Fernando Roi Ayudante: Sara Guill\u00e9n<\/p>\n<p data-journey-content=\"true\" data-node-id=\"47\" class=\"css-1ood0zq emevuu60\">\u00abEsta foto es de un momento muy especial porque Elton John me regal\u00f3 dos horas de su vida\u00bb, recuerda Fernandisco de esta imagen.<\/p>\n","protected":false},"excerpt":{"rendered":"Fernandisco es un cl\u00e1sico de las ondas. Los 40 Principales acaban de cumplir 60 a\u00f1os este verano y&hellip;\n","protected":false},"author":2,"featured_media":725423,"comment_status":"","ping_status":"","sticky":false,"template":"","format":"standard","meta":{"footnotes":""},"categories":[174],"tags":[255,253,146,147,25,24,256,12719,23],"class_list":["post-725422","post","type-post","status-publish","format-standard","has-post-thumbnail","category-famosos","tag-celebrities","tag-discover","tag-entertainment","tag-entretenimiento","tag-es","tag-espana","tag-famosos","tag-print","tag-spain"],"share_on_mastodon":{"url":"https:\/\/pubeurope.com\/@es\/117139912212705648","error":""},"_links":{"self":[{"href":"https:\/\/www.europesays.com\/es\/wp-json\/wp\/v2\/posts\/725422","targetHints":{"allow":["GET"]}}],"collection":[{"href":"https:\/\/www.europesays.com\/es\/wp-json\/wp\/v2\/posts"}],"about":[{"href":"https:\/\/www.europesays.com\/es\/wp-json\/wp\/v2\/types\/post"}],"author":[{"embeddable":true,"href":"https:\/\/www.europesays.com\/es\/wp-json\/wp\/v2\/users\/2"}],"replies":[{"embeddable":true,"href":"https:\/\/www.europesays.com\/es\/wp-json\/wp\/v2\/comments?post=725422"}],"version-history":[{"count":0,"href":"https:\/\/www.europesays.com\/es\/wp-json\/wp\/v2\/posts\/725422\/revisions"}],"wp:featuredmedia":[{"embeddable":true,"href":"https:\/\/www.europesays.com\/es\/wp-json\/wp\/v2\/media\/725423"}],"wp:attachment":[{"href":"https:\/\/www.europesays.com\/es\/wp-json\/wp\/v2\/media?parent=725422"}],"wp:term":[{"taxonomy":"category","embeddable":true,"href":"https:\/\/www.europesays.com\/es\/wp-json\/wp\/v2\/categories?post=725422"},{"taxonomy":"post_tag","embeddable":true,"href":"https:\/\/www.europesays.com\/es\/wp-json\/wp\/v2\/tags?post=725422"}],"curies":[{"name":"wp","href":"https:\/\/api.w.org\/{rel}","templated":true}]}}