{"id":725424,"date":"2026-08-22T15:44:33","date_gmt":"2026-08-22T15:44:33","guid":{"rendered":"https:\/\/www.europesays.com\/es\/725424\/"},"modified":"2026-08-22T15:44:33","modified_gmt":"2026-08-22T15:44:33","slug":"las-mejores-peliculas-que-se-estrenan-en-cines-este-2026","status":"publish","type":"post","link":"https:\/\/www.europesays.com\/es\/725424\/","title":{"rendered":"Las mejores pel\u00edculas que se estrenan en cines este 2026"},"content":{"rendered":"<p class=\"wp-block-paragraph\">El <strong>a\u00f1o cinematogr\u00e1fico<\/strong> encara su recta final y la cartelera se prepara para desplegar su artiller\u00eda m\u00e1s pesada. Tras un curso repleto de sorpresas y \u00e9xitos de taquilla, las salas de cine reciben los <strong>\u00faltimos meses de 2026 <\/strong>cargadas de pel\u00edculas para todos los p\u00fablicos, desde las producciones locales m\u00e1s esperadas hasta los \u00faltimos grandes blockbusters dise\u00f1ados para dominar las salas comerciales.<\/p>\n<p class=\"wp-block-paragraph\">A continuaci\u00f3n, repasamos la <strong>lista completa con las <a href=\"https:\/\/www.elindependiente.com\/tendencias\/2026\/03\/18\/dune-parte-3-imagenes-trailer\/\" data-type=\"link\" data-id=\"https:\/\/www.elindependiente.com\/tendencias\/2026\/03\/18\/dune-parte-3-imagenes-trailer\/\" rel=\"nofollow noopener\" target=\"_blank\">pel\u00edculas<\/a> imprescindibles<\/strong> que llegar\u00e1n a la gran pantalla antes de que suenen las doce campanadas (y cinco pel\u00edculas extra que se estrenar\u00e1n en 2027). Una <strong>gu\u00eda <\/strong>definitiva para que los cin\u00e9filos marquen en rojo las fechas clave y no se pierdan ninguno de los grandes lanzamientos que est\u00e1n por venir.<\/p>\n<p>PUBLICIDAD<\/p>\n<p>                <img loading=\"lazy\" decoding=\"async\" src=\"data:image\/svg+xml,%3Csvg%20xmlns=\" http:=\"\" width=\"809\" height=\"1200\" alt=\"\" data-lazy-src=\"https:\/\/www.europesays.com\/es\/wp-content\/uploads\/2026\/08\/resident-evil-18-de-septiembre.jpg\"\/><\/p>\n<p>\n                                                                            Resident Evil &#8211; 18 de septiembre\n                                                                    <\/p>\n<p>En Resident Evil, un repartidor m\u00e9dico queda atrapado durante el estallido inicial del Virus-T en Raccoon City mientras intenta sobrevivir a una noche plagada de infectados.\n<\/p>\n<p>                <img loading=\"lazy\" decoding=\"async\" src=\"data:image\/svg+xml,%3Csvg%20xmlns=\" http:=\"\" width=\"840\" height=\"1200\" alt=\"\" data-lazy-src=\"https:\/\/www.europesays.com\/es\/wp-content\/uploads\/2026\/08\/la-bola-negra-25-de-septiembre.jpg\"\/><\/p>\n<p>\n                                                                            La bola negra &#8211; 25 de septiembre\n                                                                    <\/p>\n<p>La bola negra de Los Javis explora las vidas entrelazadas de tres hombres en \u00e9pocas distintas (1932, 1937 y 2017) conectados por el deseo, el dolor y la memoria hist\u00f3rica. Con una obra inacabada de Federico Garc\u00eda Lorca como hilo conductor, la pel\u00edcula reflexiona sobre la identidad y la herencia del pasado en Espa\u00f1a.<\/p>\n<p>                <img loading=\"lazy\" decoding=\"async\" src=\"data:image\/svg+xml,%3Csvg%20xmlns=\" http:=\"\" width=\"810\" height=\"1200\" alt=\"\" data-lazy-src=\"https:\/\/www.europesays.com\/es\/wp-content\/uploads\/2026\/08\/en-el-corazon-de-la-bestia-25-de-septiembre.jpg\"\/><\/p>\n<p>\n                                                                            En el coraz\u00f3n de la bestia &#8211; 25 de septiembre\n                                                                    <\/p>\n<p>En el coraz\u00f3n de la bestia sigue a un exsoldado de las fuerzas especiales que busca rehacer su vida trabajando como gu\u00eda en la naturaleza salvaje de Alaska. La trama da un giro brutal cuando debe enfrentarse a una letal red de cazadores furtivos mientras intenta proteger a su perro adiestrado de combate.\n<\/p>\n<p>                <img loading=\"lazy\" decoding=\"async\" src=\"data:image\/svg+xml,%3Csvg%20xmlns=\" http:=\"\" width=\"811\" height=\"1200\" alt=\"\" data-lazy-src=\"https:\/\/www.europesays.com\/es\/wp-content\/uploads\/2026\/08\/digger-2-de-octubre.jpg\"\/><\/p>\n<p>\n                                                                            Digger &#8211; 2 de octubre\n                                                                    <\/p>\n<p>Un l\u00edder absoluto desencadena una cat\u00e1strofe global y se lanza a una carrera desquiciada a contrarreloj para remediarla. Obsesionado con limpiar su nombre y salvar su legado, intentar\u00e1 erigirse como el h\u00e9roe definitivo antes de que su propio caos lo devore.\n<\/p>\n<p>                <img loading=\"lazy\" decoding=\"async\" src=\"data:image\/svg+xml,%3Csvg%20xmlns=\" http:=\"\" width=\"300\" height=\"444\" alt=\"\" data-lazy-src=\"https:\/\/www.europesays.com\/es\/wp-content\/uploads\/2026\/08\/verity-la-sombra-de-un-engano-2-de-octubre.jpg\"\/><\/p>\n<p>\n                                                                            Verity. La sombra de un enga\u00f1o &#8211; 2 de octubre\n                                                                    <\/p>\n<p>Contratada para terminar la saga de una famosa autora tras un misterioso accidente, una escritora fantasma se instala en el inquietante hogar del matrimonio. All\u00ed, oculta entre las notas inconclusas de la novelista, descubrir\u00e1 un manuscrito lleno de verdades oscuras que pondr\u00e1 en peligro su propia vida.\n<\/p>\n<p>                <img loading=\"lazy\" decoding=\"async\" src=\"data:image\/svg+xml,%3Csvg%20xmlns=\" http:=\"\" width=\"810\" height=\"1200\" alt=\"\" data-lazy-src=\"https:\/\/www.europesays.com\/es\/wp-content\/uploads\/2026\/08\/street-fighter-16-de-octubre.jpg\"\/><\/p>\n<p>\n                                                                            Street fighter &#8211; 16 de octubre\n                                                                    <\/p>\n<p>Ambientada en 1993, la historia re\u00fane a Ryu y Ken cuando Chun-Li los recluta para el brutal Torneo Mundial de Guerreros. Entre combates a muerte y fantasmas del pasado, los luchadores descubrir\u00e1n una conspiraci\u00f3n mortal que amenaza con destruir todo si no logran vencer.<\/p>\n<p>                <img loading=\"lazy\" decoding=\"async\" src=\"data:image\/svg+xml,%3Csvg%20xmlns=\" http:=\"\" width=\"830\" height=\"1200\" alt=\"\" data-lazy-src=\"https:\/\/www.europesays.com\/es\/wp-content\/uploads\/2026\/08\/the-uprising-30-de-octubre.jpg\"\/><\/p>\n<p>\n                                                                            The Uprising &#8211; 30 de octubre\n                                                                    <\/p>\n<p>En medio de la devastaci\u00f3n de la peste en la Inglaterra del siglo XIV, un humilde campesino desaf\u00eda los abusos de la Corona y prende la chispa de una revuelta contra el rey Ricardo II. Sin buscarlo, su desesperada lucha por la supervivencia lo transformar\u00e1 en la mayor leyenda de la resistencia popular.<\/p>\n<p>                <img loading=\"lazy\" decoding=\"async\" src=\"data:image\/svg+xml,%3Csvg%20xmlns=\" http:=\"\" width=\"848\" height=\"1200\" alt=\"\" data-lazy-src=\"https:\/\/www.europesays.com\/es\/wp-content\/uploads\/2026\/08\/sacamantecas-6-de-noviembre.jpg\"\/><\/p>\n<p>\n                                                                            Sacamantecas &#8211; 6 de noviembre\n                                                                    <\/p>\n<p>A finales del siglo XIX, con la III Guerra Carlista tocando a su fin, una sangrienta ola de asesinatos aterroriza a las afueras de Vitoria. Sedienta de justicia tras el estrangulamiento de su hermana, \u00c1ngela investiga por su cuenta para acorralar al sospechoso, Juan D\u00edaz de Garayo. <\/p>\n<p>                <img loading=\"lazy\" decoding=\"async\" src=\"data:image\/svg+xml,%3Csvg%20xmlns=\" http:=\"\" width=\"827\" height=\"1200\" alt=\"\" data-lazy-src=\"https:\/\/www.europesays.com\/es\/wp-content\/uploads\/2026\/08\/los-miserables-6-de-noviembre.jpg\"\/><\/p>\n<p>\n                                                                            Los miserables &#8211; 6 de noviembre\n                                                                    <\/p>\n<p>Tras cumplir 19 a\u00f1os de condena por robar un trozo de pan, Jean Valjean recupera la libertad marcado por la amargura. Decidido a enterrar su oscuro pasado y alcanzar la redenci\u00f3n, adopta una falsa identidad hasta convertirse en un pr\u00f3spero y respetado ciudadano, sin imaginar que la justicia jam\u00e1s le dejar\u00e1 de perseguir.\n<\/p>\n<p>                <img loading=\"lazy\" decoding=\"async\" src=\"data:image\/svg+xml,%3Csvg%20xmlns=\" http:=\"\" width=\"827\" height=\"1200\" alt=\"\" data-lazy-src=\"https:\/\/www.europesays.com\/es\/wp-content\/uploads\/2026\/08\/los-juegos-del-hambre-amanecer-en-la-cosecha-20-de-noviembre.jpg\"\/><\/p>\n<p>\n                                                                            Los juegos del hambre. Amanecer en la cosecha &#8211; 20 de noviembre\n                                                                    <\/p>\n<p>Veinticuatro a\u00f1os antes de la leyenda del Sinsajo, Panem amanece con la fat\u00eddica cosecha de los 50\u00ba Juegos del Hambre. Atrapado en el despiadado Segundo Vasallaje de los Veinticinco, un joven Haymitch Abernathy deber\u00e1 enfrentarse a sus peores pesadillas para sobrevivir a una arena letal.\n<\/p>\n<p>                <img loading=\"lazy\" decoding=\"async\" src=\"data:image\/svg+xml,%3Csvg%20xmlns=\" http:=\"\" width=\"839\" height=\"1200\" alt=\"\" data-lazy-src=\"https:\/\/www.europesays.com\/es\/wp-content\/uploads\/2026\/08\/el-director-27-de-noviembre.jpg\"\/><\/p>\n<p>\n                                                                            El director &#8211; 27 de noviembre\n                                                                    <\/p>\n<p>Tras m\u00e1s de 20 a\u00f1os como corresponsal de guerra, David Jim\u00e9nez asume la direcci\u00f3n de uno de los peri\u00f3dicos m\u00e1s influyentes de Espa\u00f1a. Su empe\u00f1o por ejercer un periodismo independiente chocar\u00e1 frontalmente con la red de presiones y poderes ocultos que maneja el editor de la cabecera, desencadenando una encarnizada batalla por el control y la dignidad de la redacci\u00f3n.\n<\/p>\n<p>                <img loading=\"lazy\" decoding=\"async\" src=\"data:image\/svg+xml,%3Csvg%20xmlns=\" http:=\"\" width=\"860\" height=\"1200\" alt=\"\" data-lazy-src=\"https:\/\/www.europesays.com\/es\/wp-content\/uploads\/2026\/08\/dune-parte-tres-18-de-diciembre.jpg\"\/><\/p>\n<p>\n                                                                            Dune Parte tres &#8211; 18 de diciembre\n                                                                    <\/p>\n<p>Diecisiete a\u00f1os despu\u00e9s de ser coronado, Paul Atreides gobierna el universo desde un Arrakis desolado por la sangrienta yihad que se desat\u00f3 en su nombre. Acorralado por terror\u00edficas visiones de un apocalipsis inminente, el Mes\u00edas deber\u00e1 sobrevivir a una letal conspiraci\u00f3n donde las Bene Gesserit, los Tleilaxu y la Cofrad\u00eda Espacial se han unido para destruirlo.\n<\/p>\n<p>                <img loading=\"lazy\" decoding=\"async\" src=\"data:image\/svg+xml,%3Csvg%20xmlns=\" http:=\"\" width=\"809\" height=\"1200\" alt=\"\" data-lazy-src=\"https:\/\/www.europesays.com\/es\/wp-content\/uploads\/2026\/08\/vengadores-doomsday-18-de-diciembre.jpg\"\/><\/p>\n<p>\n                                                                            Vengadores Doomsday &#8211; 18 de diciembre\n                                                                    <\/p>\n<p>El Doctor Doom entra en escena para convertirse en la amenaza m\u00e1s destructiva que jam\u00e1s haya cruzado el multiverso. Ante la inminente colapso de todas las realidades, Los Vengadores deber\u00e1n reunirse de nuevo para plantar cara al villano supremo en una batalla desesperada por la supervivencia de la existencia misma.\n<\/p>\n<p>                <img loading=\"lazy\" decoding=\"async\" src=\"data:image\/svg+xml,%3Csvg%20xmlns=\" http:=\"\" width=\"827\" height=\"1200\" alt=\"\" data-lazy-src=\"https:\/\/www.europesays.com\/es\/wp-content\/uploads\/2026\/08\/jumanji-mundo-abierto-25-de-diciembre.jpg\"\/><\/p>\n<p>\n                                                                            Jumanji: Mundo abierto &#8211; 25 de diciembre\n                                                                    <\/p>\n<p>Tras sobrevivir a las selvas virtuales del juego, los protagonistas se enfrentan a una amenaza impredecible cuando la consola falla y Jumanji irrumpe en la realidad, desatando el caos y sus criaturas salvajes en pleno mundo real.\n<\/p>\n<p>                <img loading=\"lazy\" decoding=\"async\" src=\"data:image\/svg+xml,%3Csvg%20xmlns=\" http:=\"\" width=\"809\" height=\"1200\" alt=\"\" data-lazy-src=\"https:\/\/www.europesays.com\/es\/wp-content\/uploads\/2026\/08\/ice-age-en-ebullicion-5-de-febrero.jpg\"\/><\/p>\n<p>\n                                                                            Ice Age En ebullici\u00f3n &#8211; 5 de febrero\n                                                                    <\/p>\n<p>Sexta entrega de la saga \u00abIce Age\u00bb. Contar\u00e1 con la aparici\u00f3n de Baby Scrat, que apareci\u00f3 por primera vez en \u00abScrat Tales\u00bb.\n<\/p>\n<p>                <img loading=\"lazy\" decoding=\"async\" src=\"data:image\/svg+xml,%3Csvg%20xmlns=\" http:=\"\" width=\"827\" height=\"1200\" alt=\"\" data-lazy-src=\"https:\/\/www.europesays.com\/es\/wp-content\/uploads\/2026\/08\/sonic-4-19-de-marzo.jpg\"\/><\/p>\n<p>\n                                                                            Sonic 4 &#8211; 19 de marzo\n                                                                    <\/p>\n<p>El erizo azul regresa a las salas de cine para plantar cara a una nueva y peligrosa amenaza espacial que pone en jaque la Tierra. Para salvar el planeta, Sonic y sus aliados deber\u00e1n librar la batalla definitiva a m\u00e1xima velocidad.\n<\/p>\n<p>                <img loading=\"lazy\" decoding=\"async\" src=\"data:image\/svg+xml,%3Csvg%20xmlns=\" http:=\"\" width=\"820\" height=\"1189\" alt=\"\" data-lazy-src=\"https:\/\/www.europesays.com\/es\/wp-content\/uploads\/2026\/08\/the-legend-of-zelda-30-de-abril.jpg\"\/><\/p>\n<p>\n                                                                            The legend of zelda &#8211; 30 de abril\n                                                                    <\/p>\n<p>Adaptaci\u00f3n en imagen real del legendario videojuego de Nintendo, producida por el propio Shigeru Miyamoto. Tras completar su filmaci\u00f3n a principios de a\u00f1o, la historia adaptar\u00e1 los m\u00e1gicos y peligrosos viajes de Link a trav\u00e9s del reino de Hyrule para enfrentarse al mal y proteger el poder de la Trifuerza.\n<\/p>\n<p>                <img loading=\"lazy\" decoding=\"async\" src=\"data:image\/svg+xml,%3Csvg%20xmlns=\" http:=\"\" width=\"892\" height=\"1200\" alt=\"\" data-lazy-src=\"https:\/\/www.europesays.com\/es\/wp-content\/uploads\/2026\/08\/shrek-5-30-de-junio.jpg\"\/><\/p>\n<p>\n                                                                            Shrek 5 &#8211; 30 de junio\n                                                                    <\/p>\n<p>Shrek, Asno y Fiona regresan junto a sus tres hijos adolescentes en una nueva aventura que los llevar\u00e1 a la vibrante ciudad de Further Further Away. All\u00ed, la familia deber\u00e1 adaptarse a los disparatados cambios de la juventud mientras se enfrentan a una amenaza in\u00e9dita para el reino.\n<\/p>\n<p>            <a class=\"articulo-relacionado__media\" href=\"https:\/\/www.elindependiente.com\/tendencias\/2026\/07\/22\/ryan-reinolds-confirma-nueva-pelicula-deadpool\/\" title=\"Ryan Reynolds confirma &#039;Deadpool 4&#039; y adelanta un cambio clave para el futuro del personaje\" rel=\"nofollow noopener\" target=\"_blank\"><\/p>\n<p>                <img loading=\"lazy\" decoding=\"async\" src=\"data:image\/svg+xml,%3Csvg%20xmlns=\" http:=\"\" width=\"390\" height=\"220\" alt=\"Ryan Reynolds confirma 'Deadpool 4' y adelanta un cambio clave para el futuro del personaje\" data-lazy-src=\"https:\/\/www.europesays.com\/es\/wp-content\/uploads\/2026\/08\/deadpool-874802170-large-390x220.jpg\"\/><\/p>\n<p>\t\t\t            <\/a><\/p>\n","protected":false},"excerpt":{"rendered":"El a\u00f1o cinematogr\u00e1fico encara su recta final y la cartelera se prepara para desplegar su artiller\u00eda m\u00e1s pesada.&hellip;\n","protected":false},"author":2,"featured_media":725425,"comment_status":"","ping_status":"","sticky":false,"template":"","format":"standard","meta":{"footnotes":""},"categories":[169],"tags":[177,146,147,25,24,176,175,975,23,2922],"class_list":["post-725424","post","type-post","status-publish","format-standard","has-post-thumbnail","category-cine","tag-cine","tag-entertainment","tag-entretenimiento","tag-es","tag-espana","tag-film","tag-movies","tag-seo","tag-spain","tag-tendencias"],"share_on_mastodon":{"url":"https:\/\/pubeurope.com\/@es\/117139935846716465","error":""},"_links":{"self":[{"href":"https:\/\/www.europesays.com\/es\/wp-json\/wp\/v2\/posts\/725424","targetHints":{"allow":["GET"]}}],"collection":[{"href":"https:\/\/www.europesays.com\/es\/wp-json\/wp\/v2\/posts"}],"about":[{"href":"https:\/\/www.europesays.com\/es\/wp-json\/wp\/v2\/types\/post"}],"author":[{"embeddable":true,"href":"https:\/\/www.europesays.com\/es\/wp-json\/wp\/v2\/users\/2"}],"replies":[{"embeddable":true,"href":"https:\/\/www.europesays.com\/es\/wp-json\/wp\/v2\/comments?post=725424"}],"version-history":[{"count":0,"href":"https:\/\/www.europesays.com\/es\/wp-json\/wp\/v2\/posts\/725424\/revisions"}],"wp:featuredmedia":[{"embeddable":true,"href":"https:\/\/www.europesays.com\/es\/wp-json\/wp\/v2\/media\/725425"}],"wp:attachment":[{"href":"https:\/\/www.europesays.com\/es\/wp-json\/wp\/v2\/media?parent=725424"}],"wp:term":[{"taxonomy":"category","embeddable":true,"href":"https:\/\/www.europesays.com\/es\/wp-json\/wp\/v2\/categories?post=725424"},{"taxonomy":"post_tag","embeddable":true,"href":"https:\/\/www.europesays.com\/es\/wp-json\/wp\/v2\/tags?post=725424"}],"curies":[{"name":"wp","href":"https:\/\/api.w.org\/{rel}","templated":true}]}}