{"id":725584,"date":"2026-08-22T17:56:11","date_gmt":"2026-08-22T17:56:11","guid":{"rendered":"https:\/\/www.europesays.com\/es\/725584\/"},"modified":"2026-08-22T17:56:11","modified_gmt":"2026-08-22T17:56:11","slug":"masaveu-sobre-jon-rahm-elegira-lo-que-sea-mejor-para-el","status":"publish","type":"post","link":"https:\/\/www.europesays.com\/es\/725584\/","title":{"rendered":"Masaveu, sobre Jon Rahm: \u00abElegir\u00e1 lo que sea mejor para \u00e9l\u00bb"},"content":{"rendered":"<p>El madrile\u00f1o Masaveu asegura a Garrett Johnston que no ha hablado con Jon Rahm y cree que elegir\u00e1 la mejor opci\u00f3n para continuar su carrera<img fetchpriority=\"high\" decoding=\"async\" class=\"size-full wp-image-333653\" src=\"https:\/\/www.europesays.com\/es\/wp-content\/uploads\/2026\/08\/Luis-Masaveu-declas-LIV-Gold-Indianapolis-2026.jpg\" alt=\"Declaraciones Luis Masaveu, Luis Masaveu, LIV Golf, Jon Rahm,\" width=\"1500\" height=\"1000\"  \/>Para Masaveu, cada jugador debe analizar su situaci\u00f3n antes de escoger su pr\u00f3ximo paso profesional refiri\u00e9ndose a Jon Rahm y el LIV Golf<\/p>\n<p style=\"text-align: justify;\"><strong>Luis Masaveu<\/strong> se ha pronunciado sobre el futuro de <strong>Jon Rahm<\/strong> en <strong>LIV Golf<\/strong> durante el torneo de <strong>Indian\u00e1polis<\/strong>. El madrile\u00f1o reconoce que desconoce qu\u00e9 decisi\u00f3n tomar\u00e1 su compatriota ante las dudas que rodean actualmente al circuito.\u00a0Las declaraciones fueron realizadas en una <a style=\"color: #008000;\" href=\"https:\/\/x.com\/NUCLRGOLF\/status\/2091162614898274399\/video\/1\" rel=\"nofollow\"><strong>entrevista concedida al periodista Garrett Johnston<\/strong><\/a>, quien pregunt\u00f3 directamente a Masaveu por la situaci\u00f3n de Rahm.<\/p>\n<p style=\"text-align: justify;\">El jugador de los <strong>Fireballs<\/strong> asegur\u00f3 que no dispone de informaci\u00f3n procedente directamente del jugador de <strong>Barrika<\/strong>. \u00abRealmente no s\u00e9 qu\u00e9 va a pasar. No he hablado con \u00e9l sobre eso\u00bb, explic\u00f3 Masaveu a Johnston.<\/p>\n<p style=\"text-align: justify;\">Adem\u00e1s, el joven espa\u00f1ol evit\u00f3 especular sobre cu\u00e1l deber\u00eda ser la decisi\u00f3n de Jon Rahm. Para Masaveu, cada jugador debe analizar su situaci\u00f3n antes de escoger su pr\u00f3ximo paso profesional.\u00a0\u00abCreo que, obviamente, \u00e9l va a elegir lo que sea mejor para \u00e9l. Cada jugador tiene una historia diferente\u00bb, se\u00f1al\u00f3.<\/p>\n<p>Masaveu: \u00abCada uno tiene que elegir lo que considera mejor\u00bb<\/p>\n<p style=\"text-align: justify;\">Las palabras de Masaveu llegan en un momento de especial incertidumbre alrededor del futuro de <strong>LIV Golf<\/strong>. Asimismo, varios jugadores deben decidir c\u00f3mo afrontar\u00e1n sus pr\u00f3ximas temporadas.<\/p>\n<p style=\"text-align: justify;\">El madrile\u00f1o insisti\u00f3 precisamente en esa libertad individual para elegir. Adem\u00e1s, aplic\u00f3 esa reflexi\u00f3n tanto al futuro de Jon Rahm como al suyo propio.\u00a0\u00abCada uno tiene que elegir lo que considera mejor. \u00c9l elegir\u00e1 lo mejor para \u00e9l y yo debo pensar qu\u00e9 es mejor para m\u00ed\u00bb.<\/p>\n<p style=\"text-align: justify;\">Por otra parte, Masaveu confirm\u00f3\u00a0que mantiene entre sus planes disputar la Q-School del DP World Tour. De esta manera, pretende ampliar sus posibilidades deportivas para la pr\u00f3xima temporada.\u00a0\u00abMi objetivo sigue siendo jugar la Q-School en septiembre. Veremos c\u00f3mo funcionan las cosas\u00bb, explic\u00f3.\u00a0Asimismo, considera especialmente atractiva la posibilidad de competir en Europa. \u00abEuropa tambi\u00e9n es una gran opci\u00f3n. Es mi casa, as\u00ed que ser\u00eda fant\u00e1stico\u00bb, a\u00f1adi\u00f3.<\/p>\n<p>El espa\u00f1ol tambi\u00e9n admite incertidumbre sobre el futuro de LIV Golf<\/p>\n<p style=\"text-align: justify;\">El periodista\u00a0tambi\u00e9n pregunt\u00f3 al espa\u00f1ol por una <a style=\"color: #008000;\" href=\"https:\/\/opengolf.es\/actualidad\/dechambeau-admite-las-dificultades-de-liv-golf-y-pide-que-la-gente-nos-de-otra-oportunidad\/\" rel=\"nofollow noopener\" target=\"_blank\"><strong>posible nueva etapa de LIV Golf<\/strong><\/a>. Sin embargo, Masaveu tampoco quiso asegurar que ese proyecto vaya a materializarse.\u00a0\u00abNo lo s\u00e9. Creo que est\u00e1n haciendo un gran trabajo\u00bb, coment\u00f3. Despu\u00e9s reconoci\u00f3 que todav\u00eda existen numerosos factores que deben resolverse.\u00a0\u00abObviamente, hay muchas cosas que tienen que salir bien, pero puede suceder\u00bb, indic\u00f3.<\/p>\n<p style=\"text-align: justify;\">Finalmente, el espa\u00f1ol volvi\u00f3 a defender la importancia de disponer de diferentes caminos profesionales. Para Masaveu, cuantos m\u00e1s escenarios tengan disponibles los jugadores, mejor podr\u00e1n decidir su futuro.<\/p>\n","protected":false},"excerpt":{"rendered":"El madrile\u00f1o Masaveu asegura a Garrett Johnston que no ha hablado con Jon Rahm y cree que elegir\u00e1&hellip;\n","protected":false},"author":2,"featured_media":725585,"comment_status":"","ping_status":"","sticky":false,"template":"","format":"standard","meta":{"footnotes":""},"categories":[275],"tags":[129383,168,25,24,329,390,968,40572,23,167],"class_list":["post-725584","post","type-post","status-publish","format-standard","has-post-thumbnail","category-golf","tag-declaraciones-luis-masaveu","tag-deportes","tag-es","tag-espana","tag-golf","tag-jon-rahm","tag-liv-golf","tag-luis-masaveu","tag-spain","tag-sports"],"share_on_mastodon":{"url":"https:\/\/pubeurope.com\/@es\/117140455669361069","error":""},"_links":{"self":[{"href":"https:\/\/www.europesays.com\/es\/wp-json\/wp\/v2\/posts\/725584","targetHints":{"allow":["GET"]}}],"collection":[{"href":"https:\/\/www.europesays.com\/es\/wp-json\/wp\/v2\/posts"}],"about":[{"href":"https:\/\/www.europesays.com\/es\/wp-json\/wp\/v2\/types\/post"}],"author":[{"embeddable":true,"href":"https:\/\/www.europesays.com\/es\/wp-json\/wp\/v2\/users\/2"}],"replies":[{"embeddable":true,"href":"https:\/\/www.europesays.com\/es\/wp-json\/wp\/v2\/comments?post=725584"}],"version-history":[{"count":0,"href":"https:\/\/www.europesays.com\/es\/wp-json\/wp\/v2\/posts\/725584\/revisions"}],"wp:featuredmedia":[{"embeddable":true,"href":"https:\/\/www.europesays.com\/es\/wp-json\/wp\/v2\/media\/725585"}],"wp:attachment":[{"href":"https:\/\/www.europesays.com\/es\/wp-json\/wp\/v2\/media?parent=725584"}],"wp:term":[{"taxonomy":"category","embeddable":true,"href":"https:\/\/www.europesays.com\/es\/wp-json\/wp\/v2\/categories?post=725584"},{"taxonomy":"post_tag","embeddable":true,"href":"https:\/\/www.europesays.com\/es\/wp-json\/wp\/v2\/tags?post=725584"}],"curies":[{"name":"wp","href":"https:\/\/api.w.org\/{rel}","templated":true}]}}