{"id":725686,"date":"2026-08-22T19:15:15","date_gmt":"2026-08-22T19:15:15","guid":{"rendered":"https:\/\/www.europesays.com\/es\/725686\/"},"modified":"2026-08-22T19:15:15","modified_gmt":"2026-08-22T19:15:15","slug":"asi-es-jesus-cintora-su-infancia-trabajando-en-el-camion-con-su-padre-su-familia-su-pareja-rocio-delgado-aficiones-su-sueldo-dos-despidos-y-trayectoria-vozpopuli","status":"publish","type":"post","link":"https:\/\/www.europesays.com\/es\/725686\/","title":{"rendered":"As\u00ed es Jes\u00fas Cintora: su infancia trabajando en el cami\u00f3n con su padre, su familia, su pareja Roc\u00edo Delgado, aficiones, su sueldo, dos despidos y trayectoria &#8211; Vozpopuli"},"content":{"rendered":"<ol>\n<li><a href=\"https:\/\/news.google.com\/rss\/articles\/CBMinAJBVV95cUxPX01IWURVTE9RUDdvNE9fZ3pZXzJKMHVKdlVKS2NJT2J4eWpodWJBQk44U0ttV2pCSTE2NVUzc1JtazZtY08xVTFxZDBtLTFrcFdGMHFPeHI0SWY2cENDcENsYTN2N1g1eG1LS0tVMnlTUy1uN25aZzJOdnB3Wmg4Z2h4bGRIaXlSelZLdkJhWGFjMkxnRE95S0ljRk13VUdwWFlwbVNPelZZSzZ0QmFUZUhsRkNjRzA3S2NGb09vRFQ3endwNGF2VmNIamlldGIxTVFiTVAwaGNabVZmMmpWek9xRmpfdEkzZzUxd2pMYnl6Vm5FRExHQzE1OHFJdEdOZ0xOY0Y3STBERUI2a1ZkRlNPcjBWUjZjUTRQZw?oc=5\" target=\"_blank\" rel=\"nofollow noopener\">As\u00ed es Jes\u00fas Cintora: su infancia trabajando en el cami\u00f3n con su padre, su familia, su pareja Roc\u00edo Delgado, aficiones, su sueldo, dos despidos y trayectoria<\/a>&nbsp;&nbsp;Vozpopuli<\/li>\n<li><a href=\"https:\/\/news.google.com\/rss\/articles\/CBMigAJBVV95cUxQOXVYQ19HVEJ4RjZwMTRacTdKeFduZHJTc3AxcVdWOHh3dllxNV9vcHBTUUpjUlE2WGlITnlHWmFleWdTQ0ZvQUdobzYwcnNUM2FKSEt2aFRDWUxBVFgtN3I5aFkza1JVejEzaWZJaWY1TmZLZWxZX0dGRURudzV0dG9meEhDNktZQ1d0cjg3VFpqU3JUT0RrVW84Umw1TENHelhvUFdrVUVIbm5KSUg4WHlqeVo3bHcyVTNFR0RIcjVxaXpVcV9ydEx1T1NvQ3pEc1gwdHNGQzdnZFRHWVhWMllIUXpkeDVER1hmbEEyemJOY0xrZ0Nxck5ULUoyVFV40gHrAUFVX3lxTE1UdHhtRWlXVkk3UjlxOUZEdGlBNFBndWdTLVVjOWtMRG9OeElHTDMtY1dFTmMycGw4ajVyZWpPWGNBX2JSQXRnWWtXNXYyTHlFS3dyc21mOWMya1Q0TUFfZVVTTEp1dkl0ZXFVUEx2Q1BadjRLWjRoUUNGZzZ5aDBzMURyY3FHWVdtc3E4NXc4YjVOalNZelBKSVREYndsRjZya05CVG9GcFB3YmJLVnNFUUM4QXFPWUlEZktzeWE4OFVmSGVFdFJZQno5NnpQNlU3QkVkMjhfcmFhOHM2SHVUQ1hmOWd4T29PTmM?oc=5\" target=\"_blank\" rel=\"nofollow noopener\">Cintora, listo para saltar a las ma\u00f1anas de TVE: \u00abHay gente que nos tiene unas ganas del carajo\u00bb<\/a>&nbsp;&nbsp;El Economista<\/li>\n<li><a href=\"https:\/\/news.google.com\/rss\/articles\/CBMi3AFBVV95cUxNTFFtRXpodjdYOW1ZWHU0dmRnWDIxSDhhVGJwdV96Rl9PYVRGSTIwa0lKZjdyWndSWmZYb3lSWFk0Umdub1FUcTZuaW5oZ1g5b2hzV3h3cWpQMXZHUUdrVTNqcHU4eDdWaUpCYzE3Q19BZldwdXgyNUtaM1RpTU5odkp5MzAySjBTV2hadC1vRF9KZE1ObTFJQlh3a0M5b0c5M3ZqbEs1ZzduYmxTV1Juc2xPZks5a1BaMzhwaW45LUR1aGxlY3ZEWDBqSTRXY1dpUUszd000SGVudXdy?oc=5\" target=\"_blank\" rel=\"nofollow noopener\">Las ma\u00f1anas l\u00edderes de La 1 contin\u00faan desde el 24 de agosto con Silvia Intxaurrondo, Jes\u00fas Cintora y Adela Gonz\u00e1lez<\/a>&nbsp;&nbsp;RTVE.es<\/li>\n<li><a href=\"https:\/\/news.google.com\/rss\/articles\/CBMixgFBVV95cUxOVzNqc1lmbldQX1daRG80NmJLN2l4UzdqTldyUmE5dnlSdHNTU05sSnJHQ1RxZjBRc2ZqWnJBMEx4MXR2MDFMNUI2YmVoYnVOT1FZbUhxYWpQeGljYkphbldtazF2WGVkb2ZsVi10MnBoWDZxYlRNT0lrTWNBT1g2YkJJQk4zd1ZrMWRLUnQ3dkhBZVhVbVJ3OERGVWZBRTBIT0pMNG1YVVNpWjVkeHI4LVdINFFZQXh4UVZETGh3WWMtYnNoTHc?oc=5\" target=\"_blank\" rel=\"nofollow noopener\">Cintora vuelve a La 1 y lanza una aviso sobre el nuevo &#8216;Ma\u00f1aneros&#8217;: \u00abHay gente que nos tiene unas ganas del carajo\u00bb<\/a>&nbsp;&nbsp;elDiario.es<\/li>\n<li><a href=\"https:\/\/news.google.com\/rss\/articles\/CBMiywFBVV95cUxOdldDRHJLekZ6Z0tHTnVFMkNMM2tTLVZpckJ2TVp3ckhHTWNqTjlXazc3M25iRHcwWi02akxWTnlXTHhKYWxWM0ZIcHVlQnYxNjBoT2ZKQ2dLUUdUV2VKcE5PVmF5V1lOd2t2WFJVWGIweVZyMk5DTFBkVjF4WmlFRDM2NDJGNUVtUkxiRUhfTk51Q3JiMTdoWDZtRFJKNS1CZUIycVNWSFIwOURVVEs3R2ZNRVZIeDdNQmlmUTl3ekxEN3R2VjI3NWR2ONIBywFBVV95cUxQWUpqRF9sSkEtMkcwSFltY0p6VEtwNzR5SlFQc1dQMV90UDhHX0g4TVI0Y3FPRVhpdVRmaFRzS3hlRWxOdlpjbjcza3RMb0xoMHJIWTY0U25GUlpqemtnX0JnNko0b2w4SFhweTh2OTc0bjh3anFmM0pYdWFsSklTZlpBTUlEejRQazZwNlhkZkVTRERlTTJ4OW5PNXdTVzV5STJoOU9sbE1YRElZNUdJUXh6a3hvZGZRNGhMWGlEYU5yVmU1MFU0S2ZEdw?oc=5\" target=\"_blank\" rel=\"nofollow noopener\">Jes\u00fas Cintora se despide de &#8216;Malas Lenguas&#8217; \u00absolo un poco\u00bb y desmiente algunos rumores antes de su salto a &#8216;Ma\u00f1aneros 360&#8217;<\/a>&nbsp;&nbsp;El Peri\u00f3dico<\/li>\n<\/ol>\n","protected":false},"excerpt":{"rendered":"As\u00ed es Jes\u00fas Cintora: su infancia trabajando en el cami\u00f3n con su padre, su familia, su pareja Roc\u00edo&hellip;\n","protected":false},"author":2,"featured_media":725687,"comment_status":"","ping_status":"","sticky":false,"template":"","format":"standard","meta":{"footnotes":""},"categories":[174],"tags":[255,146,147,25,24,256,11945,100171,518,23,807,3156],"class_list":["post-725686","post","type-post","status-publish","format-standard","has-post-thumbnail","category-famosos","tag-celebrities","tag-entertainment","tag-entretenimiento","tag-es","tag-espana","tag-famosos","tag-jesus-cintora","tag-presentadores-de-tv","tag-rtve","tag-spain","tag-television","tag-tve"],"share_on_mastodon":{"url":"https:\/\/pubeurope.com\/@es\/117140765119304610","error":""},"_links":{"self":[{"href":"https:\/\/www.europesays.com\/es\/wp-json\/wp\/v2\/posts\/725686","targetHints":{"allow":["GET"]}}],"collection":[{"href":"https:\/\/www.europesays.com\/es\/wp-json\/wp\/v2\/posts"}],"about":[{"href":"https:\/\/www.europesays.com\/es\/wp-json\/wp\/v2\/types\/post"}],"author":[{"embeddable":true,"href":"https:\/\/www.europesays.com\/es\/wp-json\/wp\/v2\/users\/2"}],"replies":[{"embeddable":true,"href":"https:\/\/www.europesays.com\/es\/wp-json\/wp\/v2\/comments?post=725686"}],"version-history":[{"count":0,"href":"https:\/\/www.europesays.com\/es\/wp-json\/wp\/v2\/posts\/725686\/revisions"}],"wp:featuredmedia":[{"embeddable":true,"href":"https:\/\/www.europesays.com\/es\/wp-json\/wp\/v2\/media\/725687"}],"wp:attachment":[{"href":"https:\/\/www.europesays.com\/es\/wp-json\/wp\/v2\/media?parent=725686"}],"wp:term":[{"taxonomy":"category","embeddable":true,"href":"https:\/\/www.europesays.com\/es\/wp-json\/wp\/v2\/categories?post=725686"},{"taxonomy":"post_tag","embeddable":true,"href":"https:\/\/www.europesays.com\/es\/wp-json\/wp\/v2\/tags?post=725686"}],"curies":[{"name":"wp","href":"https:\/\/api.w.org\/{rel}","templated":true}]}}