{"id":725944,"date":"2026-08-22T23:02:13","date_gmt":"2026-08-22T23:02:13","guid":{"rendered":"https:\/\/www.europesays.com\/es\/725944\/"},"modified":"2026-08-22T23:02:13","modified_gmt":"2026-08-22T23:02:13","slug":"putin-dice-estar-abierto-al-dialogo-para-acabar-la-guerra-pero-rechaza-las-propuestas-son-exoticas-e-inaceptables","status":"publish","type":"post","link":"https:\/\/www.europesays.com\/es\/725944\/","title":{"rendered":"Putin dice estar abierto al di\u00e1logo para acabar la guerra, pero rechaza las propuestas: \u00abSon ex\u00f3ticas e inaceptables\u00bb"},"content":{"rendered":"<p class=\"c-paragraph\">El presidente de Rusia, <b>Vlad\u00edmir Putin<\/b>, dijo este s\u00e1bado estar abierto al di\u00e1logo sobre la paz en Ucrania, pero rechaz\u00f3 unas propuestas \u00abex\u00f3ticas\u00bb que llegan a Mosc\u00fa sin dar detalles sobre las mismas.<\/p>\n<p class=\"c-paragraph\">\u00abSiempre estamos dispuestos al di\u00e1logo, pero solo sobre la base de las realidad en el terreno\u00bb, dijo Putin en una <b>entrevista<\/b> difundida por la televisi\u00f3n estatal.<\/p>\n<p class=\"c-paragraph\">El jefe del Kremlin calific\u00f3 de <b>\u00abex\u00f3ticas\u00bb e \u00abinaceptables\u00bb<\/b> para Mosc\u00fa las propuestas de paz que se transmiten a la parte rusa.<\/p>\n<p class=\"c-paragraph\">\u00abLas propuestas que se nos transmiten son a veces, dir\u00eda yo, de naturaleza ex\u00f3tica e inaceptables\u00bb, dijo.<\/p>\n<p class=\"c-paragraph\">Seg\u00fan Putin, por el momento \u00ab<b>es prematuro adelantarse<\/b> a los acontecimientos y especular sobre lo que podr\u00eda suceder o lo que podr\u00eda servir de base para posibles acuerdos\u00bb.<\/p>\n<p class=\"c-paragraph\">El l\u00edder ruso tambi\u00e9n coment\u00f3 el <b>plan ucraniano de 40 d\u00edas<\/b> para presionar a Mosc\u00fa y asegur\u00f3 que no ha logrado sus objetivos. \u00ab\u00bfY qu\u00e9? \u00bfCu\u00e1l es su resultado?\u00bb, pregunt\u00f3.<\/p>\n<p class=\"c-paragraph\">A la vez, reconoci\u00f3 que Rusia ha intensificado los ataques en Kiev y otras ciudades ucranianas en respuesta a las acciones enemigas contra la log\u00edstica e infraestructura civil rusa.<\/p>\n","protected":false},"excerpt":{"rendered":"El presidente de Rusia, Vlad\u00edmir Putin, dijo este s\u00e1bado estar abierto al di\u00e1logo sobre la paz en Ucrania,&hellip;\n","protected":false},"author":2,"featured_media":725945,"comment_status":"","ping_status":"","sticky":false,"template":"","format":"standard","meta":{"footnotes":""},"categories":[42],"tags":[17,18,13,14,11,61,62,63,64,19,20,9,10,15,16,10981,12,21,22,65,66,67],"class_list":["post-725944","post","type-post","status-publish","format-standard","has-post-thumbnail","category-internacional","tag-breaking-news","tag-breakingnews","tag-featured-news","tag-featurednews","tag-headlines","tag-internacional","tag-international","tag-international-news","tag-internationalnews","tag-latest-news","tag-latestnews","tag-news","tag-noticias","tag-noticias-destacadas","tag-noticiasdestacadas","tag-putin","tag-titulares","tag-ultimas-noticias","tag-ultimasnoticias","tag-world","tag-world-news","tag-worldnews"],"share_on_mastodon":{"url":"https:\/\/pubeurope.com\/@es\/117141658000798619","error":""},"_links":{"self":[{"href":"https:\/\/www.europesays.com\/es\/wp-json\/wp\/v2\/posts\/725944","targetHints":{"allow":["GET"]}}],"collection":[{"href":"https:\/\/www.europesays.com\/es\/wp-json\/wp\/v2\/posts"}],"about":[{"href":"https:\/\/www.europesays.com\/es\/wp-json\/wp\/v2\/types\/post"}],"author":[{"embeddable":true,"href":"https:\/\/www.europesays.com\/es\/wp-json\/wp\/v2\/users\/2"}],"replies":[{"embeddable":true,"href":"https:\/\/www.europesays.com\/es\/wp-json\/wp\/v2\/comments?post=725944"}],"version-history":[{"count":0,"href":"https:\/\/www.europesays.com\/es\/wp-json\/wp\/v2\/posts\/725944\/revisions"}],"wp:featuredmedia":[{"embeddable":true,"href":"https:\/\/www.europesays.com\/es\/wp-json\/wp\/v2\/media\/725945"}],"wp:attachment":[{"href":"https:\/\/www.europesays.com\/es\/wp-json\/wp\/v2\/media?parent=725944"}],"wp:term":[{"taxonomy":"category","embeddable":true,"href":"https:\/\/www.europesays.com\/es\/wp-json\/wp\/v2\/categories?post=725944"},{"taxonomy":"post_tag","embeddable":true,"href":"https:\/\/www.europesays.com\/es\/wp-json\/wp\/v2\/tags?post=725944"}],"curies":[{"name":"wp","href":"https:\/\/api.w.org\/{rel}","templated":true}]}}