{"id":726054,"date":"2026-08-23T00:46:17","date_gmt":"2026-08-23T00:46:17","guid":{"rendered":"https:\/\/www.europesays.com\/es\/726054\/"},"modified":"2026-08-23T00:46:17","modified_gmt":"2026-08-23T00:46:17","slug":"el-recreativo-de-huelva-vuelve-a-convencer-desde-la-solidez-y-planta-cara-al-merida-0-0-albiazules-es-recre","status":"publish","type":"post","link":"https:\/\/www.europesays.com\/es\/726054\/","title":{"rendered":"El Recreativo de Huelva vuelve a convencer desde la solidez y planta cara al M\u00e9rida (0-0) &#8211; Albiazules.es | Recre"},"content":{"rendered":"<p>El Decano ofreci\u00f3 una nueva muestra de fiabilidad en su pen\u00faltimo compromiso de pretemporada. El conjunto de Jes\u00fas Galv\u00e1n igual\u00f3 sin goles ante el M\u00e9rida, rival de superior categor\u00eda, en el Romano Jos\u00e9 Fouto. Los albiazules firmaron un encuentro serio, compacto y equilibrado, compitiendo por momentos de t\u00fa a t\u00fa y disponiendo de oportunidades para llevarse la victoria.<\/p>\n<p><img fetchpriority=\"high\" decoding=\"async\" class=\"aligncenter size-medium\" src=\"https:\/\/www.europesays.com\/es\/wp-content\/uploads\/2026\/08\/55481258199_cbb874b777_o.jpg\" width=\"792\" height=\"500\"\/><\/p>\n<p>Tras la buena imagen ofrecida frente al Extremadura, <strong>el Decano dio otro paso adelante en su preparaci\u00f3n<\/strong>. Esta vez <strong>su actuaci\u00f3n fue menos vistosa y m\u00e1s sobria, pero igualmente valiosa<\/strong>. El Recre supo resistir los momentos de mayor empuje local, apenas concedi\u00f3 ocasiones claras y volvi\u00f3 a transmitir la sensaci\u00f3n de ser un equipo dif\u00edcil de superar.<\/p>\n<p>Jes\u00fas Galv\u00e1n apost\u00f3 de inicio por <strong>Fernando Padilla<\/strong> en la porter\u00eda, acompa\u00f1ado por una defensa formada por <strong>N\u00e9stor Senra, Bonaque, Mikel Montero y Nacho Ruiz.<\/strong> <strong>Segura y Vela<\/strong> ejercieron de referencia en el centro del campo, mientras que <strong>Aitor Garc\u00eda, Samu Cort\u00e9s, Roni y Leandro<\/strong> asumieron el peso ofensivo.<\/p>\n<p><strong>El Recre entr\u00f3 bien al partido y protagoniz\u00f3 el primer acercamiento peligroso<\/strong>. En el minuto siete, Aitor Garc\u00eda puso un buen bal\u00f3n al \u00e1rea para Leandro, cuyo disparo fue detenido por el guardameta local. <strong>El extremo de Gibrale\u00f3n fue uno de los jugadores m\u00e1s activos<\/strong>, apareciendo entre l\u00edneas y buscando constantemente el \u00e1rea emeritense.<\/p>\n<p>El M\u00e9rida respondi\u00f3 con un lanzamiento desviado de Jota desde la frontal. Poco despu\u00e9s, <strong>Aranda envi\u00f3 un centro peligroso que Aitor Garc\u00eda, muy atento en labores defensivas, consigui\u00f3 despejar<\/strong> dentro del \u00e1rea.<\/p>\n<p><strong>Los locales disfrutaron de sus mejores minutos alrededor de la media hora<\/strong>. Sofiane <strong>prob\u00f3 fortuna con un disparo desviado<\/strong> y, poco despu\u00e9s, puso un centro que <strong>Doncel remat\u00f3 fuera desde una posici\u00f3n muy favorable<\/strong>. Fueron los dos avisos m\u00e1s serios del conjunto extreme\u00f1o durante la primera mitad.<\/p>\n<p><strong>El Recre no se descompuso y volvi\u00f3 a acercarse en el minuto 35<\/strong>. Leandro centr\u00f3 desde la banda y Aitor Garc\u00eda remat\u00f3 dentro del \u00e1rea, aunque su disparo termin\u00f3 en las manos de Juh\u00e1sz. El Decano cerr\u00f3 el primer tiempo apretando sobre la porter\u00eda local. <strong>Otro centro de Aitor no encontr\u00f3 por poco a Samu Cort\u00e9s, debido a la intervenci\u00f3n providencial de Barbu<\/strong>, mientras que el extremo cedido por el Granada oblig\u00f3 al portero a despejar de pu\u00f1os tras el saque de esquina posterior.<\/p>\n<p>Antes del descanso, <strong>Segura tuvo que frenar con una falta una acci\u00f3n peligrosa de Aranda<\/strong>. Ya en el tiempo a\u00f1adido, <strong>Fernando Padilla no pudo blocar un disparo del atacante emeritense, pero Segura apareci\u00f3 con contundencia para alejar el peligro<\/strong>.<\/p>\n<p><strong>Ale Mar\u00edn agit\u00f3 el segundo tiempo<\/strong><\/p>\n<p>Galv\u00e1n realiz\u00f3 cuatro cambios al descanso. <strong>Manu Fern\u00e1ndez, Jos\u00e9 Carlos, Pol Prats y Ale Mar\u00edn sustituyeron a Fernando Padilla, N\u00e9stor Senra, Samu Cort\u00e9s y Roni<\/strong>. El Recre mantuvo su estructura y comenz\u00f3 el segundo periodo buscando la porter\u00eda contraria.<\/p>\n<p>Nacho Ruiz cabece\u00f3 alto un saque de esquina y Mikel Montero tambi\u00e9n dispuso de una oportunidad dentro del \u00e1rea, aunque su lanzamiento se march\u00f3 por encima del larguero. El M\u00e9rida respondi\u00f3 con un disparo de Hallsson desviado a c\u00f3rner.<\/p>\n<p><strong>Con el paso de los minutos, Ale Mar\u00edn se convirti\u00f3 en el principal argumento ofensivo de los albiazules<\/strong>. En el 59 recibi\u00f3 de Aitor Garc\u00eda y <strong>remat\u00f3 desde la frontal, aunque el bal\u00f3n sali\u00f3 por encima de la porter\u00eda<\/strong>. Poco despu\u00e9s, Jes\u00fas Galv\u00e1n introdujo a <strong>Mat\u00edas Chavarr\u00eda, Charbel Wehbe, Mateo Izaguirre y \u00c1lex Bernal<\/strong> para continuar distribuyendo minutos.<\/p>\n<p>El propio <strong>Ale Mar\u00edn volvi\u00f3 a probar al guardameta local en el minuto 64 con un disparo que fue blocado sin demasiados problemas<\/strong>. El M\u00e9rida trat\u00f3 de asumir el control territorial, pero se encontr\u00f3 con un Recre bien colocado, solidario en las ayudas y capaz de cerrar los espacios.<\/p>\n<p>Aitor Garc\u00eda dej\u00f3 su puesto a Hugo L\u00f3pez en el minuto 75 y, ya <strong>en el tramo final, Ale Mar\u00edn dispuso de una \u00faltima oportunidad para romper el empate<\/strong>. Su disparo, sin embargo, se march\u00f3 desviado. El juvenil \u00c1lvaro Alcaide entr\u00f3 en los \u00faltimos minutos para completar la participaci\u00f3n albiazul.<\/p>\n<p>El marcador no se movi\u00f3 y el Recreativo cerr\u00f3 el encuentro con un empate que refuerza las sensaciones positivas de las \u00faltimas semanas.<strong> Sin conceder grandes oportunidades y mostrando personalidad ante un rival de Primera Federaci\u00f3n<\/strong>, el equipo de Jes\u00fas Galv\u00e1n volvi\u00f3 a demostrar que, compitiendo con este nivel de orden, intensidad y compromiso, tendr\u00e1 mucho camino recorrido en la Segunda Federaci\u00f3n.<\/p>\n<p><strong>Ficha t\u00e9cnica:<\/strong><\/p>\n<p><strong>Agrupaci\u00f3n Deportiva M\u00e9rida:<\/strong> Juh\u00e1sz (Csenterics, 46\u2019), Nacho, Jota (Mart\u00edn, 60\u2019), Doncel (Areso, 60\u2019), Sofiane (Hallsson, 46\u2019), Salguero (Iv\u00e1n Gil, 88\u2019), Fito, Barbu (Santi Amaro, 90\u2019), Ra\u00fal Beneit, Aranda (Benny, 60\u2019) y Gio (Eneas, 75\u2019).<\/p>\n<p><strong>Real Club Recreativo de Huelva:<\/strong> Fernando Padilla (Manu Fern\u00e1ndez, 46\u2019), Bonaque, Vela (\u00c1lex Bernal, 60\u2019), Aitor Garc\u00eda (Hugo L\u00f3pez, 75\u2019), Roni (Ale Mar\u00edn, 46\u2019; \u00c1lvaro Alcaide, 85\u2019), Montero (Charbel, 60\u2019), Segura (Izaguirre, 60\u2019), Nacho Ruiz, N\u00e9stor Senra (Jos\u00e9 Carlos, 46\u2019), Samu Cort\u00e9s (Pol Prats, 46\u2019) y Leandro (Chavarr\u00eda, 60\u2019).<\/p>\n<p><strong>\u00c1rbitro:<\/strong> Manuel Garc\u00eda G\u00f3mez, del colegio extreme\u00f1o. Amonest\u00f3 al recreativista Segura.<\/p>\n<p><strong>Incidencias:<\/strong> Partido amistoso disputado en el Romano Jos\u00e9 Fouto ante 1.189 espectadores, con presencia de aficionados recreativistas. Antes del comienzo se guard\u00f3 un minuto de silencio.<\/p>\n<p>Copyright 2009-2026 Albiazules.es. Fotos: Recreativo de Huelva \/ M\u00e9rida.<\/p>\n","protected":false},"excerpt":{"rendered":"El Decano ofreci\u00f3 una nueva muestra de fiabilidad en su pen\u00faltimo compromiso de pretemporada. El conjunto de Jes\u00fas&hellip;\n","protected":false},"author":2,"featured_media":726055,"comment_status":"","ping_status":"","sticky":false,"template":"","format":"standard","meta":{"footnotes":""},"categories":[268],"tags":[168,25,24,280,282,25760,7236,338,63770,281,23,167],"class_list":["post-726054","post","type-post","status-publish","format-standard","has-post-thumbnail","category-futbol","tag-deportes","tag-es","tag-espana","tag-football","tag-futbol","tag-marcador","tag-merida","tag-portada","tag-real-club-recreativo-de-huelva","tag-soccer","tag-spain","tag-sports"],"share_on_mastodon":{"url":"https:\/\/pubeurope.com\/@es\/117142066665353314","error":""},"_links":{"self":[{"href":"https:\/\/www.europesays.com\/es\/wp-json\/wp\/v2\/posts\/726054","targetHints":{"allow":["GET"]}}],"collection":[{"href":"https:\/\/www.europesays.com\/es\/wp-json\/wp\/v2\/posts"}],"about":[{"href":"https:\/\/www.europesays.com\/es\/wp-json\/wp\/v2\/types\/post"}],"author":[{"embeddable":true,"href":"https:\/\/www.europesays.com\/es\/wp-json\/wp\/v2\/users\/2"}],"replies":[{"embeddable":true,"href":"https:\/\/www.europesays.com\/es\/wp-json\/wp\/v2\/comments?post=726054"}],"version-history":[{"count":0,"href":"https:\/\/www.europesays.com\/es\/wp-json\/wp\/v2\/posts\/726054\/revisions"}],"wp:featuredmedia":[{"embeddable":true,"href":"https:\/\/www.europesays.com\/es\/wp-json\/wp\/v2\/media\/726055"}],"wp:attachment":[{"href":"https:\/\/www.europesays.com\/es\/wp-json\/wp\/v2\/media?parent=726054"}],"wp:term":[{"taxonomy":"category","embeddable":true,"href":"https:\/\/www.europesays.com\/es\/wp-json\/wp\/v2\/categories?post=726054"},{"taxonomy":"post_tag","embeddable":true,"href":"https:\/\/www.europesays.com\/es\/wp-json\/wp\/v2\/tags?post=726054"}],"curies":[{"name":"wp","href":"https:\/\/api.w.org\/{rel}","templated":true}]}}