{"id":726108,"date":"2026-08-23T01:32:40","date_gmt":"2026-08-23T01:32:40","guid":{"rendered":"https:\/\/www.europesays.com\/es\/726108\/"},"modified":"2026-08-23T01:32:40","modified_gmt":"2026-08-23T01:32:40","slug":"el-penas-huesca-incorpora-a-zion-williams-velocidad-y-puntos-para-el-nuevo-proyecto","status":"publish","type":"post","link":"https:\/\/www.europesays.com\/es\/726108\/","title":{"rendered":"El Pe\u00f1as Huesca incorpora a Zion Williams, velocidad y puntos para el nuevo proyecto"},"content":{"rendered":"<p class=\"c-paragraph\">El <a href=\"https:\/\/www.heraldo.es\/tags\/instituciones-empresas\/penas-huesca.html\" title=\"Pe\u00f1as Huesca\" rel=\"nofollow noopener\" target=\"_blank\">Pe\u00f1as Huesca<\/a> <b>contin\u00faa perfilando su plantilla<\/b> para la pr\u00f3xima temporada con la incorporaci\u00f3n de <b>Zion Williams<\/b>, un combo estadounidense que <b>aportar\u00e1 velocidad y capacidad anotadora<\/b> al conjunto oscense. El jugador <b>llega a Huesca despu\u00e9s de una temporada<\/b> en Segunda FEB con el CB Starlabs Mor\u00f3n, categor\u00eda en la que ya ha <b>demostrado su capacidad para competir<\/b> y generar peligro en ataque.<\/p>\n","protected":false},"excerpt":{"rendered":"El Pe\u00f1as Huesca contin\u00faa perfilando su plantilla para la pr\u00f3xima temporada con la incorporaci\u00f3n de Zion Williams, un&hellip;\n","protected":false},"author":2,"featured_media":726109,"comment_status":"","ping_status":"","sticky":false,"template":"","format":"standard","meta":{"footnotes":""},"categories":[269],"tags":[299,298,168,25,24,1265,1263,2445,23,167,308,129457],"class_list":["post-726108","post","type-post","status-publish","format-standard","has-post-thumbnail","category-baloncesto","tag-baloncesto","tag-basketball","tag-deportes","tag-es","tag-espana","tag-huesca","tag-incorpora","tag-penas","tag-spain","tag-sports","tag-williams","tag-zion"],"share_on_mastodon":{"url":"https:\/\/pubeurope.com\/@es\/117142247434834716","error":""},"_links":{"self":[{"href":"https:\/\/www.europesays.com\/es\/wp-json\/wp\/v2\/posts\/726108","targetHints":{"allow":["GET"]}}],"collection":[{"href":"https:\/\/www.europesays.com\/es\/wp-json\/wp\/v2\/posts"}],"about":[{"href":"https:\/\/www.europesays.com\/es\/wp-json\/wp\/v2\/types\/post"}],"author":[{"embeddable":true,"href":"https:\/\/www.europesays.com\/es\/wp-json\/wp\/v2\/users\/2"}],"replies":[{"embeddable":true,"href":"https:\/\/www.europesays.com\/es\/wp-json\/wp\/v2\/comments?post=726108"}],"version-history":[{"count":0,"href":"https:\/\/www.europesays.com\/es\/wp-json\/wp\/v2\/posts\/726108\/revisions"}],"wp:featuredmedia":[{"embeddable":true,"href":"https:\/\/www.europesays.com\/es\/wp-json\/wp\/v2\/media\/726109"}],"wp:attachment":[{"href":"https:\/\/www.europesays.com\/es\/wp-json\/wp\/v2\/media?parent=726108"}],"wp:term":[{"taxonomy":"category","embeddable":true,"href":"https:\/\/www.europesays.com\/es\/wp-json\/wp\/v2\/categories?post=726108"},{"taxonomy":"post_tag","embeddable":true,"href":"https:\/\/www.europesays.com\/es\/wp-json\/wp\/v2\/tags?post=726108"}],"curies":[{"name":"wp","href":"https:\/\/api.w.org\/{rel}","templated":true}]}}