{"id":72611,"date":"2025-08-26T04:08:04","date_gmt":"2025-08-26T04:08:04","guid":{"rendered":"https:\/\/www.europesays.com\/es\/72611\/"},"modified":"2025-08-26T04:08:04","modified_gmt":"2025-08-26T04:08:04","slug":"el-disiclin-recibe-el-teucro-en-la-segunda-ronda-de-la-copa","status":"publish","type":"post","link":"https:\/\/www.europesays.com\/es\/72611\/","title":{"rendered":"El Disicl\u00edn recibe el Teucro en la segunda ronda de la Copa"},"content":{"rendered":"<p class=\"ft-text\">El Disicl\u00edn Balonm\u00e1n Lal\u00edn disputa hoy a partir de las 20.45 horas en el Lal\u00edn Arena la segunda ronda de la Copa Xunta de Galicia. Tras vencer al Ca\u00f1iza en la primera eliminatoria, los de Cacheda intentar\u00e1n seguir avanzando en el cuadro dejando en el camino al Teucro.<\/p>\n<p class=\"ft-text\">\u00abEs un rival fuerte, que hizo tres o cuatro fichajes que le permiten subir el nivel medio de la plantilla que el a\u00f1o pasado, que ya era muy buena. Con ese equipo su objetivo debe ser meterse en la fase de ascenso y pelear por subir. Una vez solventados sus problemas econ\u00f3micos, ese debe ser su objetivo. Ser\u00e1n uno de los rivales m\u00e1s fuertes esta temporada\u00bb, valor\u00f3 Cacheda.<\/p>\n<p class=\"ft-text\">Para este partido el Disicl\u00edn no podr\u00e1 contar con la participaci\u00f3n de Rom\u00e1n ni de Juan Lago. Ambos acaban de incorporarse a los entrenamientos y Cacheda ha preferido no forzarlos.<\/p>\n","protected":false},"excerpt":{"rendered":"El Disicl\u00edn Balonm\u00e1n Lal\u00edn disputa hoy a partir de las 20.45 horas en el Lal\u00edn Arena la segunda&hellip;\n","protected":false},"author":2,"featured_media":1454,"comment_status":"","ping_status":"","sticky":false,"template":"","format":"standard","meta":{"footnotes":""},"categories":[278],"tags":[1782,376,168,1778,25,24,375,3684,9251,3745,23,167,1676],"class_list":{"0":"post-72611","1":"post","2":"type-post","3":"status-publish","4":"format-standard","5":"has-post-thumbnail","7":"category-balonmano","8":"tag-balonman-lalin","9":"tag-balonmano","10":"tag-deportes","11":"tag-disiclin","12":"tag-es","13":"tag-espana","14":"tag-handball","15":"tag-recibe","16":"tag-ronda","17":"tag-segunda","18":"tag-spain","19":"tag-sports","20":"tag-teucro"},"share_on_mastodon":{"url":"","error":""},"_links":{"self":[{"href":"https:\/\/www.europesays.com\/es\/wp-json\/wp\/v2\/posts\/72611","targetHints":{"allow":["GET"]}}],"collection":[{"href":"https:\/\/www.europesays.com\/es\/wp-json\/wp\/v2\/posts"}],"about":[{"href":"https:\/\/www.europesays.com\/es\/wp-json\/wp\/v2\/types\/post"}],"author":[{"embeddable":true,"href":"https:\/\/www.europesays.com\/es\/wp-json\/wp\/v2\/users\/2"}],"replies":[{"embeddable":true,"href":"https:\/\/www.europesays.com\/es\/wp-json\/wp\/v2\/comments?post=72611"}],"version-history":[{"count":0,"href":"https:\/\/www.europesays.com\/es\/wp-json\/wp\/v2\/posts\/72611\/revisions"}],"wp:featuredmedia":[{"embeddable":true,"href":"https:\/\/www.europesays.com\/es\/wp-json\/wp\/v2\/media\/1454"}],"wp:attachment":[{"href":"https:\/\/www.europesays.com\/es\/wp-json\/wp\/v2\/media?parent=72611"}],"wp:term":[{"taxonomy":"category","embeddable":true,"href":"https:\/\/www.europesays.com\/es\/wp-json\/wp\/v2\/categories?post=72611"},{"taxonomy":"post_tag","embeddable":true,"href":"https:\/\/www.europesays.com\/es\/wp-json\/wp\/v2\/tags?post=72611"}],"curies":[{"name":"wp","href":"https:\/\/api.w.org\/{rel}","templated":true}]}}