{"id":72612,"date":"2025-08-26T04:09:14","date_gmt":"2025-08-26T04:09:14","guid":{"rendered":"https:\/\/www.europesays.com\/es\/72612\/"},"modified":"2025-08-26T04:09:14","modified_gmt":"2025-08-26T04:09:14","slug":"proponen-retirar-el-sello-de-ciudad-amiga-de-la-infancia-a-bilbao-por-ser-complice-de-que-menores-vean-corridas-de-toros","status":"publish","type":"post","link":"https:\/\/www.europesays.com\/es\/72612\/","title":{"rendered":"Proponen retirar el sello de ciudad amiga de la infancia a Bilbao por ser \u00abc\u00f3mplice\u00bb de que menores vean corridas de toros"},"content":{"rendered":"<p class=\"article-text\">\n        La ONG naturalista Fundaci\u00f3n Franz Weber considera que el Ayuntamiento de Bilbao es \u201cc\u00f3mplice por omisi\u00f3n\u201d de la entrada de ni\u00f1os, ni\u00f1as y adolescentes a las corridas generales durante Aste Nagusia y que por lo tanto la ciudad \u201cno puede mantener su declaraci\u00f3n como ciudad amiga de la infancia\u201d. Seg\u00fan ha recordado la ONG en un comunicado, la declaraci\u00f3n de &#8216;Ciudad Amiga de la Infancia&#8217; (CAI) \u201cimplica cumplir toda objeci\u00f3n formulada por el Comit\u00e9 de los Derechos del Ni\u00f1o de Naciones Unidas\u201d\n    <\/p>\n<p>    <a href=\"https:\/\/www.eldiario.es\/euskadi\/txosnas-bilbao-libran-ticketbai-momento_1_12544398.html\" data-mrf-recirculation=\"saber-mas\" data-dl-event=\"saber-mas\" rel=\"nofollow noopener\" target=\"_blank\"><\/p>\n<p class=\"know-more__title\">Las txosnas de Bilbao se libran del TicketBai, de momento<\/p>\n<p>            <img decoding=\"async\" class=\"lazy\" loading=\"lazy\" data-src=\"https:\/\/static.eldiario.es\/clip\/3e89abd7-0e0b-4df2-a175-1351670d9590_16-9-aspect-ratio_default_0.jpg\" src=\"data:image\/svg+xml,%3Csvg xmlns=\" http:=\"\" viewbox=\"0 0 880 495\" alt=\"Las txosnas de Bilbao se libran del TicketBai, de momento\"\/><\/p>\n<p>                        <\/a><\/p>\n<p class=\"article-text\">\n        Por lo tanto, considera que la \u201comisi\u00f3n\u201d de la Junta Administrativa, con \u201cpresencia consistorial\u201d, sobre las advertencias al respecto de la asistencia de menores a las corridas y novilladas \u201cson elementos fundamentales para que este sello de reconocimiento a las pol\u00edticas de infancia sea suspendido en el municipio de forma temporal\u201d. \u201cBilbao no solo no ha hecho caso de los avisos, tampoco ha puesto en marcha medida alguna para prevenir la entrada de los grupos vulnerables\u201d, ha argumentado la ONG, seg\u00fan recoge Europa Press.\n    <\/p>\n<p>    <a href=\"https:\/\/www.eldiario.es\/euskadi\/fiestas-maltrato-animal-euskadi-sokamuturra-carreras-burros-toros-denuncia-gana-espacio_1_12550854.html\" data-mrf-recirculation=\"saber-mas-abajo\" data-dl-event=\"saber-mas-abajo\" rel=\"nofollow noopener\" target=\"_blank\"><\/p>\n<p class=\"know-more__title\">Fiestas y maltrato animal en Euskadi, de la sokamuturra o las carreras de burros hasta los toros: la denuncia gana espacio<\/p>\n<p>            <img decoding=\"async\" class=\"lazy\" loading=\"lazy\" data-src=\"https:\/\/static.eldiario.es\/clip\/b472fa14-aed9-4ac0-b958-b13502cbd52c_16-9-aspect-ratio_default_0.jpg\" src=\"data:image\/svg+xml,%3Csvg xmlns=\" http:=\"\" viewbox=\"0 0 880 495\" alt=\"Fiestas y maltrato animal en Euskadi, de la sokamuturra o las carreras de burros hasta los toros: la denuncia gana espacio\"\/><\/p>\n<p>                        <\/a><\/p>\n<p class=\"article-text\">\n        Los naturalistas consideran que una &#8216;Ciudad Amiga de la Infancia&#8217; debe \u201cdesarrollar pol\u00edticas espec\u00edficas para evitar que ni\u00f1as, ni\u00f1os y adolescentes puedan verse expuestos por sus propias familias a la violencia, lo que sucedi\u00f3 de forma reiterada en la plaza de toros con las promociones dirigidas a estos grupos\u201d. En ese sentido, ha recordado que seg\u00fan UNICEF \u201ctoda CAI debe suscribir con las objeciones que formula este Comit\u00e9, encargado de velar por el cumplimiento de estas peticiones, realizadas siempre en base a la Convenci\u00f3n Internacional sobre Derechos del Ni\u00f1o\u201d.\n    <\/p>\n<p>                    elDiario.es\/Euskadi<\/p>\n<p class=\"article-text\">\n        \u00bfNos sigues en redes sociales? elDiario.es\/Euskadi est\u00e1 en <a href=\"https:\/\/bsky.app\/profile\/eldiarioeus.bsky.social\" target=\"_blank\" data-mrf-recirculation=\"links-noticia\" class=\"link\" rel=\"nofollow noopener\">Bluesky<\/a>, <a href=\"https:\/\/twitter.com\/eldiarioeus\" target=\"_blank\" data-mrf-recirculation=\"links-noticia\" class=\"link\" rel=\"nofollow noopener\">X<\/a> e <a href=\"https:\/\/www.instagram.com\/eldiarioeus\/\" target=\"_blank\" data-mrf-recirculation=\"links-noticia\" class=\"link\" rel=\"nofollow noopener\">Instagram<\/a>. Y te enviamos alertas informativas por <a href=\"https:\/\/telegram.me\/eldiarioeus\" target=\"_blank\" data-mrf-recirculation=\"links-noticia\" class=\"link\" rel=\"nofollow noopener\">Telegram<\/a> y <a href=\"https:\/\/www.whatsapp.com\/channel\/0029Va9Dx2MLNSZzLvNjNr3P\" target=\"_blank\" data-mrf-recirculation=\"links-noticia\" class=\"link\" rel=\"nofollow noopener\">WhatsApp<\/a>. Cada semana, te enviamos un bolet\u00edn a tu correo electr\u00f3nico. \u00a1<a href=\"https:\/\/usuarios.eldiario.es\/boletines?_gl=1*pa2ll6*_gcl_au*MTk0OTg1OTU2Mi4xNzMwMTk3MDYx*_ga*Njk1MjI5NDQyLjE3Mjk1MjAxNjg.*_ga_4RZPWREGF3*MTczNDE3ODQ5Ny4xMTYuMS4xNzM0MTc5OTEyLjEzLjAuMA..\" target=\"_blank\" data-mrf-recirculation=\"links-noticia\" class=\"link\" rel=\"nofollow noopener\">Ap\u00fantate<\/a>! Recuerda que puedes ser socio o socia de elDiario.es clicando en <a href=\"https:\/\/usuarios.eldiario.es\/hazte_socio\/?utm_source=euskadi&amp;utm_campaign=eell&amp;utm_medium=all&amp;mc_cid=f16fc896fb&amp;mc_eid=05624d2e2d\" target=\"_blank\" data-mrf-recirculation=\"links-noticia\" class=\"link\" rel=\"nofollow noopener\">este enlace<\/a>. Y, para m\u00e1s informaci\u00f3n, puedes llamar o escribirnos al 625 88 87 80.\n    <\/p>\n<p>                                <script async src=\"https:\/\/platform.twitter.com\/widgets.js\" charset=\"utf-8\"><\/script><script async src=\"\/\/www.instagram.com\/embed.js\"><\/script><\/p>\n","protected":false},"excerpt":{"rendered":"La ONG naturalista Fundaci\u00f3n Franz Weber considera que el Ayuntamiento de Bilbao es \u201cc\u00f3mplice por omisi\u00f3n\u201d de la&hellip;\n","protected":false},"author":2,"featured_media":72613,"comment_status":"","ping_status":"","sticky":false,"template":"","format":"standard","meta":{"footnotes":""},"categories":[277],"tags":[517,3935,14300,14314,3285,14302,2601,4144,14316,373,14313,767,168,1349,2026,13451,14315,1813,3854,14299,14298,14307,12226,14318,6246,25,24,5691,14308,4910,3705,3978,6927,12252,1982,2178,14297,14317,7600,11701,14311,14312,14305,14303,6115,264,14304,952,14310,14309,14306,14301,3905,492,23,167,374,7192,2177],"class_list":{"0":"post-72612","1":"post","2":"type-post","3":"status-publish","4":"format-standard","5":"has-post-thumbnail","7":"category-toreo","8":"tag-actualidad","9":"tag-alava","10":"tag-andar-en-bici","11":"tag-barakaldo","12":"tag-bbva","13":"tag-belen-ferreras","14":"tag-bilbao","15":"tag-bizkaia","16":"tag-brands","17":"tag-bullfighting","18":"tag-caso-de-miguel","19":"tag-corrupcion","20":"tag-deportes","21":"tag-donostia","22":"tag-educacion","23":"tag-eh-bildu","24":"tag-eibar","25":"tag-ela","26":"tag-eldiario-es","27":"tag-eldiario-es-euskadi","28":"tag-eldiario-eus","29":"tag-eldiarionorte-es","30":"tag-emergencia-climatica","31":"tag-eroski","32":"tag-ertzaintza","33":"tag-es","34":"tag-espana","35":"tag-euskadi","36":"tag-euskal-herria","37":"tag-feminismo","38":"tag-gernika","39":"tag-getxo","40":"tag-gipuzkoa","41":"tag-hondarribia","42":"tag-ignacio-escolar","43":"tag-igualdad","44":"tag-iker-rioja-andueza","45":"tag-imanol-pradales","46":"tag-irun","47":"tag-kutxabank","48":"tag-lab","49":"tag-lanbide","50":"tag-maialen-ferreira","51":"tag-montai","52":"tag-osakidetza","53":"tag-pais-vasco","54":"tag-pnv","55":"tag-politica","56":"tag-pp-vasco","57":"tag-pse-ee","58":"tag-rodrigo-saiz","59":"tag-ruben-pereda","60":"tag-sindicatos","61":"tag-sociedad","62":"tag-spain","63":"tag-sports","64":"tag-toreo","65":"tag-upv-ehu","66":"tag-vitoria"},"share_on_mastodon":{"url":"","error":""},"_links":{"self":[{"href":"https:\/\/www.europesays.com\/es\/wp-json\/wp\/v2\/posts\/72612","targetHints":{"allow":["GET"]}}],"collection":[{"href":"https:\/\/www.europesays.com\/es\/wp-json\/wp\/v2\/posts"}],"about":[{"href":"https:\/\/www.europesays.com\/es\/wp-json\/wp\/v2\/types\/post"}],"author":[{"embeddable":true,"href":"https:\/\/www.europesays.com\/es\/wp-json\/wp\/v2\/users\/2"}],"replies":[{"embeddable":true,"href":"https:\/\/www.europesays.com\/es\/wp-json\/wp\/v2\/comments?post=72612"}],"version-history":[{"count":0,"href":"https:\/\/www.europesays.com\/es\/wp-json\/wp\/v2\/posts\/72612\/revisions"}],"wp:featuredmedia":[{"embeddable":true,"href":"https:\/\/www.europesays.com\/es\/wp-json\/wp\/v2\/media\/72613"}],"wp:attachment":[{"href":"https:\/\/www.europesays.com\/es\/wp-json\/wp\/v2\/media?parent=72612"}],"wp:term":[{"taxonomy":"category","embeddable":true,"href":"https:\/\/www.europesays.com\/es\/wp-json\/wp\/v2\/categories?post=72612"},{"taxonomy":"post_tag","embeddable":true,"href":"https:\/\/www.europesays.com\/es\/wp-json\/wp\/v2\/tags?post=72612"}],"curies":[{"name":"wp","href":"https:\/\/api.w.org\/{rel}","templated":true}]}}