{"id":726224,"date":"2026-08-23T03:45:12","date_gmt":"2026-08-23T03:45:12","guid":{"rendered":"https:\/\/www.europesays.com\/es\/726224\/"},"modified":"2026-08-23T03:45:12","modified_gmt":"2026-08-23T03:45:12","slug":"francho-aso-director-de-extincion-del-incendio-de-las-penas-de-riglos-el-fuego-estuvo-fuera-de-capacidad-de-extincion-en-varios-momentos","status":"publish","type":"post","link":"https:\/\/www.europesays.com\/es\/726224\/","title":{"rendered":"Francho Aso, director de extinci\u00f3n del incendio de Las Pe\u00f1as de Riglos: \u00abEl fuego estuvo fuera de capacidad de extinci\u00f3n en varios momentos\u00bb"},"content":{"rendered":"<p class=\"c-interview__interview c-interview__question\">\u00bfPor qu\u00e9 el incendio de Las Pe\u00f1as de Riglos ha sido tan voraz y tan dif\u00edcil de controlar?<\/p>\n<p class=\"c-interview__interview c-interview__answer\">Su especial complejidad se ha debido a varios factores. Por un lado, la meteorolog\u00eda de la que se ven\u00eda, con falta de precipitaciones, temperaturas muy elevadas y muy baja humedad, y la que hab\u00eda en el momento del incendio. Adem\u00e1s, se ha desarrollado en un entorno con una gran continuidad de combustible con elevada disponibilidad y con una orograf\u00eda abrupta. Aunque tambi\u00e9n es cierto que es uno de los sitios prioritarios donde se han venido haciendo actuaciones tanto de gesti\u00f3n forestal como de prevenci\u00f3n de incendios. Y la prueba es que hay una densidad muy elevada de infraestructuras, como cortafuegos o fajas auxiliares, que han ayudado a ralentizar y anclar el avance. Adem\u00e1s, durante varios d\u00edas seguidos las condiciones favorables a la propagaci\u00f3n no variaron porque se alcanzaron incluso los 40 grados, la humedad estaba al 10 % y no aflojaba el viento.<\/p>\n<p class=\"c-interview__interview c-interview__question\">\u00bfLleg\u00f3 a estar fuera de capacidad de extinci\u00f3n?<\/p>\n<p class=\"c-interview__interview c-interview__answer\">S\u00ed, hubo varios momentos en los que por la velocidad a la que avanzaba y la intensidad de la llama en ese escenario de calor, de viento y de escasa humedad, estuvo fuera de la capacidad de extinci\u00f3n. Y en esas situaciones, adem\u00e1s de primar la seguridad de todo el personal, se priorizaron las poblaciones y luego el emblem\u00e1tico entorno del monasterio de San Juan de la Pe\u00f1a.<\/p>\n<p class=\"c-interview__interview c-interview__question\">El consejero de Interior, Roberto Berm\u00fadez de Castro, coment\u00f3 que el fuego fue tan virulento que lleg\u00f3 a saltar cortafuegos de hasta 300 metros.<\/p>\n<p class=\"c-interview__interview c-interview__answer\">Nuestras infraestructuras de prevenci\u00f3n est\u00e1n alineadas con los comportamientos que tenemos estudiados sobre c\u00f3mo puede evolucionar un incendio en esta parte del territorio para que puedan servir de apoyo. Pero cuando un incendio adquiere la magnitud que ha adquirido el de Las Pe\u00f1as de Riglos, lanza pavesas a muchos metros y eso multiplica la velocidad de avance.<\/p>\n","protected":false},"excerpt":{"rendered":"\u00bfPor qu\u00e9 el incendio de Las Pe\u00f1as de Riglos ha sido tan voraz y tan dif\u00edcil de controlar?&hellip;\n","protected":false},"author":2,"featured_media":726225,"comment_status":"","ping_status":"","sticky":false,"template":"","format":"standard","meta":{"footnotes":""},"categories":[8],"tags":[17,18,25,24,13,14,129470,9548,11,1265,8877,127703,19,20,9,10,15,16,23,12,21,22],"class_list":["post-726224","post","type-post","status-publish","format-standard","has-post-thumbnail","category-espana","tag-breaking-news","tag-breakingnews","tag-es","tag-espana","tag-featured-news","tag-featurednews","tag-francho-aso","tag-gobierno-de-aragon","tag-headlines","tag-huesca","tag-incendios-forestales","tag-las-penas-de-riglos","tag-latest-news","tag-latestnews","tag-news","tag-noticias","tag-noticias-destacadas","tag-noticiasdestacadas","tag-spain","tag-titulares","tag-ultimas-noticias","tag-ultimasnoticias"],"share_on_mastodon":{"url":"https:\/\/pubeurope.com\/@es\/117142770782066780","error":""},"_links":{"self":[{"href":"https:\/\/www.europesays.com\/es\/wp-json\/wp\/v2\/posts\/726224","targetHints":{"allow":["GET"]}}],"collection":[{"href":"https:\/\/www.europesays.com\/es\/wp-json\/wp\/v2\/posts"}],"about":[{"href":"https:\/\/www.europesays.com\/es\/wp-json\/wp\/v2\/types\/post"}],"author":[{"embeddable":true,"href":"https:\/\/www.europesays.com\/es\/wp-json\/wp\/v2\/users\/2"}],"replies":[{"embeddable":true,"href":"https:\/\/www.europesays.com\/es\/wp-json\/wp\/v2\/comments?post=726224"}],"version-history":[{"count":0,"href":"https:\/\/www.europesays.com\/es\/wp-json\/wp\/v2\/posts\/726224\/revisions"}],"wp:featuredmedia":[{"embeddable":true,"href":"https:\/\/www.europesays.com\/es\/wp-json\/wp\/v2\/media\/726225"}],"wp:attachment":[{"href":"https:\/\/www.europesays.com\/es\/wp-json\/wp\/v2\/media?parent=726224"}],"wp:term":[{"taxonomy":"category","embeddable":true,"href":"https:\/\/www.europesays.com\/es\/wp-json\/wp\/v2\/categories?post=726224"},{"taxonomy":"post_tag","embeddable":true,"href":"https:\/\/www.europesays.com\/es\/wp-json\/wp\/v2\/tags?post=726224"}],"curies":[{"name":"wp","href":"https:\/\/api.w.org\/{rel}","templated":true}]}}