{"id":72624,"date":"2025-08-26T04:17:05","date_gmt":"2025-08-26T04:17:05","guid":{"rendered":"https:\/\/www.europesays.com\/es\/72624\/"},"modified":"2025-08-26T04:17:05","modified_gmt":"2025-08-26T04:17:05","slug":"lamine-yamal-confirma-su-relacion-con-nicki-nicole-con-una-romantica-foto","status":"publish","type":"post","link":"https:\/\/www.europesays.com\/es\/72624\/","title":{"rendered":"Lamine Yamal confirma su relaci\u00f3n con Nicki Nicole con una rom\u00e1ntica foto"},"content":{"rendered":"<p>Despu\u00e9s de semanas de rumores, Lamine Yamal ha confirmado su relaci\u00f3n con Nicki Nicole a trav\u00e9s de su redes sociales. El futbolista del FC Barcelona ha publicado una imagen en stories de Instagram en la que se ve a ambos celebrando el 25\u00ba cumplea\u00f1os de la cantante argentina acompa\u00f1ados de globos de corazones, p\u00e9talos de rosa y una tarta.<\/p>\n<p>La instant\u00e1nea, de lo m\u00e1s rom\u00e1ntica, acabar\u00eda por confirmar los titulares que desde el pol\u00e9mico cumplea\u00f1os de Yamal ven\u00eda protagonizando junto a la argentina. En ella aparecen ambos muy juntos, con ella apoyando su cabeza sobre el hombro del futbolista, mientras que \u00e9l la agarra de la cintura, todo ello acompa\u00f1ado de rosas y p\u00e9talos de rosa, as\u00ed como de globos en forma de coraz\u00f3n.<\/p>\n<p>La prensa empez\u00f3 a relacionar a Yamal y Nicole el pasado 14 de julio, despu\u00e9s de la pol\u00e9mica fiesta de 18\u00ba cumplea\u00f1os del futbolista del FC Barcelona, en la que algunos de los asistentes hablaron de que entre ambos hab\u00eda \u00abmucho tonteo\u00bb.\u00a0<\/p>\n<p>A ra\u00edz de ah\u00ed, algunas publicaciones en redes sociales de ambos empezaron a ubicarlos en los mismos lugares, vincul\u00e1ndolos juntos de viaje. Tras esto, Nicole acudi\u00f3 al trofeo Joan Gamper con una camiseta de Yamal, lo que alent\u00f3 a\u00fan m\u00e1s los rumores, pero no ha sido hasta la semana pasada cuando ambos viajaron juntos a M\u00f3naco, donde fueron cazados por los paparazzi.<\/p>\n<p>Despu\u00e9s de que se publicaran estas im\u00e1genes, los periodistas preguntaron a\u00a0Mounir Nasraoui, padre del futbolista, por la relaci\u00f3n entre ambos, <a href=\"https:\/\/www.huffingtonpost.es\/life\/influencers-celebrities\/preguntan-padre-lamine-yamal-vinculo-hijo-nicki-nicole-respuesta-da-vuelta-mundo.html\" rel=\"nofollow noopener\" target=\"_blank\">dejando una respuesta que dio la vuelta al mundo<\/a>. \u00abPero es que no s\u00e9 qui\u00e9n es, no s\u00e9 c\u00f3mo es ni su imagen. No s\u00e9 c\u00f3mo es su cara\u00bb, respondi\u00f3.<\/p>\n<p>\u00abNo, de verdad, si a m\u00ed me siguierais cada d\u00eda, ver\u00edais que yo hago mi vida, paso de todo\u00bb, ha recalcado dejando claro que no quiere meterse en la vida personal de su hijo. \u00abNo, de verdad, si a m\u00ed me siguierais cada d\u00eda, ver\u00edais que yo hago mi vida, paso de todo\u00bb, ha enfatizado.<\/p>\n<p>Al ser preguntado por los periodistas sobre si no conoc\u00eda la popular sesi\u00f3n de la argentina con Bizarrap, ZRP Music Sessions #13, publicada en 2019 y que acumula m\u00e1s de 22 millones de reproducciones en YouTube la respuesta de Nasraoui ha dado mucho qu\u00e9 hablar.<\/p>\n<p>\u00abNo entiendo, yo escucho m\u00fasica urbana de Estados Unidos, no escucho m\u00fasica de aqu\u00ed. \u00bfQu\u00e9 es Bizarrap? \u00bfQu\u00e9 es eso?\u00bb, asegur\u00f3.\u00a0<\/p>\n","protected":false},"excerpt":{"rendered":"Despu\u00e9s de semanas de rumores, Lamine Yamal ha confirmado su relaci\u00f3n con Nicki Nicole a trav\u00e9s de su&hellip;\n","protected":false},"author":2,"featured_media":72625,"comment_status":"","ping_status":"","sticky":false,"template":"","format":"standard","meta":{"footnotes":""},"categories":[174],"tags":[255,1779,146,147,25,24,256,11680,14781,5977,23,14780],"class_list":{"0":"post-72624","1":"post","2":"type-post","3":"status-publish","4":"format-standard","5":"has-post-thumbnail","7":"category-famosos","8":"tag-celebrities","9":"tag-confirma","10":"tag-entertainment","11":"tag-entretenimiento","12":"tag-es","13":"tag-espana","14":"tag-famosos","15":"tag-lamine","16":"tag-nicki","17":"tag-relacion","18":"tag-spain","19":"tag-yamal"},"share_on_mastodon":{"url":"","error":""},"_links":{"self":[{"href":"https:\/\/www.europesays.com\/es\/wp-json\/wp\/v2\/posts\/72624","targetHints":{"allow":["GET"]}}],"collection":[{"href":"https:\/\/www.europesays.com\/es\/wp-json\/wp\/v2\/posts"}],"about":[{"href":"https:\/\/www.europesays.com\/es\/wp-json\/wp\/v2\/types\/post"}],"author":[{"embeddable":true,"href":"https:\/\/www.europesays.com\/es\/wp-json\/wp\/v2\/users\/2"}],"replies":[{"embeddable":true,"href":"https:\/\/www.europesays.com\/es\/wp-json\/wp\/v2\/comments?post=72624"}],"version-history":[{"count":0,"href":"https:\/\/www.europesays.com\/es\/wp-json\/wp\/v2\/posts\/72624\/revisions"}],"wp:featuredmedia":[{"embeddable":true,"href":"https:\/\/www.europesays.com\/es\/wp-json\/wp\/v2\/media\/72625"}],"wp:attachment":[{"href":"https:\/\/www.europesays.com\/es\/wp-json\/wp\/v2\/media?parent=72624"}],"wp:term":[{"taxonomy":"category","embeddable":true,"href":"https:\/\/www.europesays.com\/es\/wp-json\/wp\/v2\/categories?post=72624"},{"taxonomy":"post_tag","embeddable":true,"href":"https:\/\/www.europesays.com\/es\/wp-json\/wp\/v2\/tags?post=72624"}],"curies":[{"name":"wp","href":"https:\/\/api.w.org\/{rel}","templated":true}]}}