{"id":726244,"date":"2026-08-23T04:09:22","date_gmt":"2026-08-23T04:09:22","guid":{"rendered":"https:\/\/www.europesays.com\/es\/726244\/"},"modified":"2026-08-23T04:09:22","modified_gmt":"2026-08-23T04:09:22","slug":"ceuta-la-crisis-imposible-espana","status":"publish","type":"post","link":"https:\/\/www.europesays.com\/es\/726244\/","title":{"rendered":"Ceuta, la crisis imposible | Espa\u00f1a"},"content":{"rendered":"<p class=\"\">El creciente rechazo a la inmigraci\u00f3n que detectan todas las encuestas complica cada vez m\u00e1s la propia gesti\u00f3n de una emergencia como la de Ceuta, con miles de personas deambulando por las calles despu\u00e9s del \u00faltimo gran salto a la frontera, en el que entraron unas 80.000 personas aunque poco despu\u00e9s salieron unas 70.000. <\/p>\n<p class=\"\">En privado, algunos miembros del Gobierno hacen autocr\u00edtica sobre su gesti\u00f3n, admiten que hab\u00eda que haber ido m\u00e1s r\u00e1pido, que estuvieron lentos. Pero otros, sobre todo los que est\u00e1n m\u00e1s encima de la emergencia, explican que se han perdido muchos d\u00edas precisamente porque <a href=\"https:\/\/elpais.com\/espana\/2026-07-12\/la-espiral-xenofoba-asi-se-han-endurecido-el-discurso-derechista-y-el-clima-social-contra-la-inmigracion.html\" target=\"_self\" rel=\"nofollow noopener\" title=\"https:\/\/elpais.com\/espana\/2026-07-12\/la-espiral-xenofoba-asi-se-han-endurecido-el-discurso-derechista-y-el-clima-social-contra-la-inmigracion.html\">ni Ceuta ni Espa\u00f1a son las que eran<\/a> en 2021, <a href=\"https:\/\/elpais.com\/espana\/2021-05-19\/que-esta-pasando-en-ceuta-claves-de-la-crisis-entre-espana-y-marruecos.html?outputType=amp&amp;utm_source=chatgpt.com\" target=\"_self\" rel=\"nofollow noopener\" title=\"https:\/\/elpais.com\/espana\/2021-05-19\/que-esta-pasando-en-ceuta-claves-de-la-crisis-entre-espana-y-marruecos.html?outputType=amp&amp;utm_source=chatgpt.com\">cuando el anterior gran salto<\/a>, entonces claramente alentado por Marruecos como represalia. Esta vez, distintas fuentes al m\u00e1ximo nivel insisten en que creen que a Rabat se le fue de las manos el asalto pero no lo alent\u00f3. <\/p>\n<p class=\"\">En 2021 saltaron m\u00e1s de 10.000, esta vez 80.000. Los n\u00fameros de los que se quedaron, sin embargo, no son tan diferentes. Pero entonces, el Gobierno central y el de Ceuta se pusieron r\u00e1pidamente de acuerdo sobre d\u00f3nde meterlos, c\u00f3mo atenderlos. Esta vez, los ministros y los consejeros de Ceuta han jugado varios d\u00edas al gato y al rat\u00f3n, con una enorme presi\u00f3n de vecinos que rechazan cualquier emplazamiento temporal para los inmigrantes que estuviera cerca de sus casas. <\/p>\n<p class=\"\">En 2021 Ceuta cedi\u00f3 inmediatamente el polideportivo y otras instalaciones. Pero esta vez se resist\u00eda mucho m\u00e1s, seg\u00fan coinciden distintas fuentes, y no ofrec\u00eda nada concreto. Ceuta iba rechazando opciones a medida que los vecinos se enteraban y presionaban. Finalmente, a mediados de la semana pasada, Ceuta plante\u00f3 que el puerto era una buena opci\u00f3n. Pero de nuevo hubo protestas, esta vez empresariales, y Vivas se ech\u00f3 para atr\u00e1s. Y este lunes le pidi\u00f3 a Elma Saiz, que ya estaba en Ceuta, que no fueran ni al puerto ni a la f\u00e1brica de harinas, dos instalaciones controladas por el Gobierno pero con rechazo vecinal o empresarial. <\/p>\n<p class=\"\">Despu\u00e9s de muchas negociaciones, con Vivas reci\u00e9n llegado de una rueda dur\u00edsima en la que se lanz\u00f3 a deg\u00fcello contra el Gobierno, el presidente ceut\u00ed ofreci\u00f3 el embolsamiento, una instalaci\u00f3n controlada por la ciudad. <a href=\"https:\/\/elpais.com\/espana\/2026-08-18\/la-moncloa-y-ceuta-pactan-espacios-para-encarrilar-la-crisis-humanitaria-en-medio-de-una-gran-tension-politica.html\" target=\"_self\" rel=\"nofollow noopener\" title=\"https:\/\/elpais.com\/espana\/2026-08-18\/la-moncloa-y-ceuta-pactan-espacios-para-encarrilar-la-crisis-humanitaria-en-medio-de-una-gran-tension-politica.html\">Finalmente hubo acuerdo<\/a>, pero siempre en medio de una gran tensi\u00f3n entre La Moncloa y el Gobierno de Ceuta, que hasta este salto se hab\u00edan entendido muy bien. <\/p>\n<p>Inquietud<\/p>\n<p class=\"\">La crisis se vuelve as\u00ed casi imposible de gestionar, entre el choque entre las administraciones, la presi\u00f3n de los vecinos y un grupo de <a href=\"https:\/\/elpais.com\/espana\/2026-08-22\/los-migrantes-de-ceuta-aceptan-los-espacios-de-acogida-pero-aun-recelan-de-que-sean-una-trampa.html\" target=\"_self\" rel=\"nofollow noopener\" title=\"https:\/\/elpais.com\/espana\/2026-08-22\/los-migrantes-de-ceuta-aceptan-los-espacios-de-acogida-pero-aun-recelan-de-que-sean-una-trampa.html\">inmigrantes desconfiados<\/a>, que no saben si les conviene m\u00e1s aceptar los nuevos emplazamientos o seguir vagando para evitar que los expulsen. Los relatos son cada vez m\u00e1s inquietantes. \u201cAlgunos est\u00e1n empezando a esnifar mucho pegamento. Las noches son complicadas. Algunas empiezan tambi\u00e9n a prostituirse para sacar algo de dinero. Necesitamos una ubicaci\u00f3n para todos y habr\u00e1 que trasladar a la pen\u00ednsula a muchos menores. No tiene sentido que Ceuta rechace eso, es un alivio grande para ellos. Vivas est\u00e1 irreconocible, nunca fue as\u00ed\u201d, se\u00f1ala uno de los miembros del Gobierno que est\u00e1n encima de la emergencia. <\/p>\n<p class=\"\">Otros admiten que se ha perdido mucho tiempo, pero sobre todo porque en los primeros d\u00edas no se hizo mucho a la espera de que los inmigrantes se volvieran a Marruecos, como hizo la enorme mayor\u00eda. \u201cLa ciudad no quer\u00eda que los meti\u00e9ramos en ning\u00fan centro porque as\u00ed los alentaba a irse. Pero eso ya pas\u00f3. Los que est\u00e1n ahora no se van a ir. Hay que meterlos en alg\u00fan sitio para controlarlos, filiarlos y ver qu\u00e9 hacer en cada situaci\u00f3n\u201d, se\u00f1ala un ministro. El tiempo apremia. Ahora empiezan las clases y se pierden dos ubicaciones perfectas, dos colegios. Habr\u00e1 que buscar m\u00e1s, los vecinos presionan y el PP rechaza enviar a nadie a la pen\u00ednsula. Las soluciones escasean, pero se buscan recovecos cada d\u00eda.<\/p>\n<p>La presi\u00f3n del PP<\/p>\n<p class=\"\">Juan Jes\u00fas Vivas, que lleva desde 2001 al frente de la ciudad y que siempre hab\u00eda tenido buena relaci\u00f3n con el Ejecutivo de Pedro S\u00e1nchez, est\u00e1 siendo muy duro. \u201cEl Gobierno ha abandonado a Ceuta\u201d, insiste a diario. Media docena de ministros consultados, que le conocen bien, est\u00e1n muy sorprendidos y molestos con su cambio de actitud. Mientras, en el entorno de Vivas se\u00f1alan que el problema es que el Gobierno no quiere agilizar las expulsiones para no molestar a Marruecos, pero insisten en que esa ser\u00eda la \u00fanica soluci\u00f3n real. \u201cEl PP nos est\u00e1 pidiendo que <a href=\"https:\/\/elpais.com\/espana\/2026-08-21\/la-ley-y-la-jurisprudencia-amparan-por-igual-a-menores-inmigrantes-y-espanoles.html\" target=\"_self\" rel=\"nofollow noopener\" title=\"https:\/\/elpais.com\/espana\/2026-08-21\/la-ley-y-la-jurisprudencia-amparan-por-igual-a-menores-inmigrantes-y-espanoles.html\">incumplamos la ley<\/a> con los menores\u201d, se\u00f1ala Sira Rego, ministra de Juventud e Infancia. \u201cNo haremos deportaciones de menores. Es ilegal e inmoral. Nadie va a firmar eso, los funcionarios saben que es prevaricaci\u00f3n, por eso <a href=\"https:\/\/elpais.com\/espana\/2026-08-20\/una-devolucion-expres-de-menores-en-2021-como-la-que-plantea-ahora-el-pp-acabo-con-una-condena-por-prevaricacion.html\" target=\"_self\" rel=\"nofollow noopener\" title=\"https:\/\/elpais.com\/espana\/2026-08-20\/una-devolucion-expres-de-menores-en-2021-como-la-que-plantea-ahora-el-pp-acabo-con-una-condena-por-prevaricacion.html\">inhabilitaron a la ex delegada del Gobierno y a la ex vicepresidenta de Ceuta<\/a>. Tenemos que dar la batalla pol\u00edtica para impedir que crezca el discurso xen\u00f3fobo. Somos un gobierno progresista y tenemos un enfoque de derechos humanos con la inmigraci\u00f3n\u201d, remata. <\/p>\n<p class=\"\">Elma Saiz, que ha estado toda la semana en Ceuta, cree que al menos se est\u00e1 encauzando el problema con las nuevas ubicaciones temporales que se han instalado para atender a los inmigrantes. Y cree que Vivas est\u00e1 tan duro porque tiene mucha presi\u00f3n del PP, que ha visto en esto una gran oportunidad pol\u00edtica. <\/p>\n<p class=\"\">Y mientras, el l\u00edder de los populares, Alberto N\u00fa\u00f1ez Feij\u00f3o, acusa a S\u00e1nchez de estar entregado a Rabat. \u201cLo que est\u00e1 claro es que Marruecos o consinti\u00f3 o alent\u00f3 la invasi\u00f3n\u201d, se\u00f1ala Feij\u00f3o en una entrevista con Europa Press. \u201cS\u00e1nchez se comporta m\u00e1s como un s\u00fabdito de Marruecos que como el presidente del Gobierno de Espa\u00f1a\u201d, insiste. Feij\u00f3o asegura adem\u00e1s que est\u00e1 \u201cconvencido\u201d de que el Rey quiere ir a Ceuta y pide al Gobierno que le autorice. El jefe del Estado no fue nunca a Ceuta mientras el PP gobernaba, ni con Jos\u00e9 Mar\u00eda Aznar ni con Mariano Rajoy. Solo lo hizo una vez con gobierno del PSOE, con Jos\u00e9 Luis Rodr\u00edguez Zapatero en La Moncloa, en 2007, y la visita <a href=\"https:\/\/elpais.com\/diario\/2007\/11\/07\/espana\/1194390002_850215.html\" target=\"_self\" rel=\"nofollow noopener\" title=\"https:\/\/elpais.com\/diario\/2007\/11\/07\/espana\/1194390002_850215.html\">gener\u00f3 mucha tensi\u00f3n con Marruecos<\/a>.<\/p>\n<p>Trump y Musk<\/p>\n<p class=\"\">En La Moncloa y en Exteriores rechazan de plano que Marruecos est\u00e9 detr\u00e1s del salto masivo a Ceuta, como se\u00f1ala Feij\u00f3o. \u201cNos han dicho por activa y por pasiva que no fueron ellos, que para Rabat esto es un problema, que est\u00e1n dispuestos a recoger a todos los que vuelvan, que van a impedir que haya m\u00e1s, <a href=\"https:\/\/elpais.com\/espana\/2026-08-16\/marruecos-exhibe-su-maxima-fuerza-como-guardian-de-la-frontera-ceuti.html\" target=\"_self\" rel=\"nofollow noopener\" title=\"https:\/\/elpais.com\/espana\/2026-08-16\/marruecos-exhibe-su-maxima-fuerza-como-guardian-de-la-frontera-ceuti.html\">como hicieron el d\u00eda 15 de agosto<\/a>. Cuando Marruecos quiere hacer una represalia a trav\u00e9s de un salto masivo, como en 2021, despu\u00e9s lo dice: ha sido por lo de [Brahim] Ghali [l\u00edder del <a href=\"https:\/\/elpais.com\/internacional\/2026-04-14\/el-polisario-se-aleja-de-la-lucha-armada-en-el-sahara-y-ofrece-a-rabat-ser-un-socio-de-paz.html\" target=\"_self\" rel=\"nofollow noopener\" title=\"https:\/\/elpais.com\/internacional\/2026-04-14\/el-polisario-se-aleja-de-la-lucha-armada-en-el-sahara-y-ofrece-a-rabat-ser-un-socio-de-paz.html\">Frente Polisario<\/a> que fue acogido en Espa\u00f1a aquel a\u00f1o gravemente enfermo de covid]. Aqu\u00ed nos insisten en que no tienen ning\u00fan reproche, tampoco por el viaje de S\u00e1nchez a Argelia. Insisten en que ha sido un episodio que <a href=\"https:\/\/elpais.com\/espana\/2026-08-11\/los-bulos-que-propiciaron-la-la-avalancha-migratoria-hacia-ceuta-la-puerta-esta-abierta.html\" target=\"_self\" rel=\"nofollow noopener\" title=\"https:\/\/elpais.com\/espana\/2026-08-11\/los-bulos-que-propiciaron-la-la-avalancha-migratoria-hacia-ceuta-la-puerta-esta-abierta.html\">estall\u00f3 en las redes y no lo han logrado controlar<\/a>. Y creemos que es verdad\u201d, se\u00f1alan fuentes del Gobierno. <\/p>\n<p class=\"\">El Ejecutivo <a href=\"https:\/\/elpais.com\/espana\/2026-08-17\/espana-mantendra-intacta-su-estrategia-con-marruecos-pese-a-las-criticas-por-la-crisis-de-ceuta.html\" target=\"_self\" rel=\"nofollow noopener\" title=\"https:\/\/elpais.com\/espana\/2026-08-17\/espana-mantendra-intacta-su-estrategia-con-marruecos-pese-a-las-criticas-por-la-crisis-de-ceuta.html\">ha evitado criticar a Marruecos y as\u00ed va a seguir<\/a>, porque S\u00e1nchez y sus ministros est\u00e1n convencidos de que todas las salidas posibles pasan por Marruecos y no tiene sentido un choque con ellos. Diversos ministros consultados apuntan mucho m\u00e1s a la \u201cinternacional ultraderechista\u201d y sobre todo a los magnates de las redes como responsables de amplificar el salto del 30 de julio, m\u00e1s que a Marruecos. \u201cEst\u00e1n deseando destruir al principal gobierno en todo el mundo, con el de Lula, que les planta cara. Es incre\u00edble lo r\u00e1pido que salieron Trump y Musk a hablar de Ceuta. Esta es una batalla m\u00e1s de fondo, saben que esto nos mete en una contradicci\u00f3n enorme\u201d, sentencia un ministro. <\/p>\n<p>Ceuta para rato<\/p>\n<p class=\"\">El Gobierno apura todos los esfuerzos, con decenas de personas sobre el terreno, para intentar encauzar una crisis de casi imposible gesti\u00f3n que le perjudica desde casi cualquier punto de vista, porque pone en cuesti\u00f3n su discurso proinmigraci\u00f3n y alienta un sentimiento de rechazo al extranjero que en Espa\u00f1a era muy minoritario, al contrario que en el resto de la UE, pero ahora se extiende r\u00e1pidamente. <\/p>\n<p class=\"\">Poco a poco, los inmigrantes empiezan a estar controlados, filiados y atendidos en la sanidad, y los menores listos para ser trasladados. Pero a\u00fan queda mucho. En La Moncloa saben que hay Ceuta para rato. Y en el PP lo ven como la ocasi\u00f3n perfecta para desgastar al Ejecutivo en un asunto que creen que le debilita tambi\u00e9n en una parte del votante del PSOE, m\u00e1s cr\u00edtico con la inmigraci\u00f3n. La temporada pol\u00edtica empieza incendiada con el asunto que domina la pol\u00edtica europea y la americana. De la capacidad del Gobierno para gestionarlo dependen buena parte de las expectativas de la izquierda para el futuro.<\/p>\n","protected":false},"excerpt":{"rendered":"El creciente rechazo a la inmigraci\u00f3n que detectan todas las encuestas complica cada vez m\u00e1s la propia gesti\u00f3n&hellip;\n","protected":false},"author":2,"featured_media":726245,"comment_status":"","ping_status":"","sticky":false,"template":"","format":"standard","meta":{"footnotes":""},"categories":[5],"tags":[6069,17,18,4486,25,24,13,14,582,11,19,20,4485,9,10,15,16,2959,6914,23,12,21,22],"class_list":["post-726244","post","type-post","status-publish","format-standard","has-post-thumbnail","category-titulares","tag-alberto-nunez-feijoo","tag-breaking-news","tag-breakingnews","tag-ceuta","tag-es","tag-espana","tag-featured-news","tag-featurednews","tag-gobierno","tag-headlines","tag-latest-news","tag-latestnews","tag-marruecos","tag-news","tag-noticias","tag-noticias-destacadas","tag-noticiasdestacadas","tag-pedro-sanchez","tag-santiago-abascal","tag-spain","tag-titulares","tag-ultimas-noticias","tag-ultimasnoticias"],"share_on_mastodon":{"url":"https:\/\/pubeurope.com\/@es\/117142864991830275","error":""},"_links":{"self":[{"href":"https:\/\/www.europesays.com\/es\/wp-json\/wp\/v2\/posts\/726244","targetHints":{"allow":["GET"]}}],"collection":[{"href":"https:\/\/www.europesays.com\/es\/wp-json\/wp\/v2\/posts"}],"about":[{"href":"https:\/\/www.europesays.com\/es\/wp-json\/wp\/v2\/types\/post"}],"author":[{"embeddable":true,"href":"https:\/\/www.europesays.com\/es\/wp-json\/wp\/v2\/users\/2"}],"replies":[{"embeddable":true,"href":"https:\/\/www.europesays.com\/es\/wp-json\/wp\/v2\/comments?post=726244"}],"version-history":[{"count":0,"href":"https:\/\/www.europesays.com\/es\/wp-json\/wp\/v2\/posts\/726244\/revisions"}],"wp:featuredmedia":[{"embeddable":true,"href":"https:\/\/www.europesays.com\/es\/wp-json\/wp\/v2\/media\/726245"}],"wp:attachment":[{"href":"https:\/\/www.europesays.com\/es\/wp-json\/wp\/v2\/media?parent=726244"}],"wp:term":[{"taxonomy":"category","embeddable":true,"href":"https:\/\/www.europesays.com\/es\/wp-json\/wp\/v2\/categories?post=726244"},{"taxonomy":"post_tag","embeddable":true,"href":"https:\/\/www.europesays.com\/es\/wp-json\/wp\/v2\/tags?post=726244"}],"curies":[{"name":"wp","href":"https:\/\/api.w.org\/{rel}","templated":true}]}}