{"id":726328,"date":"2026-08-23T05:41:16","date_gmt":"2026-08-23T05:41:16","guid":{"rendered":"https:\/\/www.europesays.com\/es\/726328\/"},"modified":"2026-08-23T05:41:16","modified_gmt":"2026-08-23T05:41:16","slug":"estadounidenses-que-viajaron-a-cuba-para-festejar-a-fidel-castro-fueron-retenidos-a-su-regreso-en-el-aeropuerto-de-miami","status":"publish","type":"post","link":"https:\/\/www.europesays.com\/es\/726328\/","title":{"rendered":"Estadounidenses que viajaron a Cuba para festejar a Fidel Castro fueron retenidos a su regreso en el aeropuerto de Miami"},"content":{"rendered":"<p>Ciudadanos estadounidenses que viajaron a Cuba para participar en actos por el centenario de Fidel Castro, fueron retenidos y sometidos a revisiones secundarias por agentes de la Oficina de Aduanas y Protecci\u00f3n Fronteriza a su llegada al Aeropuerto Internacional de Miami, seg\u00fan inform\u00f3 la <a href=\"http:\/\/www.univision.com\/noticias\/politica\/eeuu-endurece-sanciones-a-cuba-y-detiene-a-estadounidenses-que-visitaron-la-isla\" rel=\"nofollow noopener\" target=\"_blank\">Agencia Associated Press<\/a> citando a funcionarios estadounidenses que hablaron bajo anonimato.<\/p>\n<p>El operativo tuvo lugar el fin de semana del 16 y 17 de agosto, d\u00edas despu\u00e9s de que m\u00e1s de <a href=\"https:\/\/www.cibercuba.com\/noticias\/2026-08-11-u1-e135253-s27061-nid337528-mil-extranjeros-cuba-festejar-fidel-castro-plena\" rel=\"nofollow noopener\" target=\"_blank\"><strong>1,500 delegados de 63 pa\u00edses asistieran al I Coloquio Internacional \u00abFidel: Legado y Futuro\u00bb<\/strong><\/a>, celebrado en La Habana del 10 al 13 de agosto para conmemorar el centenario del dictador cubano.<\/p>\n<p>A varios de los viajeros interceptados se les incautaron tel\u00e9fonos celulares, computadoras port\u00e1tiles y tabletas para inspecci\u00f3n, aunque el estatus de esos dispositivos no estaba claro al momento de la publicaci\u00f3n.<\/p>\n<p>Las autoridades estaban preparadas para someter a decenas de activistas a interrogatorios reforzados, pero muchos menos cumplieron los criterios establecidos para ese procedimiento.<\/p>\n<p>Todos los detenidos fueron finalmente liberados y se les permiti\u00f3 ingresar al pa\u00eds, aunque las autoridades advirtieron que quienes hayan participado en transacciones con entidades del gobierno cubano -incluidos restaurantes, hoteles y tiendas- podr\u00edan enfrentar consecuencias legales si una investigaci\u00f3n posterior determina que infringieron las sanciones vigentes.<\/p>\n<p>El operativo en Miami no es el primero de este tipo en 2026: en marzo, <strong><a href=\"https:\/\/www.cibercuba.com\/noticias\/2026-03-25-u1-e208574-s27061-nid324058-miembros-convoy-nuestra-america-retenidos-miami-tras\" rel=\"nofollow noopener\" target=\"_blank\">al menos 16 activistas del Convoy Nuestra Am\u00e9rica fueron retenidos e interrogados<\/a><\/strong> durante aproximadamente tres horas en ese mismo aeropuerto al regresar de Cuba, con confiscaci\u00f3n de tel\u00e9fonos y equipos.<\/p>\n<p>El pasado jueves, los departamentos del Tesoro y de Estado anunciaron una nueva ronda de sanciones contra nueve empresas estatales cubanas de los sectores de miner\u00eda, metales y construcci\u00f3n, entre ellas la Empresa de N\u00edquel Comandante Ernesto Che Guevara, el Grupo Empresarial Geominero Salinero y el Ministerio de la Construcci\u00f3n.<\/p>\n<p>Las medidas tambi\u00e9n alcanzaron a tres <a href=\"https:\/\/www.cibercuba.com\/noticias\/2026-08-20-u1-e135253-s27061-nid338317-estados-unidos-sanciona-exespia-fernando-gonzalez\" rel=\"nofollow noopener\" target=\"_blank\"><strong>dirigentes del Instituto Cubano de Amistad con los Pueblos (ICAP): su presidente Fernando Gonz\u00e1lez Llort<\/strong><\/a>, su primera vicepresidenta Noem\u00ed Ramona Rabaza Fern\u00e1ndez y su directora para Norteam\u00e9rica Leima Mart\u00ednez Freire.<\/p>\n<p>Gonz\u00e1lez Llort tiene un historial con la justicia estadounidense: fue arrestado en 1998 y condenado en 2001 por su papel en la Red Avispa, una red de inteligencia cubana infiltrada en grupos del exilio en Miami. Cumpli\u00f3 unos 15 a\u00f1os de prisi\u00f3n en suelo estadounidense antes de regresar a Cuba en 2014.<\/p>\n<p>Esta semana, el secretario de Estado <strong><a href=\"https:\/\/www.cibercuba.com\/noticias\/2026-08-20-u1-e199894-s27061-nid338321-marco-rubio-acusa-al-regimen-cubano-usar-grupos\" rel=\"nofollow noopener\" target=\"_blank\">Marco Rubio acus\u00f3 al ICAP de patrocinar \u00abuna vasta red subversiva en Estados Unidos<\/a><\/strong> destinada a identificar, captar y radicalizar\u00bb a ciudadanos estadounidenses, y vincul\u00f3 directamente el coloquio habanero con esa estrategia.<\/p>\n<p>\u00abHace apenas unos d\u00edas, el r\u00e9gimen intent\u00f3 utilizar los 100 a\u00f1os del cabecilla comunista y d\u00e9spota Fidel Castro para revitalizar esta red subversiva, trasladando a La Habana a una nueva brigada de simpatizantes internacionales para establecer contactos con funcionarios del r\u00e9gimen\u00bb, afirm\u00f3 Rubio en un comunicado.<\/p>\n<p>El secretario de Estado fue m\u00e1s lejos al se\u00f1alar que \u00abla administraci\u00f3n Trump no se quedar\u00e1 de brazos cruzados mientras una potencia extranjera hostil busca explotar nuestras libertades -de las que ninguna goza su pueblo- enga\u00f1ando y corrompiendo a ciudadanos estadounidenses con mentiras, t\u00e9cnicas de espionaje y otras fechor\u00edas\u00bb.<\/p>\n<p>Rubio tambi\u00e9n advirti\u00f3 que los bancos y empresas extranjeras que mantengan v\u00ednculos con las entidades sancionadas se exponen a ser designados a su vez.<\/p>\n<p>El canciller cubano <a href=\"https:\/\/www.cibercuba.com\/noticias\/2026-08-20-u1-e199894-s27061-nid338327-bruno-rodriguez-reacciona-nuevas-sanciones-eeuu\" rel=\"nofollow noopener\" target=\"_blank\"><strong>Bruno Rodr\u00edguez Parrilla rechaz\u00f3 las nuevas sanciones<\/strong><\/a> y lo acus\u00f3 de obstaculizar el transporte de alimentos, medicinas y dispositivos m\u00e9dicos hacia Cuba, mayormente adquiridos por peque\u00f1as y medianas empresas privadas cubanas.<\/p>\n<p>Las sanciones del jueves se enmarcan en la Orden Ejecutiva 14404, firmada por el presidente Donald Trump el 1 de mayo de 2026, y representan la cuarta ronda de medidas punitivas aplicadas desde entonces contra el r\u00e9gimen cubano en sectores militares, financieros, energ\u00e9ticos, mineros y de construcci\u00f3n.<\/p>\n<p>Cualquier ciudadano estadounidense detenido y liberado en el aeropuerto a\u00fan podr\u00eda enfrentar un proceso judicial si las investigaciones en curso determinan que realiz\u00f3 transacciones prohibidas durante su estancia en la Isla.<\/p>\n","protected":false},"excerpt":{"rendered":"Ciudadanos estadounidenses que viajaron a Cuba para participar en actos por el centenario de Fidel Castro, fueron retenidos&hellip;\n","protected":false},"author":2,"featured_media":726329,"comment_status":"","ping_status":"","sticky":false,"template":"","format":"standard","meta":{"footnotes":""},"categories":[42],"tags":[7351,129489,121570,17,18,15705,629,13,14,24076,11,61,2661,62,63,64,129490,19,20,32076,9,10,20561,15,16,82603,6540,12,21,22,129491,65,66,67],"class_list":["post-726328","post","type-post","status-publish","format-standard","has-post-thumbnail","category-internacional","tag-aeropuerto","tag-aeropuerto-de-miami","tag-aeropuerto-internacional-de-miami","tag-breaking-news","tag-breakingnews","tag-detenciones","tag-estados-unidos","tag-featured-news","tag-featurednews","tag-fidel-castro","tag-headlines","tag-internacional","tag-internacionales","tag-international","tag-international-news","tag-internationalnews","tag-izquierda-latinoamericana","tag-latest-news","tag-latestnews","tag-marco-rubio","tag-news","tag-noticias","tag-noticias-de-miami","tag-noticias-destacadas","tag-noticiasdestacadas","tag-relaciones-cuba-estados-unidos","tag-sanciones","tag-titulares","tag-ultimas-noticias","tag-ultimasnoticias","tag-visita-a-cuba","tag-world","tag-world-news","tag-worldnews"],"share_on_mastodon":{"url":"","error":"Validation failed: Text character limit of 500 exceeded"},"_links":{"self":[{"href":"https:\/\/www.europesays.com\/es\/wp-json\/wp\/v2\/posts\/726328","targetHints":{"allow":["GET"]}}],"collection":[{"href":"https:\/\/www.europesays.com\/es\/wp-json\/wp\/v2\/posts"}],"about":[{"href":"https:\/\/www.europesays.com\/es\/wp-json\/wp\/v2\/types\/post"}],"author":[{"embeddable":true,"href":"https:\/\/www.europesays.com\/es\/wp-json\/wp\/v2\/users\/2"}],"replies":[{"embeddable":true,"href":"https:\/\/www.europesays.com\/es\/wp-json\/wp\/v2\/comments?post=726328"}],"version-history":[{"count":0,"href":"https:\/\/www.europesays.com\/es\/wp-json\/wp\/v2\/posts\/726328\/revisions"}],"wp:featuredmedia":[{"embeddable":true,"href":"https:\/\/www.europesays.com\/es\/wp-json\/wp\/v2\/media\/726329"}],"wp:attachment":[{"href":"https:\/\/www.europesays.com\/es\/wp-json\/wp\/v2\/media?parent=726328"}],"wp:term":[{"taxonomy":"category","embeddable":true,"href":"https:\/\/www.europesays.com\/es\/wp-json\/wp\/v2\/categories?post=726328"},{"taxonomy":"post_tag","embeddable":true,"href":"https:\/\/www.europesays.com\/es\/wp-json\/wp\/v2\/tags?post=726328"}],"curies":[{"name":"wp","href":"https:\/\/api.w.org\/{rel}","templated":true}]}}