{"id":726644,"date":"2026-08-23T10:02:16","date_gmt":"2026-08-23T10:02:16","guid":{"rendered":"https:\/\/www.europesays.com\/es\/726644\/"},"modified":"2026-08-23T10:02:16","modified_gmt":"2026-08-23T10:02:16","slug":"iran-amenaza-con-atacar-a-los-paises-vecinos-que-se-unan-a-la-guerra-economica-de-estados-unidos-internacional","status":"publish","type":"post","link":"https:\/\/www.europesays.com\/es\/726644\/","title":{"rendered":"Ir\u00e1n amenaza con atacar a los pa\u00edses vecinos que se unan a la guerra econ\u00f3mica de Estados Unidos | Internacional"},"content":{"rendered":"<p class=\"\">El responsable del Consejo Supremo de Seguridad Nacional iran\u00ed, <a href=\"https:\/\/elpais.com\/internacional\/2026-08-12\/quien-es-mohsen-rezai-uno-de-los-nuevos-hombres-fuertes-del-lider-supremo-de-iran.html\" target=\"_self\" rel=\"nofollow noopener\" title=\"https:\/\/elpais.com\/internacional\/2026-08-12\/quien-es-mohsen-rezai-uno-de-los-nuevos-hombres-fuertes-del-lider-supremo-de-iran.html\">Mohsen Reza\u00ed<\/a>, ha advertido a los pa\u00edses vecinos de <a href=\"https:\/\/elpais.com\/internacional\/2026-08-23\/iran-una-guerra-sin-vencedores-que-ha-cambiado-el-mundo.html\" target=\"_blank\" rel=\"noreferrer nofollow noopener\" title=\"https:\/\/elpais.com\/internacional\/2026-08-23\/iran-una-guerra-sin-vencedores-que-ha-cambiado-el-mundo.html\">que si se unen a la guerra econ\u00f3mica<\/a> de Estados Unidos contra Teher\u00e1n ser\u00e1n considerados enemigos y atacados. \u201cLes decimos a todos los pa\u00edses vecinos que no entren en la guerra econ\u00f3mica contra Ir\u00e1n. A cualquiera que lo haga, lo consideraremos un enemigo\u201d, ha advertido Reza\u00ed en una entrevista con la cadena estatal iran\u00ed IRIB el s\u00e1bado por la noche.<\/p>\n<p class=\"\">Estas declaraciones se producen despu\u00e9s de que el presidente estadounidense, Donald Trump, anunciara a mediados de esta semana <a href=\"https:\/\/elpais.com\/internacional\/2026-08-20\/la-guerra-contra-iran-abre-una-herida-economica-en-estados-unidos-con-mas-inflacion-mas-deuda-y-menos-crecimiento.html\" target=\"_blank\" rel=\"noreferrer nofollow noopener\" title=\"https:\/\/elpais.com\/internacional\/2026-08-20\/la-guerra-contra-iran-abre-una-herida-economica-en-estados-unidos-con-mas-inflacion-mas-deuda-y-menos-crecimiento.html\">el lanzamiento de una \u201coperaci\u00f3n econ\u00f3mica\u201d contra Ir\u00e1n, <\/a>con el fin de asfixiar las finanzas de la Rep\u00fablica Isl\u00e1mica y forzar alg\u00fan tipo de avance en un conflicto que ya dura seis meses y cuya resoluci\u00f3n no parece cercana. El republicano asegur\u00f3 que se trata de un plan para un \u201caislamiento de una escala sin precedentes\u201d e inst\u00f3 a sus aliados a prestar apoyo. <\/p>\n<p class=\"\">\u201cSi los pa\u00edses que rodean a Ir\u00e1n se unen a Estados Unidos en su guerra econ\u00f3mica contra Teher\u00e1n, atacaremos sus intereses\u201d, ha insistido Reza\u00ed. <\/p>\n<p class=\"\">El nuevo l\u00edder del m\u00e1ximo \u00f3rgano de seguridad de Ir\u00e1n ha asegurado que se atacar\u00e1n las rutas de transporte de petr\u00f3leo que salen del Golfo, que son alternativas al estrecho de Ormuz que est\u00e1 pr\u00e1cticamente cerrado, si sus vecinos se sumaban a esta \u201cguerra econ\u00f3mica\u201d, seg\u00fan informan agencias de noticias.<\/p>\n<p class=\"\">Sobre la Rep\u00fablica Isl\u00e1mica ya pesan actualmente un profundo embargo comercial y financiero estadounidense pero eso no ha hecho que el pa\u00eds, acostumbrado a una econom\u00eda de resistencia, se doblegue.<\/p>\n<p class=\"\">Con estas medidas financieras que se concretar\u00e1n esta semana, Trump, que no oculta su frustraci\u00f3n por el estancamiento del conflicto, aspira a obtener alg\u00fan resultado positivo concreto cuando faltan algo m\u00e1s de dos meses para las <a href=\"https:\/\/elpais.com\/internacional\/2026-08-02\/estados-unidos-activa-el-modo-electoral-a-tres-meses-de-las-midterms.html\" target=\"_self\" rel=\"nofollow noopener\" title=\"https:\/\/elpais.com\/internacional\/2026-08-02\/estados-unidos-activa-el-modo-electoral-a-tres-meses-de-las-midterms.html\"> elecciones de mitad de mandato <\/a>y en un momento en que su popularidad se sit\u00faa en <a href=\"https:\/\/www.reuters.com\/world\/us\/trump-approval-falls-33-lowest-his-presidency-reutersipsos-poll-finds-2026-08-17\/\" target=\"_self\" rel=\"nofollow noopener\" title=\"https:\/\/www.reuters.com\/world\/us\/trump-approval-falls-33-lowest-his-presidency-reutersipsos-poll-finds-2026-08-17\/\">el 33%<\/a>, el nivel m\u00e1s bajo desde que es presidente.<\/p>\n<p class=\"\">En la entrevista, Reza\u00ed ha elevado el tono y amenazado los intereses comerciales estadounidenses en la regi\u00f3n. \u201cTodav\u00eda no hemos atacado ning\u00fan inter\u00e9s econ\u00f3mico estadounidense\u201d, ha recordado. \u201cHasta ahora, solo hemos tomado por blanco bases militares, pero si quieren imponernos sanciones econ\u00f3micas, Estados Unidos tiene empresas petroleras y econ\u00f3micas alrededor de Ir\u00e1n y en otros lugares, y las atacaremos\u201d. <\/p>\n<p class=\"\">Reza\u00ed, ex comandante en jefe de la Guardia Revolucionaria, veterano militar y pol\u00edtico de 71 a\u00f1os, encarna la l\u00ednea dura del r\u00e9gimen y asumi\u00f3 el cargo a mediados de agosto. Su llegada al Consejo Supremo de Seguridad Nacional le sit\u00faa al frente de un organismo que desempe\u00f1a un papel central en las decisiones sobre la guerra, la diplomacia y el enfrentamiento entre Teher\u00e1n y Washington.<\/p>\n<p class=\"\">A mediados de junio, los dos pa\u00edses se pusieron de acuerdo sobre un memorando destinado a detener las hostilidades, pero el plazo para obtener alguna soluci\u00f3n acab\u00f3 la semana pasada sin resultados. Washington y Teher\u00e1n han mantenido contactos indirectos con la mediaci\u00f3n de varios pa\u00edses de Oriente Pr\u00f3ximo, como Om\u00e1n, en un intento de fijar las condiciones para una salida negociada al conflicto.<\/p>\n","protected":false},"excerpt":{"rendered":"El responsable del Consejo Supremo de Seguridad Nacional iran\u00ed, Mohsen Reza\u00ed, ha advertido a los pa\u00edses vecinos de&hellip;\n","protected":false},"author":2,"featured_media":726645,"comment_status":"","ping_status":"","sticky":false,"template":"","format":"standard","meta":{"footnotes":""},"categories":[42],"tags":[13609,17,18,68,70,352,629,13,14,69,11,61,62,63,64,3137,19,20,9,10,15,16,77,12,21,22,65,66,67],"class_list":["post-726644","post","type-post","status-publish","format-standard","has-post-thumbnail","category-internacional","tag-agencias","tag-breaking-news","tag-breakingnews","tag-conflicto-arabe-israeli","tag-conflictos","tag-donald-trump","tag-estados-unidos","tag-featured-news","tag-featurednews","tag-guerra","tag-headlines","tag-internacional","tag-international","tag-international-news","tag-internationalnews","tag-iran","tag-latest-news","tag-latestnews","tag-news","tag-noticias","tag-noticias-destacadas","tag-noticiasdestacadas","tag-oriente-proximo","tag-titulares","tag-ultimas-noticias","tag-ultimasnoticias","tag-world","tag-world-news","tag-worldnews"],"share_on_mastodon":{"url":"","error":""},"_links":{"self":[{"href":"https:\/\/www.europesays.com\/es\/wp-json\/wp\/v2\/posts\/726644","targetHints":{"allow":["GET"]}}],"collection":[{"href":"https:\/\/www.europesays.com\/es\/wp-json\/wp\/v2\/posts"}],"about":[{"href":"https:\/\/www.europesays.com\/es\/wp-json\/wp\/v2\/types\/post"}],"author":[{"embeddable":true,"href":"https:\/\/www.europesays.com\/es\/wp-json\/wp\/v2\/users\/2"}],"replies":[{"embeddable":true,"href":"https:\/\/www.europesays.com\/es\/wp-json\/wp\/v2\/comments?post=726644"}],"version-history":[{"count":0,"href":"https:\/\/www.europesays.com\/es\/wp-json\/wp\/v2\/posts\/726644\/revisions"}],"wp:featuredmedia":[{"embeddable":true,"href":"https:\/\/www.europesays.com\/es\/wp-json\/wp\/v2\/media\/726645"}],"wp:attachment":[{"href":"https:\/\/www.europesays.com\/es\/wp-json\/wp\/v2\/media?parent=726644"}],"wp:term":[{"taxonomy":"category","embeddable":true,"href":"https:\/\/www.europesays.com\/es\/wp-json\/wp\/v2\/categories?post=726644"},{"taxonomy":"post_tag","embeddable":true,"href":"https:\/\/www.europesays.com\/es\/wp-json\/wp\/v2\/tags?post=726644"}],"curies":[{"name":"wp","href":"https:\/\/api.w.org\/{rel}","templated":true}]}}