{"id":726684,"date":"2026-08-23T10:35:25","date_gmt":"2026-08-23T10:35:25","guid":{"rendered":"https:\/\/www.europesays.com\/es\/726684\/"},"modified":"2026-08-23T10:35:25","modified_gmt":"2026-08-23T10:35:25","slug":"la-vuelta-se-cita-hoy-con-la-historia-del-tour","status":"publish","type":"post","link":"https:\/\/www.europesays.com\/es\/726684\/","title":{"rendered":"La Vuelta se cita hoy con la historia del Tour"},"content":{"rendered":"<p class=\"ft-text ft-helper-closenews\">Manosque, en uno de los extremos de <strong>Provenza<\/strong>, no se prodiga mucho en acoger etapas del Tour. De hecho, aunque cerca, est\u00e1 un poco alejada de la zona cero de una de las regiones m\u00e1s famosas de Francia donde cantan las cigarras en julio, se bebe uno de los mejores rosados del mundo y sopla el viento en la cima del <strong>Mont Ventoux<\/strong>. <\/p>\n<p class=\"ft-text\">A <strong>Manosque<\/strong> llega esta tarde la segunda etapa de la <strong>Vuelta<\/strong> procedente de <strong>M\u00f3naco<\/strong> y desde 1982 no acoge el Tour. La prensa francesa rumorea con la posibilidad de que sea agraciada con la Grande Boucle como recompensa por recibir a la ronda espa\u00f1ola, tal como ocurri\u00f3 este a\u00f1o con la peque\u00f1a ciudad de <strong>Voiron<\/strong>, cerca de Grenoble, donde acab\u00f3 la 17\u00aa jornada de la prueba. Voiron fue meta de la competici\u00f3n espa\u00f1ola, que sali\u00f3 de Tur\u00edn, en 2025, y que supuso el primer encuentro de la carrera con los Alpes.<\/p>\n<p>La gesta de Jos\u00e9 Luis Viejo<\/p>\n<p class=\"ft-text\">Sin embargo, pese a su poca relaci\u00f3n con el Tour, <strong>Manosque<\/strong> recoge uno de los episodios m\u00e1s singulares de la carrera y que tuvo como protagonista a un corredor espa\u00f1ol, muy conocido en la \u00e9poca, que se llamaba <strong>Jos\u00e9 Luis Viejo<\/strong>.<\/p>\n<p class=\"ft-text\">Sucedi\u00f3 en 1976, en la victoria final de <strong>Lucien van Impe<\/strong>, el \u00faltimo belga que lleg\u00f3 de amarillo a Par\u00eds. <strong>Viejo<\/strong> formaba parte del hist\u00f3rico <strong>Super Ser<\/strong>, un fabricante de electrodom\u00e9sticos navarro que llen\u00f3 con estufas a gas butano a millones de hogares espa\u00f1oles en los a\u00f1os 70. El propietario de la firma, <strong>Ignacio Orbaiceta<\/strong>, era tambi\u00e9n el m\u00e1nager general de la escuadra, donde tambi\u00e9n corri\u00f3 <strong>Luis Oca\u00f1a<\/strong>.<\/p>\n<p class=\"ft-text\">El 6 de julio de 1976 se celebr\u00f3 la 11\u00aa etapa que parti\u00f3 de Montgen\u00e8vre, en los Alpes. De los 224 kil\u00f3metros programados, el ciclista guadalajare\u00f1o se hizo <strong>160 en solitario<\/strong> y a un ritmo exagerado. Tan r\u00e1pido fue que cruz\u00f3 la meta de Manosque con <strong>22 minutos y 50 segundos<\/strong> de ventaja sobre el pelot\u00f3n.<\/p>\n<p class=\"ft-text\">Han transcurrido desde entonces 50 a\u00f1os y nadie en lo que se denomina \u00e9poca moderna del Tour (es decir, desde el fin de la Segunda Guerra Mundial hasta la actualidad) ha conseguido batir la ventaja entre un fugado y el grupo principal desde la haza\u00f1a de <strong>Viejo<\/strong>.<\/p>\n<p>Los recuerdos del protagonista<\/p>\n<p class=\"ft-text\">Una vez hable por tel\u00e9fono con <strong>Viejo<\/strong>. Siempre tuvo una buena amistad con <strong>Javier M\u00ednguez<\/strong>, que fue el director del \u00faltimo equipo, el Zor, en el que particip\u00f3 como ciclista profesional. <strong>Viejo<\/strong> corri\u00f3 en los mejores conjuntos de los a\u00f1os 70: La Casera Bahamontes y el Kas tambi\u00e9n fueron su hogar deportivo. <strong>M\u00ednguez<\/strong> facilit\u00f3 el tel\u00e9fono de su amigo, que atendi\u00f3 con amabilidad y record\u00f3 kil\u00f3metro a kil\u00f3metro una escapada para enmarcar y que dej\u00f3 a 16 corredores fuera de control.<\/p>\n<p class=\"ft-text\"><strong>Viejo<\/strong> creci\u00f3 como uno de los corredores j\u00f3venes con un futuro m\u00e1s brillante en unos tiempos de claro dominio de <strong>Eddy Merckx<\/strong>. En el Mundial aficionado de 1971 se colg\u00f3 la medalla de bronce y comparti\u00f3 podio con el belga <strong>Freddy Maertens<\/strong>, considerado como el mejor caza etapas de todos los tiempos.<\/p>\n<p>La \u00faltima vez, en 1982<\/p>\n<p class=\"ft-text\">Como profesional se le hizo m\u00e1s duro el oficio ciclista pero siempre se gan\u00f3 la confianza de los mejores equipos espa\u00f1oles, en unos tiempos en los que las <strong>estrellas locales<\/strong> no ten\u00edan la necesidad, como ahora, de emigrar y buscar el apoyo de marcas extranjeras, como ocurre en la actualidad con un deporte mucho m\u00e1s globalizado.<\/p>\n<p class=\"ft-text\"><strong>Viejo<\/strong> falleci\u00f3 el 16 de noviembre de 2014 por culpa de una enfermedad hep\u00e1tica. Ten\u00eda 65 a\u00f1os. El Tour visit\u00f3 a Manosque por \u00faltima vez en 1982, aunque lo hizo como salida en una etapa que termin\u00f3 en la estaci\u00f3n de Orci\u00e8res-Merlette, que gan\u00f3 el franc\u00e9s <strong>Pascal Simon<\/strong>.<\/p>\n<p data-close=\"closedContent\" class=\"subscribeHideForDisplay\">Suscr\u00edbete para seguir leyendo<\/p>\n","protected":false},"excerpt":{"rendered":"Manosque, en uno de los extremos de Provenza, no se prodiga mucho en acoger etapas del Tour. De&hellip;\n","protected":false},"author":2,"featured_media":726685,"comment_status":"","ping_status":"","sticky":false,"template":"","format":"standard","meta":{"footnotes":""},"categories":[273],"tags":[313,7716,312,168,25,24,448,315,31444,3441,23,167,316,31443,1357],"class_list":["post-726684","post","type-post","status-publish","format-standard","has-post-thumbnail","category-ciclismo","tag-ciclismo","tag-cita","tag-cycling","tag-deportes","tag-es","tag-espana","tag-historia","tag-hoy","tag-lopez-egea","tag-sergi","tag-spain","tag-sports","tag-tour","tag-tourmalet","tag-vuelta"],"share_on_mastodon":{"url":"https:\/\/pubeurope.com\/@es\/117144382521311883","error":""},"_links":{"self":[{"href":"https:\/\/www.europesays.com\/es\/wp-json\/wp\/v2\/posts\/726684","targetHints":{"allow":["GET"]}}],"collection":[{"href":"https:\/\/www.europesays.com\/es\/wp-json\/wp\/v2\/posts"}],"about":[{"href":"https:\/\/www.europesays.com\/es\/wp-json\/wp\/v2\/types\/post"}],"author":[{"embeddable":true,"href":"https:\/\/www.europesays.com\/es\/wp-json\/wp\/v2\/users\/2"}],"replies":[{"embeddable":true,"href":"https:\/\/www.europesays.com\/es\/wp-json\/wp\/v2\/comments?post=726684"}],"version-history":[{"count":0,"href":"https:\/\/www.europesays.com\/es\/wp-json\/wp\/v2\/posts\/726684\/revisions"}],"wp:featuredmedia":[{"embeddable":true,"href":"https:\/\/www.europesays.com\/es\/wp-json\/wp\/v2\/media\/726685"}],"wp:attachment":[{"href":"https:\/\/www.europesays.com\/es\/wp-json\/wp\/v2\/media?parent=726684"}],"wp:term":[{"taxonomy":"category","embeddable":true,"href":"https:\/\/www.europesays.com\/es\/wp-json\/wp\/v2\/categories?post=726684"},{"taxonomy":"post_tag","embeddable":true,"href":"https:\/\/www.europesays.com\/es\/wp-json\/wp\/v2\/tags?post=726684"}],"curies":[{"name":"wp","href":"https:\/\/api.w.org\/{rel}","templated":true}]}}