{"id":726712,"date":"2026-08-23T10:52:20","date_gmt":"2026-08-23T10:52:20","guid":{"rendered":"https:\/\/www.europesays.com\/es\/726712\/"},"modified":"2026-08-23T10:52:20","modified_gmt":"2026-08-23T10:52:20","slug":"muere-un-ganadero-de-cantabria-tras-ser-embestido-por-uno-de-sus-toros","status":"publish","type":"post","link":"https:\/\/www.europesays.com\/es\/726712\/","title":{"rendered":"Muere un ganadero de Cantabria tras ser embestido por uno de sus toros"},"content":{"rendered":"<p>Un ganadero de <b>58 a\u00f1os, vecino de Llerana<\/b>, en el municipio c\u00e1ntabro de Saro, ha fallecido esta semana despu\u00e9s de permanecer ingresado durante dos semanas en el <b>Hospital Universitario Marqu\u00e9s de Valdecilla<\/b> a consecuencia de las graves heridas sufridas tras el ataque de <b><a title=\"uno de sus toros.\" href=\"https:\/\/www.antena3.com\/noticias\/sociedad\/toro-escapa-encierro-cantalejo-segovia-deja-mujer-herida-golpe-cabeza_202608176a8368b4a5690f04737f53d9.html\" target=\"_blank\" rel=\"nofollow noopener\">uno de sus toros.<\/a><\/b><\/p>\n<p>El suceso tuvo lugar <b>el pasado 6 de agosto<\/b>, alrededor de las 19.38 horas. El Centro de Atenci\u00f3n a Emergencias 112 Cantabria <b>recibi\u00f3 el aviso y moviliz\u00f3 una UVI m\u00f3vil del 061,<\/b> que atendi\u00f3 al hombre en el lugar antes de trasladarlo al hospital.<\/p>\n<p>Seg\u00fan fuentes municipales, el ganadero <b>\u00abhab\u00eda soltado al toro para que pudiera beber agua\u00bb<\/b> cuando el animal se abalanz\u00f3 sobre \u00e9l y lo corne\u00f3. A pesar de encontrarse herido, <b>logr\u00f3 sujetar y amarrar al animal<\/b>, aunque no pudo abandonar por s\u00ed mismo el lugar.<\/p>\n<p>Fue su hermano quien lo encontr\u00f3 <b>poco despu\u00e9s.<\/b> Hab\u00eda acudido a buscarlo porque le result\u00f3 extra\u00f1o que no hubiera ido a orde\u00f1ar las <b>80 cabezas de ganado de su familia. <\/b><\/p>\n<p>Durante los primeros d\u00edas de <b>hospitalizaci\u00f3n<\/b>, la evoluci\u00f3n del ganadero <b>fue favorable<\/b>. Sin embargo, mientras permanec\u00eda en la UCI sufri\u00f3 una<b> infecci\u00f3n bacteriana que agrav\u00f3 su estado<\/b> y que finalmente no pudo superar. El fallecido fue enterrado este viernes, 21 de agosto, en la iglesia parroquial de <b>San Lorenzo.<\/b><\/p>\n<p>Muere el ganadero Santiago Barrero San Rom\u00e1n tras ser corneado<\/p>\n<p>Hace tan solo cuatro meses ten\u00eda lugar una noticia muy parecida,<b> pero esta vez en las Fiestas de San Marcos en Beas de Segura,<\/b> donde el joven ganadero Santiago Barrero San Rom\u00e1n, de 33 a\u00f1os, perd\u00eda la vida tras ser<b> corneado por un toro durante el tradicional<\/b> desencajonamiento de los conocidos <b>\u00abtoros ensogaos\u00bb.<\/b><\/p>\n<p>Seg\u00fan informaba la <b>Polic\u00eda Local,<\/b> el suceso se produjo cuando el joven intentaba acceder a la barrera de protecci\u00f3n del recorrido del festejo, <b>cuando el animal lo <\/b><b><a title=\"embisti\u00f3\" href=\"https:\/\/www.antena3.com\/noticias\/sociedad\/muere-ganadero-santiago-barrero-san-roman-ser-corneado-toros-ensogaos-beas-segura-jaen_2026042569ec9683749308005fa477d4.html\" target=\"_blank\" rel=\"nofollow noopener\">embisti\u00f3<\/a><\/b><b> violentamente,<\/b> propin\u00e1ndole varias cornadas de gravedad, y con trayectorias que afectaron a zonas abdominales, <b>inguinales y tor\u00e1cicas.<\/b><\/p>\n<p>El joven fue trasladado <b>inmediatamente a la enfermer\u00eda<\/b>, donde el equipo m\u00e9dico intent\u00f3 estabilizarlo. Pese a los esfuerzos, <b>el ganadero fallec\u00eda durante su traslado <\/b>a un centro hospitalario.<\/p>\n<p><img alt=\"Tren accidentado en Toledo\" width=\"472\" height=\"266\" src=\"https:\/\/www.europesays.com\/es\/wp-content\/uploads\/2026\/08\/tren-accidentado-toledo_177.jpg\" loading=\"lazy\" class=\"lazy video-main-picture\"  decoding=\"async\" \/><\/p>\n","protected":false},"excerpt":{"rendered":"Un ganadero de 58 a\u00f1os, vecino de Llerana, en el municipio c\u00e1ntabro de Saro, ha fallecido esta semana&hellip;\n","protected":false},"author":2,"featured_media":726713,"comment_status":"","ping_status":"","sticky":false,"template":"","format":"standard","meta":{"footnotes":""},"categories":[5],"tags":[17,18,2771,25,24,13,14,1949,11,19,20,9,10,15,16,23,12,913,21,22],"class_list":["post-726712","post","type-post","status-publish","format-standard","has-post-thumbnail","category-titulares","tag-breaking-news","tag-breakingnews","tag-cantabria","tag-es","tag-espana","tag-featured-news","tag-featurednews","tag-ganaderia","tag-headlines","tag-latest-news","tag-latestnews","tag-news","tag-noticias","tag-noticias-destacadas","tag-noticiasdestacadas","tag-spain","tag-titulares","tag-toro","tag-ultimas-noticias","tag-ultimasnoticias"],"share_on_mastodon":{"url":"https:\/\/pubeurope.com\/@es\/117144450790510726","error":""},"_links":{"self":[{"href":"https:\/\/www.europesays.com\/es\/wp-json\/wp\/v2\/posts\/726712","targetHints":{"allow":["GET"]}}],"collection":[{"href":"https:\/\/www.europesays.com\/es\/wp-json\/wp\/v2\/posts"}],"about":[{"href":"https:\/\/www.europesays.com\/es\/wp-json\/wp\/v2\/types\/post"}],"author":[{"embeddable":true,"href":"https:\/\/www.europesays.com\/es\/wp-json\/wp\/v2\/users\/2"}],"replies":[{"embeddable":true,"href":"https:\/\/www.europesays.com\/es\/wp-json\/wp\/v2\/comments?post=726712"}],"version-history":[{"count":0,"href":"https:\/\/www.europesays.com\/es\/wp-json\/wp\/v2\/posts\/726712\/revisions"}],"wp:featuredmedia":[{"embeddable":true,"href":"https:\/\/www.europesays.com\/es\/wp-json\/wp\/v2\/media\/726713"}],"wp:attachment":[{"href":"https:\/\/www.europesays.com\/es\/wp-json\/wp\/v2\/media?parent=726712"}],"wp:term":[{"taxonomy":"category","embeddable":true,"href":"https:\/\/www.europesays.com\/es\/wp-json\/wp\/v2\/categories?post=726712"},{"taxonomy":"post_tag","embeddable":true,"href":"https:\/\/www.europesays.com\/es\/wp-json\/wp\/v2\/tags?post=726712"}],"curies":[{"name":"wp","href":"https:\/\/api.w.org\/{rel}","templated":true}]}}