{"id":726778,"date":"2026-08-23T11:49:48","date_gmt":"2026-08-23T11:49:48","guid":{"rendered":"https:\/\/www.europesays.com\/es\/726778\/"},"modified":"2026-08-23T11:49:48","modified_gmt":"2026-08-23T11:49:48","slug":"angela-missoni-y-su-hija-teresa-maccapani-nos-abren-las-puertas-de-su-casa-en-cerdena-una-villa-llena-de-piezas-vintage-y-recuerdos-familiares","status":"publish","type":"post","link":"https:\/\/www.europesays.com\/es\/726778\/","title":{"rendered":"Angela Missoni y su hija, Teresa Maccapani, nos abren las puertas de su casa en Cerde\u00f1a, una villa llena de piezas &#8216;vintage&#8217; y recuerdos familiares"},"content":{"rendered":"<p id=\"eyOyXcsbRw\" data-wc=\"78\">En Puntaldia, un promontorio suspendido sobre el litoral de San Teodoro, en la costa noreste de Cerde\u00f1a, el Mediterr\u00e1neo se despliega entre peque\u00f1as calas de arena clara y una vegetaci\u00f3n que parece abrazar el paisaje. Es aqu\u00ed donde se encuentra <a class=\"hm-link ho-link\" href=\"https:\/\/www.hola.com\/decoracion\/20260802914943\/elisabetta-franchi-casa-de-verano-chic-milano-marittima-italia-personalice-por-completo\/\" data-mrf-recirculation=\"article-body-link\" rel=\"nofollow noopener\" target=\"_blank\">la casa de verano<\/a> de <strong>Angela Missoni<\/strong>, un refugio profundamente ligado a la memoria familiar desde que sus padres, Ottavio y Rosita Missoni, la adquirieran en los a\u00f1os ochenta para transformarla, con el tiempo, en un verdadero hogar.<\/p>\n<p>  <img src=\"https:\/\/www.europesays.com\/es\/wp-content\/uploads\/2026\/08\/4a1097fe39b7-reportaje-hola-misoni-48cut.jpg\"   width=\"1920\" height=\"1080\" loading=\"lazy\" decoding=\"async\" alt=\"Angela Missoni y Teresa Maccapani, vestida de rojo. Junto a ellas, Carolina Fumagalli \u2014a quien la hija de la dise\u00f1adora considera una hermana\u2014, miembro de la familia impulsora de Puntaldia, un promontorio sobre el litoral de San Teodoro, al noreste de Cerde\u00f1a, convertido en uno de los destinos residenciales m\u00e1s exclusivos de la isla\" fetchpriority=\"auto\" class=\"image ho-image\"\/>\u00a9 Fernanda &amp; PalomaAngela Missoni y Teresa Maccapani, vestida de rojo. Junto a ellas, Carolina Fumagalli \u2014a quien la hija de la dise\u00f1adora considera una hermana\u2014, miembro de la familia impulsora de Puntaldia, un promontorio sobre el litoral de San Teodoro, al noreste de Cerde\u00f1a, convertido en uno de los destinos residenciales m\u00e1s exclusivos de la isla<\/p>\n<p>  <img src=\"https:\/\/www.europesays.com\/es\/wp-content\/uploads\/2026\/08\/8a0a6e901cd5-reportaje-hola-misoni-18.jpg\"   width=\"1920\" height=\"1080\" loading=\"lazy\" decoding=\"async\" alt=\"Una vista de  la villa, con fachada de piedra, que se asoma al mar entre terrazas, jardines y una piscina que parece fundirse con el horizonte\" fetchpriority=\"auto\" class=\"image ho-image\"\/>\u00a9 Fernanda &amp; PalomaUna vista de  la villa, con fachada de piedra, que se asoma al mar entre terrazas, jardines y una piscina que parece fundirse con el horizonte<\/p>\n<p>  <img src=\"https:\/\/www.europesays.com\/es\/wp-content\/uploads\/2026\/08\/ef44d0d3daed-reportaje-hola-misoni-34.jpg\"   width=\"1920\" height=\"1080\" loading=\"lazy\" decoding=\"async\" alt=\"Su casa en Cerde\u00f1a, una villa con piscina y c\u00e9sped\" fetchpriority=\"auto\" class=\"image ho-image\"\/>\u00a9 Fernanda &amp; Paloma<\/p>\n<p id=\"eiZctu4vI7\" data-wc=\"40\">Hoy, Angela nos abre las puertas de este universo junto a su hija,<strong>\u00a0Teresa Maccapani Missoni,\u00a0<\/strong>quien regresa acompa\u00f1ada por sus dos hijos:<strong>\u00a0Zeno, el mayor,\u00a0<\/strong>heredero de la <a class=\"hm-link ho-link\" href=\"https:\/\/www.hola.com\/decoracion\/20251026862502\/disenadora-margherita-maccapani-missoni-refugio-en-varese-piezas-herencia-madre-abuela\/\" data-mrf-recirculation=\"article-body-link\" rel=\"nofollow noopener\" target=\"_blank\">sensibilidad art\u00edstica de la familia<\/a>, y <strong>su hija de dos meses.\u00a0<\/strong><\/p>\n<blockquote class=\"ho-bl-1081603 -no-figcaption\" cite=\"\">\n<p id=\"eP9XidLy9Pq\">\u00abM\u00e1s all\u00e1 de su innegable belleza y entorno extraordinario, este lugar est\u00e1 profundamente vinculado a los momentos que hemos construido aqu\u00ed a lo largo del tiempo\u00bb<\/p>\n<\/blockquote>\n<p>  <img src=\"https:\/\/www.europesays.com\/es\/wp-content\/uploads\/2026\/08\/55a7e3e7387b-reportaje-hola-misoni-10.jpg\"   width=\"2500\" height=\"1667\" loading=\"lazy\" decoding=\"async\" alt=\"Angela Missoni y su hija, Teresa Maccapaninos abren las puertas de su casa en Cerde\u00f1a, una villa llena de piezas 'vintage' y recuerdos familiares \" fetchpriority=\"auto\" class=\"image ho-image\"\/>\u00a9 Fernanda &amp; Paloma<\/p>\n<p>  <img src=\"https:\/\/www.europesays.com\/es\/wp-content\/uploads\/2026\/08\/f8fb8ff6c94b-reportaje-hola-misoni-131.jpg\"   width=\"2500\" height=\"1666\" loading=\"lazy\" decoding=\"async\" alt=\"La gran piscina de la vivienda \" fetchpriority=\"auto\" class=\"image ho-image\"\/>\u00a9 Fernanda &amp; Paloma<\/p>\n<p id=\"eD1o00O2FqG\" data-wc=\"38\">Junto a ellas se encuentra tambi\u00e9n Carolina Fumagalli, a quien Teresa considera como una hermana, integrante de la familia que impuls\u00f3 el desarrollo de Puntaldia hasta convertirlo en uno de los destinos residenciales m\u00e1s exclusivos de la isla.<\/p>\n<p>  <img src=\"https:\/\/www.europesays.com\/es\/wp-content\/uploads\/2026\/08\/a3028b20fcd2-reportaje-hola-misoni-7.jpg\"   width=\"1080\" height=\"1800\" loading=\"lazy\" decoding=\"async\" alt=\"Vistas de la piscina, con pufs de Missoni\" fetchpriority=\"auto\" class=\"image ho-image\"\/>\u00a9 Fernanda &amp; PalomaVistas de la piscina, con pufs de Missoni<\/p>\n<p>Habla Angela Missoni<\/p>\n<p class=\"question-s1\" id=\"e3maZQ6-rY\" data-wc=\"7\">\u00bfQu\u00e9 representa esta propiedad para ti, Angela?<\/p>\n<p class=\"answer-s1\" id=\"eRFhVW3KUT\" data-wc=\"41\">M\u00e1s all\u00e1 de <strong>su innegable belleza<\/strong> y de un entorno extraordinario, este lugar est\u00e1 profundamente vinculado a los momentos que hemos construido aqu\u00ed a lo largo del tiempo. Con los a\u00f1os, se ha convertido en un aut\u00e9ntico archivo de nuestra historia.<\/p>\n<blockquote class=\"ho-bl-1081603 -no-figcaption\" cite=\"\">\n<p id=\"eFsUrlFbJ8l\">Teresa: \u00abHe pasado casi todos mis veranos aqu\u00ed, y recuerdo especialmente uno en el que mi madre recogi\u00f3 botellas de pl\u00e1stico vac\u00edas y construy\u00f3 una balsa con ellas\u00bb<\/p>\n<\/blockquote>\n<p>  <img src=\"https:\/\/www.europesays.com\/es\/wp-content\/uploads\/2026\/08\/36a04b3f55ae-reportaje-hola-misoni-45cut.jpg\"   width=\"1080\" height=\"1800\" loading=\"lazy\" decoding=\"async\" alt=\"&quot;La vida aqu\u00ed gira en torno a la familia, el mar y la comunidad. Comemos juntos, pasamos la tarde en la playa y a menudo terminamos la jornada con paseos y cenas con amigos&quot;, nos explica Teresa, quien aqu\u00ed, posa con su amiga Carolina, con la que comparte el amor por la artesan\u00eda y el coleccionismo\" fetchpriority=\"auto\" class=\"image ho-image\"\/>\u00a9 Fernanda &amp; Paloma\u00bbLa vida aqu\u00ed gira en torno a la familia, el mar y la comunidad. Comemos juntos, pasamos la tarde en la playa y a menudo terminamos la jornada con paseos y cenas con amigos\u00bb, nos explica Teresa, quien aqu\u00ed, posa con su amiga Carolina, con la que comparte el amor por la artesan\u00eda y el coleccionismo<\/p>\n<p class=\"question-s1\" id=\"evZyRONDc2\" data-wc=\"4\">\u00bfC\u00f3mo descubristeis este rinc\u00f3n?<\/p>\n<p class=\"answer-s1\" id=\"ersDLaLNjY\" data-wc=\"136\">La relaci\u00f3n con Cerde\u00f1a comenz\u00f3 \u00a0gracias a una gran amiga de mis padres, la actriz Lea Massari. Ella pasaba gran parte del a\u00f1o en Lu Impostu, una de las <strong>playas m\u00e1s hermosas de la zona<\/strong>, y durante mucho tiempo insisti\u00f3 en que conoci\u00e9ramos la isla. Finalmente, aceptamos su invitaci\u00f3n y vinimos una Semana Santa. Esa primera visita result\u00f3 decisiva: mi madre, Rosita, se enamor\u00f3 del entorno. Recuerdo que, de camino al aeropuerto para regresar, vio desde el taxi la oficina de ventas de la urbanizaci\u00f3n y le pidi\u00f3 al conductor que se detuviera con el fin de <strong>informarse sobre los inmuebles disponibles.<\/strong> Apenas una semana despu\u00e9s regres\u00f3 y compr\u00f3 las dos primeras casas de la familia en la zona, las que todav\u00eda hoy seguimos llamando \u00ablas casitas\u00bb. <strong>Diez a\u00f1os m\u00e1s tarde<\/strong>, levantar\u00edamos aqu\u00ed la residencia definitiva.<\/p>\n<blockquote class=\"ho-bl-1081603 -no-figcaption\" cite=\"\">\n<p id=\"eqUF7c_jSsm\">\u00abLa relaci\u00f3n con Cerde\u00f1a comenz\u00f3 gracias a una gran amiga de mis padres, la actriz Lea Massari. Durante mucho tiempo insisti\u00f3 en que conoci\u00e9ramos la isla y, finalmente, vinimos una Semana Santa. Esa primera visita result\u00f3 decisiva\u00bb<\/p>\n<\/blockquote>\n<p>  <img src=\"https:\/\/www.europesays.com\/es\/wp-content\/uploads\/2026\/08\/fd6584e635a0-reportaje-hola-misoni-23cut1.jpg\"   width=\"2500\" height=\"1666\" loading=\"lazy\" decoding=\"async\" alt=\"Uno de los salones. La estanter\u00eda acoge una colecci\u00f3n de &quot;veilleuses&quot; de tem\u00e1tica marina de Vallauris\" fetchpriority=\"auto\" class=\"image ho-image\"\/>\u00a9 Fernanda &amp; PalomaUno de los salones. La estanter\u00eda acoge una colecci\u00f3n de \u00abveilleuses\u00bb de tem\u00e1tica marina de Vallauris<\/p>\n<p>  <img src=\"https:\/\/www.europesays.com\/es\/wp-content\/uploads\/2026\/08\/aea268173922-reportaje-hola-misoni-33.jpg\"   width=\"1080\" height=\"1800\" loading=\"lazy\" decoding=\"async\" alt=\"La pared muestra cer\u00e1micas marinas italianas (Vietri) y francesas\" fetchpriority=\"auto\" class=\"image ho-image\"\/>\u00a9 Fernanda &amp; PalomaLa pared muestra cer\u00e1micas marinas italianas (Vietri) y francesas<\/p>\n<p>  <img src=\"https:\/\/www.europesays.com\/es\/wp-content\/uploads\/2026\/08\/a7e54c4e0f70-reportaje-hola-misoni-43.jpg\"   width=\"1080\" height=\"1800\" loading=\"lazy\" decoding=\"async\" alt=\"Una consola de Mauro Mori y una serie de tradicionales cestas sardas\" fetchpriority=\"auto\" class=\"image ho-image\"\/>\u00a9 Fernanda &amp; PalomaUna consola de Mauro Mori y una serie de tradicionales cestas sardas<\/p>\n<p class=\"question-s1\" id=\"ef8e8d4FFd\" data-wc=\"9\">Adem\u00e1s del verano, \u00bfqu\u00e9 otras vivencias especiales atesoras aqu\u00ed?<\/p>\n<p class=\"answer-s1\" id=\"egwugRLn0r\" data-wc=\"86\">El invierno ocupa un espacio singular en mi memoria. Nuestras casas estaban pensadas para ser habitadas durante todo el a\u00f1o, con chimeneas y calefacci\u00f3n, por lo que era muy frecuente reunirnos a celebrar la Navidad. Entre los instantes m\u00e1s entra\u00f1ables est\u00e1n tambi\u00e9n los vinculados al mar:<strong>\u00a0mi madre era una pescadora apasionada<\/strong> y nos transmiti\u00f3 esa afici\u00f3n desde muy peque\u00f1os. Nos ense\u00f1\u00f3 a respetar los ritmos de la naturaleza, a recoger cangrejos en la orilla y a buscar erizos y trufas marinas all\u00ed donde estuviera permitido.<\/p>\n<p>  <img src=\"https:\/\/www.europesays.com\/es\/wp-content\/uploads\/2026\/08\/e6012ac99a8c-reportaje-hola-misoni-221.jpg\"   width=\"1080\" height=\"1800\" loading=\"lazy\" decoding=\"async\" alt=\"Otro rinc\u00f3n del sal\u00f3n, con sillones de m\u00e9dula de rat\u00e1n de los a\u00f1os 50\" fetchpriority=\"auto\" class=\"image ho-image\"\/>\u00a9 Fernanda &amp; PalomaOtro rinc\u00f3n del sal\u00f3n, con sillones de m\u00e9dula de rat\u00e1n de los a\u00f1os 50<\/p>\n<p>  <img src=\"https:\/\/www.europesays.com\/es\/wp-content\/uploads\/2026\/08\/9883d4ed1146-reportaje-hola-misoni-20.jpg\"   width=\"1080\" height=\"1800\" loading=\"lazy\" decoding=\"async\" alt=\"La cocina de la casa\" fetchpriority=\"auto\" class=\"image ho-image\"\/>\u00a9 Fernanda &amp; PalomaLa cocina de la casa<\/p>\n<p class=\"question-s1\" id=\"euwCKkN0tU\" data-wc=\"19\">\u00bfDe qu\u00e9 manera viviste el hecho de crecer dentro de una de las dinast\u00edas de la moda m\u00e1s influyentes?<\/p>\n<p class=\"answer-s1\" id=\"eg5qxztl5w\" data-wc=\"97\">Para m\u00ed resultaba algo completamente natural, porque era, simplemente, el \u00fanico entorno que conoc\u00eda. Sin embargo, con el paso de los a\u00f1os, me he dado cuenta de cu\u00e1nto absorb\u00ed de ambos: de mi madre he heredado la sensibilidad est\u00e9tica. Incluso hoy me llama la atenci\u00f3n la profunda<strong>\u00a0sinton\u00eda que compart\u00edamos<\/strong>; en sus \u00faltimos a\u00f1os ocurri\u00f3 m\u00e1s de una vez que, visitando ferias de antig\u00fcedades por separado, termin\u00e1bamos eligiendo objetos de la misma l\u00ednea sin habernos consultado. De mi padre tom\u00e9 una <strong>forma de ver la vida basada en la libertad,<\/strong> la curiosidad y la independencia de pensamiento.<\/p>\n<blockquote class=\"ho-bl-1081603 -no-figcaption\" cite=\"\">\n<p id=\"eX9SdHPQDg3\">\u00abDe mi madre he heredado la sensibilidad art\u00edstica. Incluso hoy me llama la atenci\u00f3n la profunda sinton\u00eda que compart\u00edamos\u00bb, nos desvela Angela<\/p>\n<\/blockquote>\n<p>  <img src=\"https:\/\/www.europesays.com\/es\/wp-content\/uploads\/2026\/08\/31ba7e2e4568-reportaje-hola-misoni-52cut.jpg\"   width=\"1080\" height=\"1080\" loading=\"lazy\" decoding=\"async\" alt=\"&quot;Nuestra casa est\u00e1 pensada para ser habitada todo el a\u00f1o&quot;, explica Angela desde otro de los salones\" fetchpriority=\"auto\" class=\"image ho-image\"\/>\u00a9 Fernanda &amp; Paloma\u00bbNuestra casa est\u00e1 pensada para ser habitada todo el a\u00f1o\u00bb, explica Angela desde otro de los salones<\/p>\n<p class=\"question-s1\" id=\"estTaQc6nF\" data-wc=\"14\">\u00bfQu\u00e9 supuso asumir la direcci\u00f3n creativa de Missoni y dar continuidad a su legado?<\/p>\n<p class=\"answer-s1\" id=\"ex1g5L7hq_w\" data-wc=\"109\">Mi camino hacia la direcci\u00f3n creativa de la firma <strong>transcurri\u00f3 de lo m\u00e1s fluido.\u00a0<\/strong>En aquel momento yo estaba trabajando en mi propia colecci\u00f3n y mi madre era mi mayor apoyo. Tras uno de mis desfiles, me pregunt\u00f3 si alguna vez me hab\u00eda planteado dise\u00f1ar la l\u00ednea principal. Sinceramente, jam\u00e1s se me hab\u00eda pasado por la cabeza. Su respuesta fue tan directa como inolvidable: \u00abDeber\u00edas pensarlo, porque lo que est\u00e1s haciendo es exactamente lo que<strong>\u00a0me gustar\u00eda que Missoni fuera hoy<\/strong>\u00ab. Lo verdaderamente extraordinario fue la inmensa confianza que deposit\u00f3 en m\u00ed: me dio total libertad mientras ella encauzaba su pasi\u00f3n hacia el universo del interiorismo, desarrollando\u00a0Missoni Home.<\/p>\n<p>  <img src=\"https:\/\/www.europesays.com\/es\/wp-content\/uploads\/2026\/08\/5f57e427dffb-reportaje-hola-misoni-26.jpg\"   width=\"2500\" height=\"1963\" loading=\"lazy\" decoding=\"async\" alt=\"Vista del espacio, decorado con mesa de cer\u00e1mica, sof\u00e1 de Cappellini, textiles 'vintage' de Pierre Frey y cojines de 'Missoni Home'\" fetchpriority=\"auto\" class=\"image ho-image\"\/>\u00a9 Fernanda &amp; PalomaVista del espacio, decorado con mesa de cer\u00e1mica, sof\u00e1 de Cappellini, textiles &#8216;vintage&#8217; de Pierre Frey y cojines de &#8216;Missoni Home&#8217;<\/p>\n<p>  <img src=\"https:\/\/www.europesays.com\/es\/wp-content\/uploads\/2026\/08\/8f661e3e0527-reportaje-hola-misoni-31.jpg\"   width=\"1080\" height=\"1800\" loading=\"lazy\" decoding=\"async\" alt=\"El comedor destaca por una obra de Maggie Cardel\u00fas\" fetchpriority=\"auto\" class=\"image ho-image\"\/>\u00a9 Fernanda &amp; PalomaEl comedor destaca por una obra de Maggie Cardel\u00fas para Cappellini<\/p>\n<p>  <img src=\"https:\/\/www.europesays.com\/es\/wp-content\/uploads\/2026\/08\/8582e9b89e30-reportaje-hola-misoni-32.jpg\"   width=\"1080\" height=\"1800\" loading=\"lazy\" decoding=\"async\" alt=\"Un encuadre de la mesa\" fetchpriority=\"auto\" class=\"image ho-image\"\/>\u00a9 Fernanda &amp; PalomaUn encuadre de la mesa<\/p>\n<p class=\"question-s1\" id=\"eAYQRGH--t\" data-wc=\"7\">\u00bfCu\u00e1l dir\u00edas que fue tu mayor reto?<\/p>\n<p class=\"answer-s1\" id=\"eGbnsm2tPv1\" data-wc=\"63\">A menudo pienso que <strong>mis padres inventaron un lenguaje propio<\/strong> y que mi cometido consisti\u00f3 en enriquecer su vocabulario, manteni\u00e9ndolo vivo para las nuevas generaciones. Nunca me interes\u00f3 repetir lo que ya se hab\u00eda hecho; por eso, el verdadero giro durante mis a\u00f1os al frente fue lograr que la marca volviera a ocupar un lugar central en la conversaci\u00f3n de la moda contempor\u00e1nea.<\/p>\n<p>  <img src=\"https:\/\/www.europesays.com\/es\/wp-content\/uploads\/2026\/08\/5163660763ad-reportaje-hola-misoni-54.jpg\"   width=\"1920\" height=\"1080\" loading=\"lazy\" decoding=\"async\" alt=\"La dise\u00f1adora posa en los jardines con Teresa\" fetchpriority=\"auto\" class=\"image ho-image\"\/>\u00a9 Fernanda &amp; PalomaLa dise\u00f1adora posa en los jardines con Teresa<\/p>\n<p>  <img src=\"https:\/\/www.europesays.com\/es\/wp-content\/uploads\/2026\/08\/ea8a3b32fcb9-reportaje-hola-misoni-50.jpg\"   width=\"1080\" height=\"1800\" loading=\"lazy\" decoding=\"async\" alt=\"La dise\u00f1adora junto a su hija de dos meses\" fetchpriority=\"auto\" class=\"image ho-image\"\/>\u00a9 Fernanda &amp; PalomaLa dise\u00f1adora junto a su hija de dos meses<\/p>\n<p class=\"question-s1\" id=\"eSevog0x6n\" data-wc=\"11\">\u00bfQu\u00e9 papel desempe\u00f1a actualmente el n\u00facleo familiar dentro de la empresa?<\/p>\n<p class=\"answer-s1\" id=\"eJCEPasHvnC\" data-wc=\"67\">Hoy en d\u00eda, la <strong>vinculaci\u00f3n directa con la firma ha concluido.\u00a0<\/strong>Sin embargo, nuestra conexi\u00f3n con la marca \u00a0permanece intacta. De cara al futuro, nuestro verdadero compromiso es velar por este patrimonio y ponerlo en valor a trav\u00e9s de la Fundaci\u00f3n Ottavio y Rosita Missoni. A t\u00edtulo personal, me encantar\u00eda dedicarme a la publicaci\u00f3n de una serie de libros que exploren los distintos cap\u00edtulos de nuestra trayectoria.<\/p>\n<p>  <img src=\"https:\/\/www.europesays.com\/es\/wp-content\/uploads\/2026\/08\/4f21afe51828-reportaje-hola-misoni-56.jpg\"   width=\"1080\" height=\"1800\" loading=\"lazy\" decoding=\"async\" alt=\"&quot;Hoy en d\u00eda, la vinculaci\u00f3n con la firma ha concluido. Sin embargo, nuestra conexi\u00f3n con la marca permanece intacta&quot;, reflexiona Angela desde el porche de su dormitorio\" fetchpriority=\"auto\" class=\"image ho-image\"\/>\u00a9 Fernanda &amp; Paloma\u00bbHoy en d\u00eda, la vinculaci\u00f3n con la firma ha concluido. Sin embargo, nuestra conexi\u00f3n con la marca permanece intacta\u00bb, reflexiona Angela desde el porche de su dormitorio<\/p>\n<blockquote class=\"ho-bl-1081603 -no-figcaption\" cite=\"\">\n<p id=\"eLHUEzDv4vAJ\">\u00abA t\u00edtulo personal, me encantar\u00eda dedicarme a la publicaci\u00f3n de una serie de libros que exploren los distintos cap\u00edtulos de nuestra trayectoria\u00bb<\/p>\n<\/blockquote>\n<p>Teresa Maccapani<\/p>\n<p class=\"question-s1\" id=\"en4DDIFWPD\" data-wc=\"8\">\u00bfC\u00f3mo transcurre una jornada habitual para ti aqu\u00ed?<\/p>\n<p class=\"answer-s1\" id=\"ewkY43putU\" data-wc=\"96\">Mi rutina discurre a un ritmo maravillosamente lento y eso es precisamente lo que m\u00e1s me gusta. Zeno pasa gran parte del d\u00eda al aire libre: hace\u00a0snorkel, explora la costa, sale en la embarcaci\u00f3n de su abuela o busca cangrejos azules en la laguna con sus amigos. Mientras tanto, mi marido y yo <strong>vamos combinando el cuidado del beb\u00e9 con el trabajo.<\/strong> La <strong>existencia aqu\u00ed gira en torno al grupo,\u00a0<\/strong>el mar y la comunidad. Comemos juntos, pasamos la tarde en la playa y a menudo terminamos la jornada con paseos o cenas con amigos.<\/p>\n<p>  <img src=\"https:\/\/www.europesays.com\/es\/wp-content\/uploads\/2026\/08\/5bc7939dfab4-reportaje-hola-misoni-40cut.jpg\"   width=\"2500\" height=\"1666\" loading=\"lazy\" decoding=\"async\" alt=\"Vista general de esta zona exterior, con un sof\u00e1 de bamb\u00fa procedente de Indonesia\" fetchpriority=\"auto\" class=\"image ho-image\"\/>\u00a9 Fernanda &amp; PalomaVista general de esta zona exterior, con un sof\u00e1 de bamb\u00fa procedente de Indonesia<\/p>\n<p>  <img src=\"https:\/\/www.europesays.com\/es\/wp-content\/uploads\/2026\/08\/eb383fb8b099-reportaje-hola-misoni-30.jpg\"   width=\"2500\" height=\"1771\" loading=\"lazy\" decoding=\"async\" alt=\"El dormitorio de la anfitriona luce un televisor Saba 'vintage' en madera reciclada, dise\u00f1ado en los a\u00f1os 80 por Philippe Starck\" fetchpriority=\"auto\" class=\"image ho-image\"\/>\u00a9 Fernanda &amp; PalomaEl dormitorio de la anfitriona luce un televisor Saba &#8216;vintage&#8217; en madera reciclada, dise\u00f1ado en los a\u00f1os 80 por Philippe Starck<\/p>\n<p class=\"question-s1\" id=\"ehx3Q3bycq\" data-wc=\"12\">\u00bfCrees que Puntaldia ha influido en tu manera de entender la creatividad?<\/p>\n<p class=\"answer-s1\" id=\"eihTS9-wzR\" data-wc=\"61\">He pasado <strong>pr\u00e1cticamente todos los veranos de mi vida aqu\u00ed<\/strong> y recuerdo uno en el que mi madre, con su gran pasi\u00f3n por el reciclaje y su mente de ingeniera, recogi\u00f3 botellas de pl\u00e1stico vac\u00edas y construy\u00f3 una balsa con ellas. Ese esp\u00edritu de moldear cosas y encontrar usos imaginativos para lo que hubiera disponible siempre ha formado parte de nosotros.<\/p>\n<p>  <img src=\"https:\/\/www.europesays.com\/es\/wp-content\/uploads\/2026\/08\/90b6f177a23d-reportaje-hola-misoni-55.jpg\"   width=\"1920\" height=\"1080\" loading=\"lazy\" decoding=\"async\" alt=\"La protagonista en el porche de la casa\" fetchpriority=\"auto\" class=\"image ho-image\"\/>\u00a9 Fernanda &amp; Paloma<\/p>\n<p>  <img src=\"https:\/\/www.europesays.com\/es\/wp-content\/uploads\/2026\/08\/b7ba4f71d29d-reportaje-hola-misoni-38.jpg\"   width=\"1080\" height=\"1800\" loading=\"lazy\" decoding=\"async\" alt=\"Tres tumbonas firmadas por Patricia Urquiola para Moroso\" fetchpriority=\"auto\" class=\"image ho-image\"\/>\u00a9 Fernanda &amp; PalomaTres tumbonas firmadas por Patricia Urquiola para Moroso<\/p>\n<p class=\"question-s1\" id=\"evlNr08UX-J\" data-wc=\"27\">Hoy est\u00e1 con vosotras tu \u00edntima amiga Carolina Fumagalli, que es como parte de tu familia. \u00bfC\u00f3mo pas\u00f3 vuestra amistad a convertirse tambi\u00e9n en una colaboraci\u00f3n creativa?<\/p>\n<p class=\"answer-s1\" id=\"e9atNsDVtZI\" data-wc=\"134\">La colaboraci\u00f3n con Carolina comenz\u00f3 en Due Lune Puntaldia, el hotel de su familia, cuando quiso transformar el proyecto en algo que fuera m\u00e1s all\u00e1 de la hospitalidad para convertirlo en un universo de lifestyle\u00a0ligado a la creatividad, la artesan\u00eda y el sentido de lugar. Dentro de este mismo proyecto naci\u00f3 Caraluna, la boutique\u00a0del hotel, para la que <strong>desarroll\u00e9 la identidad visual<\/strong>, el logotipo, elementos decorativos y la direcci\u00f3n est\u00e9tica, siempre con un enfoque en la artesan\u00eda sarda, los objetos con historia y una sensibilidad profundamente ligada al entorno. Lo que hace que nuestra colaboraci\u00f3n funcione de forma tan natural es que siempre ha sido una <strong>extensi\u00f3n de nuestra amistad<\/strong>. Los proyectos han surgido de manera org\u00e1nica, de nuestras conversaciones, nuestra curiosidad compartida y nuestro deseo de crear juntas algo con significado.<\/p>\n<blockquote class=\"ho-bl-1081603 -no-figcaption\" cite=\"\">\n<p id=\"eZi7Zxqt0Qz\">\u00abMi predilecci\u00f3n por las piezas vintage, las antig\u00fcedades y los mercadillos es, sin duda, algo heredado. Desde que tengo memoria, he compartido esa afici\u00f3n con mi abuela y con mi madre\u00bb, recuerda Teresa<\/p>\n<\/blockquote>\n<p>  <img src=\"https:\/\/www.europesays.com\/es\/wp-content\/uploads\/2026\/08\/80c7a954b323-reportaje-hola-misoni-47cut.jpg\"   width=\"1920\" height=\"1080\" loading=\"lazy\" decoding=\"async\" alt=\"&quot;Mi rutina discurre a un ritmo maravillosamente lento y eso es precisamente lo que m\u00e1s me gusta&quot;, nos cuenta Teresa desde el comedor de verano, donde posa con Carolina\" fetchpriority=\"auto\" class=\"image ho-image\"\/>\u00a9 Fernanda &amp; Paloma\u00bbMi rutina discurre a un ritmo maravillosamente lento y eso es precisamente lo que m\u00e1s me gusta\u00bb, nos cuenta Teresa desde el comedor de verano, donde posa con Carolina<\/p>\n<p class=\"question-s1\" id=\"egtTRJ7_ih\" data-wc=\"15\">\u00bfCu\u00e1ndo comenz\u00f3 tu fascinaci\u00f3n por los mercados de antig\u00fcedades y por coleccionar objetos con historia?<\/p>\n<p class=\"answer-s1\" id=\"e_Slrc5d3qc\" data-wc=\"84\">Mi<strong>\u00a0predilecci\u00f3n por las piezas vintage,<\/strong> las antig\u00fcedades y los mercadillos es, sin duda, algo heredado. Desde que tengo memoria, he compartido esa <strong>afici\u00f3n con mi abuela y con mi madre.<\/strong> Ellas me transmitieron el placer de la b\u00fasqueda en s\u00ed misma. Hoy en d\u00eda, lo disfruto con mis hijos. Para nosotros, recorrer estos puestos siempre ha sido como emprender una caza del tesoro. Tambi\u00e9n me atrae profundamente la idea de <strong>rescatar objetos que han perdido valor<\/strong> para otros y darles una<strong>\u00a0segunda vida.<\/strong><\/p>\n<p>  <img src=\"https:\/\/www.europesays.com\/es\/wp-content\/uploads\/2026\/08\/c88fd9bfe7de-reportaje-hola-misoni-6.jpg\"   width=\"1080\" height=\"1800\" loading=\"lazy\" decoding=\"async\" alt=\"La mesa puesta de la casa \" fetchpriority=\"auto\" class=\"image ho-image\"\/>\u00a9 Fernanda &amp; Paloma<\/p>\n<p>  <img src=\"https:\/\/www.europesays.com\/es\/wp-content\/uploads\/2026\/08\/fd3c30e2f4cb-reportaje-hola-misoni-49.jpg\"   width=\"1080\" height=\"1800\" loading=\"lazy\" decoding=\"async\" alt=\"La propia Teresa aparece junto a su madre y su hijo mayor, Zeno, heredero de la sensibilidad art\u00edstica familiar\" fetchpriority=\"auto\" class=\"image ho-image\"\/>\u00a9 Fernanda &amp; PalomaLa propia Teresa aparece junto a su madre y su hijo mayor, Zeno, heredero de la sensibilidad art\u00edstica familiar<\/p>\n<p class=\"question-s1\" id=\"eUzVG5sM_k\" data-wc=\"17\">\u00bfQu\u00e9 principios has recibido de tu madre y de tus abuelos en lo relativo al proceso creativo?<\/p>\n<p class=\"answer-s1\" id=\"eYNnIPl594x\" data-wc=\"94\">La lecci\u00f3n m\u00e1s importante que me han dado es la de la <a class=\"hm-link ho-link\" href=\"https:\/\/www.hola.com\/decoracion\/20220318205746\/artesania-diseno-moderno-para-casa-nu\/\" data-mrf-recirculation=\"article-body-link\" rel=\"nofollow noopener\" target=\"_blank\">admiraci\u00f3n por la artesan\u00eda<\/a> y por quienes la ejecutan. Desde muy joven aprend\u00ed a valorar a los artesanos. Un reconocimiento que me parece m\u00e1s relevante hoy, cuando muchas t\u00e9cnicas tradicionales est\u00e1n desapareciendo. Preservarlas no significa \u00fanicamente proteger un oficio, sino tambi\u00e9n <strong>salvaguardar un patrimonio cultural.\u00a0<\/strong>Asimismo, me ense\u00f1aron que la inspiraci\u00f3n puede surgir en cualquier parte y a mirar el mundo con asombro, con esa <strong>perspectiva propia de la infancia.<\/strong> Esa forma de contemplar lo que me rodea sigue conmigo hoy d\u00eda.<\/p>\n<p>  <img src=\"https:\/\/www.europesays.com\/es\/wp-content\/uploads\/2026\/08\/343887901ffa-reportaje-hola-misoni-36.jpg\"   width=\"1920\" height=\"1080\" loading=\"lazy\" decoding=\"async\" alt=\"Una nueva imagen de la terraza volcada al Mediterr\u00e1neo\" fetchpriority=\"auto\" class=\"image ho-image\"\/>\u00a9 Fernanda &amp; PalomaUna nueva imagen de la terraza volcada al Mediterr\u00e1neo<\/p>\n<p>  <img src=\"https:\/\/www.europesays.com\/es\/wp-content\/uploads\/2026\/08\/877224646f99-reportaje-hola-misoni-14.jpg\"   width=\"1920\" height=\"1080\" loading=\"lazy\" decoding=\"async\" alt=\"Vista de la piscina desde la mesa de fuera de la casa\" fetchpriority=\"auto\" class=\"image ho-image\"\/>\u00a9 Fernanda &amp; Paloma<\/p>\n<p> Te puede interesarSeguir leyendo<\/p>\n","protected":false},"excerpt":{"rendered":"En Puntaldia, un promontorio suspendido sobre el litoral de San Teodoro, en la costa noreste de Cerde\u00f1a, el&hellip;\n","protected":false},"author":2,"featured_media":726779,"comment_status":"","ping_status":"","sticky":false,"template":"","format":"standard","meta":{"footnotes":""},"categories":[174],"tags":[3900,3738,255,8372,146,147,25,24,256,79037,23],"class_list":["post-726778","post","type-post","status-publish","format-standard","has-post-thumbnail","category-famosos","tag-hola","tag-casas","tag-celebrities","tag-decoracion","tag-entertainment","tag-entretenimiento","tag-es","tag-espana","tag-famosos","tag-producciones-propias","tag-spain"],"share_on_mastodon":{"url":"https:\/\/pubeurope.com\/@es\/117144675544401409","error":""},"_links":{"self":[{"href":"https:\/\/www.europesays.com\/es\/wp-json\/wp\/v2\/posts\/726778","targetHints":{"allow":["GET"]}}],"collection":[{"href":"https:\/\/www.europesays.com\/es\/wp-json\/wp\/v2\/posts"}],"about":[{"href":"https:\/\/www.europesays.com\/es\/wp-json\/wp\/v2\/types\/post"}],"author":[{"embeddable":true,"href":"https:\/\/www.europesays.com\/es\/wp-json\/wp\/v2\/users\/2"}],"replies":[{"embeddable":true,"href":"https:\/\/www.europesays.com\/es\/wp-json\/wp\/v2\/comments?post=726778"}],"version-history":[{"count":0,"href":"https:\/\/www.europesays.com\/es\/wp-json\/wp\/v2\/posts\/726778\/revisions"}],"wp:featuredmedia":[{"embeddable":true,"href":"https:\/\/www.europesays.com\/es\/wp-json\/wp\/v2\/media\/726779"}],"wp:attachment":[{"href":"https:\/\/www.europesays.com\/es\/wp-json\/wp\/v2\/media?parent=726778"}],"wp:term":[{"taxonomy":"category","embeddable":true,"href":"https:\/\/www.europesays.com\/es\/wp-json\/wp\/v2\/categories?post=726778"},{"taxonomy":"post_tag","embeddable":true,"href":"https:\/\/www.europesays.com\/es\/wp-json\/wp\/v2\/tags?post=726778"}],"curies":[{"name":"wp","href":"https:\/\/api.w.org\/{rel}","templated":true}]}}