{"id":726854,"date":"2026-08-23T12:56:15","date_gmt":"2026-08-23T12:56:15","guid":{"rendered":"https:\/\/www.europesays.com\/es\/726854\/"},"modified":"2026-08-23T12:56:15","modified_gmt":"2026-08-23T12:56:15","slug":"adrian-prieto-del-picusa-academy-firma-el-fin-de-semana-perfecto-en-su-tierra-con-la-victoria-en-benavides-de-orbigo","status":"publish","type":"post","link":"https:\/\/www.europesays.com\/es\/726854\/","title":{"rendered":"Adri\u00e1n Prieto, del &#8216;Picusa Academy&#8217; firma el fin de semana perfecto en su tierra con la victoria en Benavides de \u00d3rbigo"},"content":{"rendered":"<p>El ciclista de La Ba\u00f1eza repiti\u00f3 victoria tras la conseguida ayer en Villaman\u00edn y consigui\u00f3 tambi\u00e9n la clasificaci\u00f3n final de la Challenge Castilla y Le\u00f3n. Completaron el p\u00f3dium Diego Rodr\u00edguez (Sidra Men\u00e9ndez-Las Mestas) y Marti\u00f1o Rama (MMR Academy), fugado m\u00e1s de 100 kil\u00f3metros.<\/p>\n<p>La competici\u00f3n arranc\u00f3 a las 16:30h con muy buena temperatura pero acusado viento, que sopl\u00f3 a favor en la parte inicial y de cara en la subida a La Garandilla. En la primera vuelta, ya se destacaba Marti\u00f1o Rama consiguiendo 1 minuto 30 segundos sobre el pelot\u00f3n, donde saltaba en persecuci\u00f3n Mateo Garc\u00eda (Caf\u00e9 Dromedario). La cabeza de carrera lleg\u00f3 a conseguir 3 minutos sobre pelot\u00f3n, con Garc\u00eda intercalado, momento en el que pon\u00edan ritmo en el pelot\u00f3n Quesos La Peral y Sidra Men\u00e9ndez.<\/p>\n<p>Buscando la subida a La Garandilla, se reduc\u00edan las diferencias y justo antes de coronar llegaban a la altura de cabeza tanto Diego Rodr\u00edguez como Adri\u00e1n Prieto. Estos tres ciclistas se entend\u00edan a la perfecci\u00f3n, consiguiendo tambi\u00e9n puntuar en la meta volante de Las Oma\u00f1as. Los m\u00e1s inmediatos perseguidores eran Kevin M\u00e9ndez y Andr\u00e9s Charro (Quesos La Peral) y Alejandro Candil (Aldesa Galapagar).<\/p>\n<p>A 2 kil\u00f3metros de la meta, con m\u00e1s de 2 minutos de ventaja para el tr\u00edo cabecero, arrancaba Adri\u00e1n Prieto para garantizarse el triunfo en Benavides de \u00d3rbigo. La pelea por la segunda y tercera posici\u00f3n fue para Diego Rodr\u00edguez sobre Marti\u00f1o Rama.<\/p>\n<p>En cuanto al resto de clasificaciones, el propio Marti\u00f1o Rama consigui\u00f3 las metas volantes y Adri\u00e1n Prieto la clasificaci\u00f3n de la monta\u00f1a. Quesos La Peral fue el mejor equipo y Prieto consigui\u00f3 tambi\u00e9n la general de la Challenge Castilla y Le\u00f3n.<\/p>\n<p class=\"c-detail__media__subtitle\">\n<p>                ALVARO<\/p>\n<p>        Adri\u00e1n Prieto, del &#8216;Picusa Academy&#8217; firma el fin de semana perfecto en su tierra con la victoria en Benavides de \u00d3rbigo<\/p>\n<p class=\"c-detail__media__subtitle\">\n<p>                ALVARO<\/p>\n<p>        Adri\u00e1n Prieto, del &#8216;Picusa Academy&#8217; firma el fin de semana perfecto en su tierra con la victoria en Benavides de \u00d3rbigo<\/p>\n<p class=\"c-detail__media__subtitle\">\n<p>                ALVARO<\/p>\n<p>        Adri\u00e1n Prieto, del &#8216;Picusa Academy&#8217; firma el fin de semana perfecto en su tierra con la victoria en Benavides de \u00d3rbigo<\/p>\n<p class=\"c-detail__media__subtitle\">\n<p>                ALVARO<\/p>\n<p>        Adri\u00e1n Prieto, del &#8216;Picusa Academy&#8217; firma el fin de semana perfecto en su tierra con la victoria en Benavides de \u00d3rbigo<\/p>\n<p class=\"c-detail__media__subtitle\">\n<p>                ALVARO<\/p>\n<p>        Adri\u00e1n Prieto, del &#8216;Picusa Academy&#8217; firma el fin de semana perfecto en su tierra con la victoria en Benavides de \u00d3rbigo<\/p>\n<p class=\"c-detail__media__subtitle\">\n<p>                ALVARO<\/p>\n<p>        Adri\u00e1n Prieto, del &#8216;Picusa Academy&#8217; firma el fin de semana perfecto en su tierra con la victoria en Benavides de \u00d3rbigo<\/p>\n<p class=\"c-detail__media__subtitle\">\n<p>                ALVARO<\/p>\n<p>        Adri\u00e1n Prieto, del &#8216;Picusa Academy&#8217; firma el fin de semana perfecto en su tierra con la victoria en Benavides de \u00d3rbigo<\/p>\n<p class=\"c-detail__media__subtitle\">\n<p>                ALVARO<\/p>\n<p>        Adri\u00e1n Prieto, del &#8216;Picusa Academy&#8217; firma el fin de semana perfecto en su tierra con la victoria en Benavides de \u00d3rbigo<\/p>\n<p class=\"c-detail__media__subtitle\">\n<p>                ALVARO<\/p>\n<p>        Adri\u00e1n Prieto, del &#8216;Picusa Academy&#8217; firma el fin de semana perfecto en su tierra con la victoria en Benavides de \u00d3rbigo<\/p>\n<p class=\"c-detail__media__subtitle\">\n<p>                ALVARO<\/p>\n<p>        Adri\u00e1n Prieto, del &#8216;Picusa Academy&#8217; firma el fin de semana perfecto en su tierra con la victoria en Benavides de \u00d3rbigo<\/p>\n<p class=\"c-detail__media__subtitle\">\n<p>                ALVARO<\/p>\n<p>        Adri\u00e1n Prieto, del &#8216;Picusa Academy&#8217; firma el fin de semana perfecto en su tierra con la victoria en Benavides de \u00d3rbigo<\/p>\n<p class=\"c-detail__media__subtitle\">\n<p>                ALVARO<\/p>\n<p>        Adri\u00e1n Prieto, del &#8216;Picusa Academy&#8217; firma el fin de semana perfecto en su tierra con la victoria en Benavides de \u00d3rbigo<\/p>\n<p class=\"c-detail__media__subtitle\">\n<p>                ALVARO<\/p>\n<p>        Adri\u00e1n Prieto, del &#8216;Picusa Academy&#8217; firma el fin de semana perfecto en su tierra con la victoria en Benavides de \u00d3rbigo<\/p>\n<p class=\"c-detail__media__subtitle\">\n<p>                ALVARO<\/p>\n<p>        Adri\u00e1n Prieto, del &#8216;Picusa Academy&#8217; firma el fin de semana perfecto en su tierra con la victoria en Benavides de \u00d3rbigo<\/p>\n<p class=\"c-detail__media__subtitle\">\n<p>                ALVARO<\/p>\n<p>        Adri\u00e1n Prieto, del &#8216;Picusa Academy&#8217; firma el fin de semana perfecto en su tierra con la victoria en Benavides de \u00d3rbigo<\/p>\n<p class=\"c-detail__media__subtitle\">\n<p>                ALVARO<\/p>\n<p>        Adri\u00e1n Prieto, del &#8216;Picusa Academy&#8217; firma el fin de semana perfecto en su tierra con la victoria en Benavides de \u00d3rbigo<\/p>\n<p class=\"c-detail__media__subtitle\">\n<p>                ALVARO<\/p>\n<p>        Adri\u00e1n Prieto, del &#8216;Picusa Academy&#8217; firma el fin de semana perfecto en su tierra con la victoria en Benavides de \u00d3rbigo<\/p>\n<p class=\"c-detail__media__subtitle\">\n<p>                ALVARO<\/p>\n<p>        Adri\u00e1n Prieto, del &#8216;Picusa Academy&#8217; firma el fin de semana perfecto en su tierra con la victoria en Benavides de \u00d3rbigo<\/p>\n<p class=\"c-detail__media__subtitle\">\n<p>                ALVARO<\/p>\n<p>        Adri\u00e1n Prieto, del &#8216;Picusa Academy&#8217; firma el fin de semana perfecto en su tierra con la victoria en Benavides de \u00d3rbigo<\/p>\n<p class=\"c-detail__media__subtitle\">\n<p>                ALVARO<\/p>\n<p>        Adri\u00e1n Prieto, del &#8216;Picusa Academy&#8217; firma el fin de semana perfecto en su tierra con la victoria en Benavides de \u00d3rbigo<\/p>\n<p class=\"c-detail__media__subtitle\">\n<p>                ALVARO<\/p>\n<p>        Adri\u00e1n Prieto, del &#8216;Picusa Academy&#8217; firma el fin de semana perfecto en su tierra con la victoria en Benavides de \u00d3rbigo<\/p>\n<p class=\"c-detail__media__subtitle\">\n<p>                ALVARO<\/p>\n<p>        Adri\u00e1n Prieto, del &#8216;Picusa Academy&#8217; firma el fin de semana perfecto en su tierra con la victoria en Benavides de \u00d3rbigo<\/p>\n<p class=\"c-detail__media__subtitle\">\n<p>                ALVARO<\/p>\n<p>        Adri\u00e1n Prieto, del &#8216;Picusa Academy&#8217; firma el fin de semana perfecto en su tierra con la victoria en Benavides de \u00d3rbigo<\/p>\n<p class=\"c-detail__media__subtitle\">\n<p>                ALVARO<\/p>\n<p>        Adri\u00e1n Prieto, del &#8216;Picusa Academy&#8217; firma el fin de semana perfecto en su tierra con la victoria en Benavides de \u00d3rbigo<\/p>\n<p class=\"c-detail__media__subtitle\">\n<p>                ALVARO<\/p>\n<p>        Adri\u00e1n Prieto, del &#8216;Picusa Academy&#8217; firma el fin de semana perfecto en su tierra con la victoria en Benavides de \u00d3rbigo<\/p>\n<p class=\"c-detail__media__subtitle\">\n<p>                ALVARO<\/p>\n<p>        Adri\u00e1n Prieto, del &#8216;Picusa Academy&#8217; firma el fin de semana perfecto en su tierra con la victoria en Benavides de \u00d3rbigo<\/p>\n<p class=\"c-detail__media__subtitle\">\n<p>                ALVARO<\/p>\n<p>        Adri\u00e1n Prieto, del &#8216;Picusa Academy&#8217; firma el fin de semana perfecto en su tierra con la victoria en Benavides de \u00d3rbigo<\/p>\n<p class=\"c-detail__media__subtitle\">\n<p>                ALVARO<\/p>\n<p>        Adri\u00e1n Prieto, del &#8216;Picusa Academy&#8217; firma el fin de semana perfecto en su tierra con la victoria en Benavides de \u00d3rbigo<\/p>\n<p class=\"c-detail__media__subtitle\">\n<p>                ALVARO<\/p>\n<p>        Adri\u00e1n Prieto, del &#8216;Picusa Academy&#8217; firma el fin de semana perfecto en su tierra con la victoria en Benavides de \u00d3rbigo<\/p>\n<p class=\"c-detail__media__subtitle\">\n<p>                ALVARO<\/p>\n<p>        Adri\u00e1n Prieto, del &#8216;Picusa Academy&#8217; firma el fin de semana perfecto en su tierra con la victoria en Benavides de \u00d3rbigo<\/p>\n<p class=\"c-detail__media__subtitle\">\n<p>                ALVARO<\/p>\n<p>        Adri\u00e1n Prieto, del &#8216;Picusa Academy&#8217; firma el fin de semana perfecto en su tierra con la victoria en Benavides de \u00d3rbigo<\/p>\n<p class=\"c-detail__media__subtitle\">\n<p>                ALVARO<\/p>\n<p>        Adri\u00e1n Prieto, del &#8216;Picusa Academy&#8217; firma el fin de semana perfecto en su tierra con la victoria en Benavides de \u00d3rbigo<\/p>\n<p class=\"c-detail__media__subtitle\">\n<p>                ALVARO<\/p>\n<p>        Adri\u00e1n Prieto, del &#8216;Picusa Academy&#8217; firma el fin de semana perfecto en su tierra con la victoria en Benavides de \u00d3rbigo<\/p>\n<p class=\"c-detail__media__subtitle\">\n<p>                ALVARO<\/p>\n<p>        Adri\u00e1n Prieto, del &#8216;Picusa Academy&#8217; firma el fin de semana perfecto en su tierra con la victoria en Benavides de \u00d3rbigo<\/p>\n<p class=\"c-detail__media__subtitle\">\n<p>                ALVARO<\/p>\n<p>        Adri\u00e1n Prieto, del &#8216;Picusa Academy&#8217; firma el fin de semana perfecto en su tierra con la victoria en Benavides de \u00d3rbigo<\/p>\n<p class=\"c-detail__media__subtitle\">\n<p>                ALVARO<\/p>\n<p>        Adri\u00e1n Prieto, del &#8216;Picusa Academy&#8217; firma el fin de semana perfecto en su tierra con la victoria en Benavides de \u00d3rbigo<\/p>\n<p class=\"c-detail__media__subtitle\">\n<p>                ALVARO<\/p>\n<p>        Adri\u00e1n Prieto, del &#8216;Picusa Academy&#8217; firma el fin de semana perfecto en su tierra con la victoria en Benavides de \u00d3rbigo<\/p>\n<p class=\"c-detail__media__subtitle\">\n<p>                ALVARO<\/p>\n<p>        Adri\u00e1n Prieto, del &#8216;Picusa Academy&#8217; firma el fin de semana perfecto en su tierra con la victoria en Benavides de \u00d3rbigo<\/p>\n<p class=\"c-detail__media__subtitle\">\n<p>                ALVARO<\/p>\n<p>        Adri\u00e1n Prieto, del &#8216;Picusa Academy&#8217; firma el fin de semana perfecto en su tierra con la victoria en Benavides de \u00d3rbigo<\/p>\n<p class=\"c-detail__media__subtitle\">\n<p>                ALVARO<\/p>\n<p>        Adri\u00e1n Prieto, del &#8216;Picusa Academy&#8217; firma el fin de semana perfecto en su tierra con la victoria en Benavides de \u00d3rbigo<\/p>\n<p class=\"c-detail__media__subtitle\">\n<p>                ALVARO<\/p>\n<p>        Adri\u00e1n Prieto, del &#8216;Picusa Academy&#8217; firma el fin de semana perfecto en su tierra con la victoria en Benavides de \u00d3rbigo<\/p>\n<p class=\"c-detail__media__subtitle\">\n<p>                ALVARO<\/p>\n<p>        Adri\u00e1n Prieto, del &#8216;Picusa Academy&#8217; firma el fin de semana perfecto en su tierra con la victoria en Benavides de \u00d3rbigo<\/p>\n<p class=\"c-detail__media__subtitle\">\n<p>                ALVARO<\/p>\n<p>        Adri\u00e1n Prieto, del &#8216;Picusa Academy&#8217; firma el fin de semana perfecto en su tierra con la victoria en Benavides de \u00d3rbigo<\/p>\n<p class=\"c-detail__media__subtitle\">\n<p>                ALVARO<\/p>\n<p>        Adri\u00e1n Prieto, del &#8216;Picusa Academy&#8217; firma el fin de semana perfecto en su tierra con la victoria en Benavides de \u00d3rbigo<\/p>\n<p class=\"c-detail__media__subtitle\">\n<p>                ALVARO<\/p>\n<p>        Adri\u00e1n Prieto, del &#8216;Picusa Academy&#8217; firma el fin de semana perfecto en su tierra con la victoria en Benavides de \u00d3rbigo<\/p>\n<p class=\"c-detail__media__subtitle\">\n<p>                ALVARO<\/p>\n<p>        Adri\u00e1n Prieto, del &#8216;Picusa Academy&#8217; firma el fin de semana perfecto en su tierra con la victoria en Benavides de \u00d3rbigo<\/p>\n<p class=\"c-detail__media__subtitle\">\n<p>                ALVARO<\/p>\n<p>        Adri\u00e1n Prieto, del &#8216;Picusa Academy&#8217; firma el fin de semana perfecto en su tierra con la victoria en Benavides de \u00d3rbigo<\/p>\n<p class=\"c-detail__media__subtitle\">\n<p>                ALVARO<\/p>\n<p>        Adri\u00e1n Prieto, del &#8216;Picusa Academy&#8217; firma el fin de semana perfecto en su tierra con la victoria en Benavides de \u00d3rbigo<\/p>\n<p class=\"c-detail__media__subtitle\">\n<p>                ALVARO<\/p>\n<p>        Adri\u00e1n Prieto, del &#8216;Picusa Academy&#8217; firma el fin de semana perfecto en su tierra con la victoria en Benavides de \u00d3rbigo<\/p>\n<p class=\"c-detail__media__subtitle\">\n<p>                ALVARO<\/p>\n<p>        Adri\u00e1n Prieto, del &#8216;Picusa Academy&#8217; firma el fin de semana perfecto en su tierra con la victoria en Benavides de \u00d3rbigo<\/p>\n<p class=\"c-detail__media__subtitle\">\n<p>                ALVARO<\/p>\n<p>        Adri\u00e1n Prieto, del &#8216;Picusa Academy&#8217; firma el fin de semana perfecto en su tierra con la victoria en Benavides de \u00d3rbigo<\/p>\n<p class=\"c-detail__media__subtitle\">\n<p>                ALVARO<\/p>\n<p>        Adri\u00e1n Prieto, del &#8216;Picusa Academy&#8217; firma el fin de semana perfecto en su tierra con la victoria en Benavides de \u00d3rbigo<\/p>\n<p class=\"c-detail__media__subtitle\">\n<p>                ALVARO<\/p>\n<p>        Adri\u00e1n Prieto, del &#8216;Picusa Academy&#8217; firma el fin de semana perfecto en su tierra con la victoria en Benavides de \u00d3rbigo<\/p>\n<p class=\"c-detail__media__subtitle\">\n<p>                ALVARO<\/p>\n<p>        Adri\u00e1n Prieto, del &#8216;Picusa Academy&#8217; firma el fin de semana perfecto en su tierra con la victoria en Benavides de \u00d3rbigo<\/p>\n<p class=\"c-detail__media__subtitle\">\n<p>                ALVARO<\/p>\n<p>        Adri\u00e1n Prieto, del &#8216;Picusa Academy&#8217; firma el fin de semana perfecto en su tierra con la victoria en Benavides de \u00d3rbigo<\/p>\n<p class=\"c-detail__media__subtitle\">\n<p>                ALVARO<\/p>\n<p>        Adri\u00e1n Prieto, del &#8216;Picusa Academy&#8217; firma el fin de semana perfecto en su tierra con la victoria en Benavides de \u00d3rbigo<\/p>\n<p class=\"c-detail__media__subtitle\">\n<p>                ALVARO<\/p>\n<p>        Adri\u00e1n Prieto, del &#8216;Picusa Academy&#8217; firma el fin de semana perfecto en su tierra con la victoria en Benavides de \u00d3rbigo<\/p>\n<p class=\"c-detail__media__subtitle\">\n<p>                ALVARO<\/p>\n<p>        Adri\u00e1n Prieto, del &#8216;Picusa Academy&#8217; firma el fin de semana perfecto en su tierra con la victoria en Benavides de \u00d3rbigo<\/p>\n<p class=\"c-detail__media__subtitle\">\n<p>                ALVARO<\/p>\n<p>        Adri\u00e1n Prieto, del &#8216;Picusa Academy&#8217; firma el fin de semana perfecto en su tierra con la victoria en Benavides de \u00d3rbigo<\/p>\n<p class=\"c-detail__media__subtitle\">\n<p>                ALVARO<\/p>\n<p>        Adri\u00e1n Prieto, del &#8216;Picusa Academy&#8217; firma el fin de semana perfecto en su tierra con la victoria en Benavides de \u00d3rbigo<\/p>\n<p class=\"c-detail__media__subtitle\">\n<p>                ALVARO<\/p>\n<p>        Adri\u00e1n Prieto, del &#8216;Picusa Academy&#8217; firma el fin de semana perfecto en su tierra con la victoria en Benavides de \u00d3rbigo<\/p>\n<p class=\"c-detail__media__subtitle\">\n<p>                ALVARO<\/p>\n<p>        Adri\u00e1n Prieto, del &#8216;Picusa Academy&#8217; firma el fin de semana perfecto en su tierra con la victoria en Benavides de \u00d3rbigo<\/p>\n<p class=\"c-detail__media__subtitle\">\n<p>                ALVARO<\/p>\n<p>        Adri\u00e1n Prieto, del &#8216;Picusa Academy&#8217; firma el fin de semana perfecto en su tierra con la victoria en Benavides de \u00d3rbigo<\/p>\n<p class=\"c-detail__media__subtitle\">\n<p>                ALVARO<\/p>\n<p>        Adri\u00e1n Prieto, del &#8216;Picusa Academy&#8217; firma el fin de semana perfecto en su tierra con la victoria en Benavides de \u00d3rbigo<\/p>\n<p class=\"c-detail__media__subtitle\">\n<p>                ALVARO<\/p>\n<p>        Adri\u00e1n Prieto, del &#8216;Picusa Academy&#8217; firma el fin de semana perfecto en su tierra con la victoria en Benavides de \u00d3rbigo<\/p>\n<p class=\"c-detail__media__subtitle\">\n<p>                ALVARO<\/p>\n<p>        Adri\u00e1n Prieto, del &#8216;Picusa Academy&#8217; firma el fin de semana perfecto en su tierra con la victoria en Benavides de \u00d3rbigo<\/p>\n<p class=\"c-detail__media__subtitle\">\n<p>                ALVARO<\/p>\n<p>        Adri\u00e1n Prieto, del &#8216;Picusa Academy&#8217; firma el fin de semana perfecto en su tierra con la victoria en Benavides de \u00d3rbigo<\/p>\n<p class=\"c-detail__media__subtitle\">\n<p>                ALVARO<\/p>\n<p>        Adri\u00e1n Prieto, del &#8216;Picusa Academy&#8217; firma el fin de semana perfecto en su tierra con la victoria en Benavides de \u00d3rbigo<\/p>\n<p class=\"c-detail__media__subtitle\">\n<p>                ALVARO<\/p>\n<p>        Adri\u00e1n Prieto, del &#8216;Picusa Academy&#8217; firma el fin de semana perfecto en su tierra con la victoria en Benavides de \u00d3rbigo<\/p>\n<p class=\"c-detail__media__subtitle\">\n<p>                ALVARO<\/p>\n<p>        Adri\u00e1n Prieto, del &#8216;Picusa Academy&#8217; firma el fin de semana perfecto en su tierra con la victoria en Benavides de \u00d3rbigo<\/p>\n<p class=\"c-detail__media__subtitle\">\n<p>                ALVARO<\/p>\n<p>        Adri\u00e1n Prieto, del &#8216;Picusa Academy&#8217; firma el fin de semana perfecto en su tierra con la victoria en Benavides de \u00d3rbigo<\/p>\n<p class=\"c-detail__media__subtitle\">\n<p>                ALVARO<\/p>\n<p>        Adri\u00e1n Prieto, del &#8216;Picusa Academy&#8217; firma el fin de semana perfecto en su tierra con la victoria en Benavides de \u00d3rbigo<\/p>\n<p class=\"c-detail__media__subtitle\">\n<p>                ALVARO<\/p>\n<p>        Adri\u00e1n Prieto, del &#8216;Picusa Academy&#8217; firma el fin de semana perfecto en su tierra con la victoria en Benavides de \u00d3rbigo<\/p>\n<p class=\"c-detail__media__subtitle\">\n<p>                ALVARO<\/p>\n<p>        Adri\u00e1n Prieto, del &#8216;Picusa Academy&#8217; firma el fin de semana perfecto en su tierra con la victoria en Benavides de \u00d3rbigo<\/p>\n<p class=\"c-detail__media__subtitle\">\n<p>                ALVARO<\/p>\n<p>        Adri\u00e1n Prieto, del &#8216;Picusa Academy&#8217; firma el fin de semana perfecto en su tierra con la victoria en Benavides de \u00d3rbigo<\/p>\n<p class=\"c-detail__media__subtitle\">\n<p>                ALVARO<\/p>\n<p>        Adri\u00e1n Prieto, del &#8216;Picusa Academy&#8217; firma el fin de semana perfecto en su tierra con la victoria en Benavides de \u00d3rbigo<\/p>\n<p class=\"c-detail__media__subtitle\">\n<p>                ALVARO<\/p>\n<p>        Adri\u00e1n Prieto, del &#8216;Picusa Academy&#8217; firma el fin de semana perfecto en su tierra con la victoria en Benavides de \u00d3rbigo<\/p>\n<p class=\"c-detail__media__subtitle\">\n<p>                ALVARO<\/p>\n<p>        Adri\u00e1n Prieto, del &#8216;Picusa Academy&#8217; firma el fin de semana perfecto en su tierra con la victoria en Benavides de \u00d3rbigo<\/p>\n<p class=\"c-detail__media__subtitle\">\n<p>                ALVARO<\/p>\n<p>        Adri\u00e1n Prieto, del &#8216;Picusa Academy&#8217; firma el fin de semana perfecto en su tierra con la victoria en Benavides de \u00d3rbigo<\/p>\n<p class=\"c-detail__media__subtitle\">\n<p>                ALVARO<\/p>\n<p>        Adri\u00e1n Prieto, del &#8216;Picusa Academy&#8217; firma el fin de semana perfecto en su tierra con la victoria en Benavides de \u00d3rbigo<\/p>\n<p class=\"c-detail__media__subtitle\">\n<p>                ALVARO<\/p>\n<p>        Adri\u00e1n Prieto, del &#8216;Picusa Academy&#8217; firma el fin de semana perfecto en su tierra con la victoria en Benavides de \u00d3rbigo<\/p>\n<p class=\"c-detail__media__subtitle\">\n<p>                ALVARO<\/p>\n<p>        Adri\u00e1n Prieto, del &#8216;Picusa Academy&#8217; firma el fin de semana perfecto en su tierra con la victoria en Benavides de \u00d3rbigo<\/p>\n<p class=\"c-detail__media__subtitle\">\n<p>                ALVARO<\/p>\n<p>        Adri\u00e1n Prieto, del &#8216;Picusa Academy&#8217; firma el fin de semana perfecto en su tierra con la victoria en Benavides de \u00d3rbigo<\/p>\n<p class=\"c-detail__media__subtitle\">\n<p>                ALVARO<\/p>\n<p>        Adri\u00e1n Prieto, del &#8216;Picusa Academy&#8217; firma el fin de semana perfecto en su tierra con la victoria en Benavides de \u00d3rbigo<\/p>\n<p class=\"c-detail__media__subtitle\">\n<p>                ALVARO<\/p>\n<p>        Adri\u00e1n Prieto, del &#8216;Picusa Academy&#8217; firma el fin de semana perfecto en su tierra con la victoria en Benavides de \u00d3rbigo<\/p>\n<p class=\"c-detail__media__subtitle\">\n<p>                ALVARO<\/p>\n<p>        Adri\u00e1n Prieto, del &#8216;Picusa Academy&#8217; firma el fin de semana perfecto en su tierra con la victoria en Benavides de \u00d3rbigo<\/p>\n<p class=\"c-detail__media__subtitle\">\n<p>                ALVARO<\/p>\n<p>        Adri\u00e1n Prieto, del &#8216;Picusa Academy&#8217; firma el fin de semana perfecto en su tierra con la victoria en Benavides de \u00d3rbigo<\/p>\n<p class=\"c-detail__media__subtitle\">\n<p>                ALVARO<\/p>\n<p>        Adri\u00e1n Prieto, del &#8216;Picusa Academy&#8217; firma el fin de semana perfecto en su tierra con la victoria en Benavides de \u00d3rbigo<\/p>\n<p class=\"c-detail__media__subtitle\">\n<p>                ALVARO<\/p>\n<p>        Adri\u00e1n Prieto, del &#8216;Picusa Academy&#8217; firma el fin de semana perfecto en su tierra con la victoria en Benavides de \u00d3rbigo<\/p>\n","protected":false},"excerpt":{"rendered":"El ciclista de La Ba\u00f1eza repiti\u00f3 victoria tras la conseguida ayer en Villaman\u00edn y consigui\u00f3 tambi\u00e9n la clasificaci\u00f3n&hellip;\n","protected":false},"author":2,"featured_media":726855,"comment_status":"","ping_status":"","sticky":false,"template":"","format":"standard","meta":{"footnotes":""},"categories":[273],"tags":[24090,3590,313,312,168,25,24,23712,4108,23,167,72793],"class_list":["post-726854","post","type-post","status-publish","format-standard","has-post-thumbnail","category-ciclismo","tag-benavides","tag-castilla-y-leon","tag-ciclismo","tag-cycling","tag-deportes","tag-es","tag-espana","tag-la-baneza","tag-leon","tag-spain","tag-sports","tag-villamanin"],"share_on_mastodon":{"url":"https:\/\/pubeurope.com\/@es\/117144937159792106","error":""},"_links":{"self":[{"href":"https:\/\/www.europesays.com\/es\/wp-json\/wp\/v2\/posts\/726854","targetHints":{"allow":["GET"]}}],"collection":[{"href":"https:\/\/www.europesays.com\/es\/wp-json\/wp\/v2\/posts"}],"about":[{"href":"https:\/\/www.europesays.com\/es\/wp-json\/wp\/v2\/types\/post"}],"author":[{"embeddable":true,"href":"https:\/\/www.europesays.com\/es\/wp-json\/wp\/v2\/users\/2"}],"replies":[{"embeddable":true,"href":"https:\/\/www.europesays.com\/es\/wp-json\/wp\/v2\/comments?post=726854"}],"version-history":[{"count":0,"href":"https:\/\/www.europesays.com\/es\/wp-json\/wp\/v2\/posts\/726854\/revisions"}],"wp:featuredmedia":[{"embeddable":true,"href":"https:\/\/www.europesays.com\/es\/wp-json\/wp\/v2\/media\/726855"}],"wp:attachment":[{"href":"https:\/\/www.europesays.com\/es\/wp-json\/wp\/v2\/media?parent=726854"}],"wp:term":[{"taxonomy":"category","embeddable":true,"href":"https:\/\/www.europesays.com\/es\/wp-json\/wp\/v2\/categories?post=726854"},{"taxonomy":"post_tag","embeddable":true,"href":"https:\/\/www.europesays.com\/es\/wp-json\/wp\/v2\/tags?post=726854"}],"curies":[{"name":"wp","href":"https:\/\/api.w.org\/{rel}","templated":true}]}}