{"id":726856,"date":"2026-08-23T12:58:14","date_gmt":"2026-08-23T12:58:14","guid":{"rendered":"https:\/\/www.europesays.com\/es\/726856\/"},"modified":"2026-08-23T12:58:14","modified_gmt":"2026-08-23T12:58:14","slug":"los-dorsales-de-lafamilia-para-la-ventana-de-agosto","status":"publish","type":"post","link":"https:\/\/www.europesays.com\/es\/726856\/","title":{"rendered":"Los dorsales de #LaFamilia para la Ventana de agosto"},"content":{"rendered":"<p>El equipo se concentra en Madrid este domingo y pondr\u00e1 rumbo a Zaragoza el lunes 24 para comenzar a preparar los partidos de clasificaci\u00f3n para la Copa del Mundo de Catar 2028 ante Portugal en la capital aragonesa (viernes 28, 21:00 horas) y en Atenas ante Grecia (lunes 31, 18:00 horas).<\/p>\n<p>\u00c1REA DE COMUNICACI\u00d3N FEB<\/p>\n<p>La Selecci\u00f3n Masculina inicia su concentraci\u00f3n este domingo en Madrid. All\u00ed permanecer\u00e1 hasta que emprenda viaje a Zaragoza el lunes 24. La capital aragonesa servir\u00e1 como base de operaciones del equipo para preparar los dos primeros partidos de la segunda fase de clasificaci\u00f3n para la Copa del Mundo de Catar 2027.<\/p>\n<p>Los 14 jugadores convocados por Chus Mateo ya tienen dorsales para disputar los encuentros ante Portugal en Zaragoza (viernes 28, 21:00 horas) y ante Grecia en Atenas (lunes 31, 18:00 horas):<br \/>&#13;\n<\/p>\n<ul>&#13;<\/p>\n<li>1. \u00c1lvaro C\u00e1rdenas (Valencia Basket), 7 internacionalidades<\/li>\n<p>&#13;<\/p>\n<li>2. Baba Miller (Los Angeles Clippers, NBA), sin internacionalidades<\/li>\n<p>&#13;<\/p>\n<li>3. Sergio de Larrea (Dallas Mavericks, NBA), 15 internacionalidades<\/li>\n<p>&#13;<\/p>\n<li>4. Jaime Pradilla (Real Madrid), 51 internacionalidades<\/li>\n<p>&#13;<\/p>\n<li>5. Mario Saint-Sup\u00e9ry (Valencia Basket), 15 internacionalidades<\/li>\n<p>&#13;<\/p>\n<li>8. Dar\u00edo Brizuela (Bar\u00e7a), 73 internacionalidades<\/li>\n<p>&#13;<\/p>\n<li>9. Alberto D\u00edaz (Unicaja), 54 internacionalidades<\/li>\n<p>&#13;<\/p>\n<li>10. Hugo Gonz\u00e1lez (Boston Celtics, NBA), 4 internacionalidades<\/li>\n<p>&#13;<\/p>\n<li>13. Izan Almansa, 10 internacionalidades<\/li>\n<p>&#13;<\/p>\n<li>14. Willy Hernang\u00f3mez (Unicaja), 117 internacionalidades<\/li>\n<p>&#13;<\/p>\n<li>15. Aday Mara (Oklahoma City Thunder, NBA), sin internacionalidades<\/li>\n<p>&#13;<\/p>\n<li>22. Santi Yusta (Anadolu Efes Istanbul, TUR), 30 internacionalidades<\/li>\n<p>&#13;<\/p>\n<li>41. Juancho Hernang\u00f3mez (Panathinaikos Aktor Athens, GRE), 86 internacionalidades<\/li>\n<p>&#13;<\/p>\n<li>44. Joel Parra (Bar\u00e7a), 56 internacionalidades<\/li>\n<\/ul>\n<p>\nWilly Hernang\u00f3mez ser\u00e1 el capit\u00e1n de una Selecci\u00f3n que arranca esta segunda fase de la clasificaci\u00f3n como l\u00edder del Grupo I con un balance de 5 victorias y 1 derrotas. Portugal, el pr\u00f3ximo rival, presenta un 3-3. El mismo que Grecia, rival que cerrar\u00e1 esta Ventana de agosto.<\/p>\n<p>Zaragoza, capital del baloncesto nacional<\/p>\n<p>A\u00fan <a href=\"https:\/\/feb.entradas.plus\/entradas\/es\/entradas-deporte-seam\" target=\"_blank\" rel=\"nofollow noopener\">quedan entradas disponibles para<\/a> el duelo ante Portugal, que supondr\u00e1 el regreso de la Selecci\u00f3n Masculina al Pr\u00edncipe Felipe desde el partido disputado ante Letonia en febrero de 2024. La afici\u00f3n aragonesa tambi\u00e9n tiene a la venta las localidades para ver en el mismo escenario a la Selecci\u00f3n Femenina en su preparaci\u00f3n para la Copa del Mundo que arrancar\u00e1 en Berl\u00edn este pr\u00f3ximo mes de septiembre. El equipo que dirige Miguel M\u00e9ndez se medir\u00e1 a Mal\u00ed el s\u00e1bado 29 (20:00 horas) y a China el domingo 30 (21:00 horas).<\/p>\n<p><a href=\"https:\/\/feb.entradas.plus\/entradas\/es\/seamseafzaragoza\" target=\"_blank\" rel=\"nofollow noopener\">Las entradas se pueden adquirir mediante un abono para los tres partidos o por separado a trav\u00e9s de la web de la Federaci\u00f3n Espa\u00f1ola de Baloncesto<\/a>.\u00a0<\/p>\n","protected":false},"excerpt":{"rendered":"El equipo se concentra en Madrid este domingo y pondr\u00e1 rumbo a Zaragoza el lunes 24 para comenzar&hellip;\n","protected":false},"author":2,"featured_media":726857,"comment_status":"","ping_status":"","sticky":false,"template":"","format":"standard","meta":{"footnotes":""},"categories":[269],"tags":[4605,299,1918,298,4597,4613,4616,4609,4608,4610,168,4603,4606,25,24,4120,4598,4614,2713,4601,830,4599,4600,4602,4615,4617,4607,4604,23,167,4611,4612],"class_list":["post-726856","post","type-post","status-publish","format-standard","has-post-thumbnail","category-baloncesto","tag-arbitros-baloncesto","tag-baloncesto","tag-basket","tag-basketball","tag-basquet","tag-canalfeb","tag-clasificacion","tag-copa-princesa","tag-copa-principe","tag-copa-reina","tag-deportes","tag-eba","tag-entrenadores-baloncesto","tag-es","tag-espana","tag-estadisticas","tag-federacion-baloncesto","tag-jornada-virtual","tag-jugadores","tag-laeb-plata","tag-leb-oro","tag-liga-espana","tag-liga-espanola-baloncesto","tag-liga-femenina","tag-marcadores-baloncesto","tag-rankings","tag-reglas-baloncesto","tag-seleccion-baloncesto","tag-spain","tag-sports","tag-supercopa","tag-television-baloncesto"],"share_on_mastodon":{"url":"","error":"Validation failed: Text character limit of 500 exceeded"},"_links":{"self":[{"href":"https:\/\/www.europesays.com\/es\/wp-json\/wp\/v2\/posts\/726856","targetHints":{"allow":["GET"]}}],"collection":[{"href":"https:\/\/www.europesays.com\/es\/wp-json\/wp\/v2\/posts"}],"about":[{"href":"https:\/\/www.europesays.com\/es\/wp-json\/wp\/v2\/types\/post"}],"author":[{"embeddable":true,"href":"https:\/\/www.europesays.com\/es\/wp-json\/wp\/v2\/users\/2"}],"replies":[{"embeddable":true,"href":"https:\/\/www.europesays.com\/es\/wp-json\/wp\/v2\/comments?post=726856"}],"version-history":[{"count":0,"href":"https:\/\/www.europesays.com\/es\/wp-json\/wp\/v2\/posts\/726856\/revisions"}],"wp:featuredmedia":[{"embeddable":true,"href":"https:\/\/www.europesays.com\/es\/wp-json\/wp\/v2\/media\/726857"}],"wp:attachment":[{"href":"https:\/\/www.europesays.com\/es\/wp-json\/wp\/v2\/media?parent=726856"}],"wp:term":[{"taxonomy":"category","embeddable":true,"href":"https:\/\/www.europesays.com\/es\/wp-json\/wp\/v2\/categories?post=726856"},{"taxonomy":"post_tag","embeddable":true,"href":"https:\/\/www.europesays.com\/es\/wp-json\/wp\/v2\/tags?post=726856"}],"curies":[{"name":"wp","href":"https:\/\/api.w.org\/{rel}","templated":true}]}}