{"id":726872,"date":"2026-08-23T13:10:16","date_gmt":"2026-08-23T13:10:16","guid":{"rendered":"https:\/\/www.europesays.com\/es\/726872\/"},"modified":"2026-08-23T13:10:16","modified_gmt":"2026-08-23T13:10:16","slug":"el-primer-premio-de-la-loteria-nacional-deja-600-000-euros-en-algeciras","status":"publish","type":"post","link":"https:\/\/www.europesays.com\/es\/726872\/","title":{"rendered":"El primer premio de la Loter\u00eda Nacional deja 600.000 euros en Algeciras"},"content":{"rendered":"<p data-start=\"237\" data-end=\"525\">El <strong data-start=\"240\" data-end=\"280\">primer premio de la Loter\u00eda Nacional<\/strong> del sorteo celebrado este s\u00e1bado 22 de agosto ha ca\u00eddo, entre otros puntos de Espa\u00f1a, en <a data-start=\"370\" data-end=\"445\" rel=\"noopener nofollow\" target=\"_new\" href=\"https:\/\/www.andaluciainformacion.es\/campo-gibraltar-algeciras\/\">Algeciras<\/a>. El n\u00famero agraciado ha sido el <strong data-start=\"478\" data-end=\"488\">13.247<\/strong>, dotado con 600.000 euros al n\u00famero.<\/p>\n<p data-start=\"527\" data-end=\"703\">La suerte ha llegado concretamente hasta la <strong data-start=\"571\" data-end=\"611\">administraci\u00f3n n\u00famero 1 de Algeciras<\/strong>, situada en la calle Duque de Almod\u00f3var, n\u00famero 10, donde se ha vendido el n\u00famero premiado.<\/p>\n<p>Un premio muy repartido<\/p>\n<p data-start=\"734\" data-end=\"910\">El <strong data-start=\"737\" data-end=\"747\">13.247<\/strong> no ha sido exclusivo de la ciudad algecire\u00f1a. El primer premio tambi\u00e9n ha sido consignado en <strong data-start=\"841\" data-end=\"885\">C\u00f3rdoba capital, Madrid, Melilla y Lorca<\/strong>, en la Regi\u00f3n de Murcia.<\/p>\n<p data-start=\"912\" data-end=\"1036\">En C\u00f3rdoba, el d\u00e9cimo premiado se ha vendido en la <strong data-start=\"963\" data-end=\"991\">administraci\u00f3n n\u00famero 31<\/strong>, ubicada en la avenida de Granada, n\u00famero 4.<\/p>\n<p data-start=\"1038\" data-end=\"1195\" data-is-last-node=\"\" data-is-only-node=\"\">Los <strong data-start=\"1042\" data-end=\"1056\">reintegros<\/strong> correspondientes al sorteo de este s\u00e1bado han reca\u00eddo en los n\u00fameros <strong data-start=\"1126\" data-end=\"1138\">7, 2 y 1<\/strong>, seg\u00fan los resultados de Loter\u00edas y Apuestas del Estado.<\/p>\n","protected":false},"excerpt":{"rendered":"El primer premio de la Loter\u00eda Nacional del sorteo celebrado este s\u00e1bado 22 de agosto ha ca\u00eddo, entre&hellip;\n","protected":false},"author":2,"featured_media":726873,"comment_status":"","ping_status":"","sticky":false,"template":"","format":"standard","meta":{"footnotes":""},"categories":[80],"tags":[82,95,94,25,24,18865,843,23],"class_list":["post-726872","post","type-post","status-publish","format-standard","has-post-thumbnail","category-economia","tag-business","tag-economia","tag-economy","tag-es","tag-espana","tag-loteria-nacional","tag-premio","tag-spain"],"share_on_mastodon":{"url":"https:\/\/pubeurope.com\/@es\/117144992218861404","error":""},"_links":{"self":[{"href":"https:\/\/www.europesays.com\/es\/wp-json\/wp\/v2\/posts\/726872","targetHints":{"allow":["GET"]}}],"collection":[{"href":"https:\/\/www.europesays.com\/es\/wp-json\/wp\/v2\/posts"}],"about":[{"href":"https:\/\/www.europesays.com\/es\/wp-json\/wp\/v2\/types\/post"}],"author":[{"embeddable":true,"href":"https:\/\/www.europesays.com\/es\/wp-json\/wp\/v2\/users\/2"}],"replies":[{"embeddable":true,"href":"https:\/\/www.europesays.com\/es\/wp-json\/wp\/v2\/comments?post=726872"}],"version-history":[{"count":0,"href":"https:\/\/www.europesays.com\/es\/wp-json\/wp\/v2\/posts\/726872\/revisions"}],"wp:featuredmedia":[{"embeddable":true,"href":"https:\/\/www.europesays.com\/es\/wp-json\/wp\/v2\/media\/726873"}],"wp:attachment":[{"href":"https:\/\/www.europesays.com\/es\/wp-json\/wp\/v2\/media?parent=726872"}],"wp:term":[{"taxonomy":"category","embeddable":true,"href":"https:\/\/www.europesays.com\/es\/wp-json\/wp\/v2\/categories?post=726872"},{"taxonomy":"post_tag","embeddable":true,"href":"https:\/\/www.europesays.com\/es\/wp-json\/wp\/v2\/tags?post=726872"}],"curies":[{"name":"wp","href":"https:\/\/api.w.org\/{rel}","templated":true}]}}