{"id":726900,"date":"2026-08-23T13:32:12","date_gmt":"2026-08-23T13:32:12","guid":{"rendered":"https:\/\/www.europesays.com\/es\/726900\/"},"modified":"2026-08-23T13:32:12","modified_gmt":"2026-08-23T13:32:12","slug":"el-telescopio-webb-muestra-con-un-detalle-sin-precedentes-la-muerte-de-una-estrella-similar-al-sol","status":"publish","type":"post","link":"https:\/\/www.europesays.com\/es\/726900\/","title":{"rendered":"El telescopio Webb muestra con un detalle sin precedentes la muerte de una estrella similar al Sol"},"content":{"rendered":"<p class=\"c-paragraph\">La <a href=\"https:\/\/www.20minutos.es\/tags\/instituciones-empresas\/nasa.html\" title=\"NASA\" rel=\"nofollow noopener\" target=\"_blank\">NASA<\/a> y la Agencia Espacial Europea (ESA) han difundido una nueva imagen de <b>la Nebulosa del Le\u00f3n<\/b> obtenida por el <a href=\"https:\/\/www.20minutos.es\/tags\/temas\/telescopio-espacial-james-webb.html\" title=\"Telescopio espacial James Webb\" rel=\"nofollow noopener\" target=\"_blank\">telescopio espacial James Webb<\/a>, una observaci\u00f3n en infrarrojo que revela \u00abcon una nitidez in\u00e9dita c\u00f3mo una estrella de masa similar a la del Sol expulsa sus capas externas en la fase final de su vida\u00bb y sigue modelando el gas y el polvo c\u00f3smicos que la rodean miles de a\u00f1os despu\u00e9s de iniciar su desaparici\u00f3n.<\/p>\n<p class=\"c-paragraph\">La imagen muestra la <b>nebulosa planetaria NGC 2392<\/b>, situada a unos 4.200 a\u00f1os luz de la Tierra, cuya caracter\u00edstica forma le ha valido el sobrenombre de Nebulosa del Le\u00f3n. En su centro permanece una enana blanca extremadamente caliente, el n\u00facleo remanente de la estrella moribunda, cuya intensa radiaci\u00f3n contin\u00faa esculpiendo las estructuras que forman la \u00abcara\u00bb y la \u00abmelena\u00bb del le\u00f3n, explic\u00f3 la NASA.<\/p>\n<p class=\"c-paragraph\">El telescopio estadounidense Webb observ\u00f3 el objeto con sus instrumentos NIRCam y MIRI, especializados en infrarrojo cercano y medio, lo que le permiti\u00f3 atravesar parte del polvo interestelar y revelar <b>detalles invisibles para el telescopio Hubble<\/b> cuando fotografi\u00f3 la nebulosa en luz visible en el a\u00f1o 2000.<\/p>\n<p class=\"c-paragraph\">Las nuevas observaciones muestran <b>complejas estructuras de gas ionizado, filamentos de polvo y densos c\u00famulos<\/b> de material que han logrado sobrevivir a la intensa radiaci\u00f3n emitida por la estrella central. Algunos de estos c\u00famulos generan largas estructuras similares a colas de cometa que forman parte de la caracter\u00edstica \u00abmelena\u00bb de la nebulosa.<\/p>\n<p class=\"c-paragraph\">Seg\u00fan la NASA, la nebulosa se ha ido formando durante varios miles de a\u00f1os y continuar\u00e1 evolucionando antes de <b>dispersarse completamente dentro de aproximadamente 10.000 a\u00f1os<\/b>, un periodo \u00abmuy breve\u00bb en t\u00e9rminos astron\u00f3micos.<\/p>\n","protected":false},"excerpt":{"rendered":"La NASA y la Agencia Espacial Europea (ESA) han difundido una nueva imagen de la Nebulosa del Le\u00f3n&hellip;\n","protected":false},"author":2,"featured_media":726901,"comment_status":"","ping_status":"","sticky":false,"template":"","format":"standard","meta":{"footnotes":""},"categories":[81],"tags":[119,123,124,25,24,642,77392,117,121,122,23,118,120,25136],"class_list":["post-726900","post","type-post","status-publish","format-standard","has-post-thumbnail","category-ciencia-y-tecnologia","tag-ciencia","tag-ciencia-y-tecnologia","tag-cienciaytecnologia","tag-es","tag-espana","tag-nasa","tag-nebulosa","tag-science","tag-science-and-technology","tag-scienceandtechnology","tag-spain","tag-technology","tag-tecnologia","tag-telescopio-james-webb"],"share_on_mastodon":{"url":"https:\/\/pubeurope.com\/@es\/117145078696968405","error":""},"_links":{"self":[{"href":"https:\/\/www.europesays.com\/es\/wp-json\/wp\/v2\/posts\/726900","targetHints":{"allow":["GET"]}}],"collection":[{"href":"https:\/\/www.europesays.com\/es\/wp-json\/wp\/v2\/posts"}],"about":[{"href":"https:\/\/www.europesays.com\/es\/wp-json\/wp\/v2\/types\/post"}],"author":[{"embeddable":true,"href":"https:\/\/www.europesays.com\/es\/wp-json\/wp\/v2\/users\/2"}],"replies":[{"embeddable":true,"href":"https:\/\/www.europesays.com\/es\/wp-json\/wp\/v2\/comments?post=726900"}],"version-history":[{"count":0,"href":"https:\/\/www.europesays.com\/es\/wp-json\/wp\/v2\/posts\/726900\/revisions"}],"wp:featuredmedia":[{"embeddable":true,"href":"https:\/\/www.europesays.com\/es\/wp-json\/wp\/v2\/media\/726901"}],"wp:attachment":[{"href":"https:\/\/www.europesays.com\/es\/wp-json\/wp\/v2\/media?parent=726900"}],"wp:term":[{"taxonomy":"category","embeddable":true,"href":"https:\/\/www.europesays.com\/es\/wp-json\/wp\/v2\/categories?post=726900"},{"taxonomy":"post_tag","embeddable":true,"href":"https:\/\/www.europesays.com\/es\/wp-json\/wp\/v2\/tags?post=726900"}],"curies":[{"name":"wp","href":"https:\/\/api.w.org\/{rel}","templated":true}]}}