{"id":726930,"date":"2026-08-23T13:56:18","date_gmt":"2026-08-23T13:56:18","guid":{"rendered":"https:\/\/www.europesays.com\/es\/726930\/"},"modified":"2026-08-23T13:56:18","modified_gmt":"2026-08-23T13:56:18","slug":"hacian-cosas-que-no-debian-air-france-cierra-la-sauna-de-su-sala-vip-en-el-aeropuerto-charles-de-gaulle","status":"publish","type":"post","link":"https:\/\/www.europesays.com\/es\/726930\/","title":{"rendered":"\u00abHac\u00edan cosas que no deb\u00edan\u00bb: Air France cierra la sauna de su sala VIP en el Aeropuerto Charles de Gaulle"},"content":{"rendered":"<p>La aerol\u00ednea francesa Air France ha tomado la <b>dr\u00e1stica decisi\u00f3n de clausurar de forma permanente la exclusiva sauna situada en su sala VIP del Terminal 2E, Hall L, en el aeropuerto Charles de Gaulle de Par\u00eds<\/b>. Este espacio de relajaci\u00f3n ha sido cerrado a ra\u00edz de reiterados episodios de comportamiento inapropiado por parte de algunos pasajeros, seg\u00fan ha desvelado el portal especializado Live And Let\u2019s Fly.<\/p>\n<p>Esta lujosa sauna formaba parte de una zona privada que inclu\u00eda un amplio espacio para el ba\u00f1o y un vestuario. El recinto, elegantemente revestido en madera, estaba concebido para ser utilizado de manera exclusiva por un solo pasajero o un grupo cerrado por turno, garantizando as\u00ed la m\u00e1xima privacidad.<\/p>\n<p>El fin de una experiencia exclusiva por conductas indebidas<\/p>\n<p>En las visitas m\u00e1s recientes al aeropuerto parisino, los usuarios han notado que el recinto ya no cuenta con las placas informativas que anunciaban este servicio. <b>Aunque el interior de madera todav\u00eda es visible desde fuera, la puerta permanece ahora cerrada bajo llave <\/b>y luce un cartel de acceso restringido de uso exclusivo para empleados.<\/p>\n<p>Al ser preguntados por esta repentina desaparici\u00f3n, el personal del \u00e1rea de duchas fue tajante al confirmar que el servicio hab\u00eda terminado para siempre. Poco despu\u00e9s, un gerente de la <a title=\"sala VIP\" href=\"https:\/\/www.larazon.es\/tecnologia-consumo\/tecnologia\/darte-acceso-salas-vip-crear-suyas-propias-revolut-tendra-sus-propias-lounges-aeropuertos-todo-mundo_202608136a7def0ba046ad6ebcaf8177.html\" target=\"_blank\" rel=\"nofollow noopener\">sala VIP<\/a> ratific\u00f3 que no se trataba de una medida temporal ni de un cierre por mantenimiento.<\/p>\n<p>El responsable explic\u00f3 que <b>algunos viajeros estaban utilizando las instalaciones para realizar actividades que no deb\u00edan<\/b>. Sin querer entrar en detalles espec\u00edficos, el trabajador dej\u00f3 claro que el comportamiento inadecuado y recurrente de los usuarios oblig\u00f3 a la direcci\u00f3n de la aerol\u00ednea a suprimir definitivamente esta solicitada atracci\u00f3n.<\/p>\n<p>Helsinki se queda como el \u00faltimo gran refugio<\/p>\n<p>En la actualidad, las descripciones del lounge de <a title=\"Air France\" href=\"https:\/\/www.larazon.es\/internacional\/airbus-air-france-condenadas-homicidio-involuntario-accidente-vuelo-rioparis-2009_202605216a0f17707e0b4632078f5826.html\" target=\"_blank\" rel=\"nofollow noopener\">Air France<\/a> en el Hall L <b>siguen promocionando servicios premium como las amplias duchas y los tratamientos est\u00e9ticos de la firma Clarins<\/b>. Sin embargo, cualquier menci\u00f3n a la sauna ha sido eliminada por completo de sus cat\u00e1logos, confirmando que no hay marcha atr\u00e1s en la decisi\u00f3n.<\/p>\n<p>El cierre de esta instalaci\u00f3n en Par\u00eds supone la p\u00e9rdida de una de las comodidades m\u00e1s singulares del circuito de salas VIP a nivel mundial. Este tipo de espacios de relajaci\u00f3n profunda son una absoluta rareza en los grandes aeropuertos internacionales, lo que convert\u00eda al Charles de Gaulle en una parada muy especial.<\/p>\n<p>Tras la dr\u00e1stica medida de la compa\u00f1\u00eda francesa, los amantes de este servicio tienen muy pocas alternativas. En estos momentos, <b>la sauna de la sala VIP de Finnair en el aeropuerto de Helsinki se consolida como una de las pocas opciones disponibles en el mundo<\/b>. La aerol\u00ednea finlandesa sigue ofreciendo esta tradicional comodidad en su exclusivo espacio Platinum Wing, situado en la zona no Schengen del aer\u00f3dromo.<\/p>\n","protected":false},"excerpt":{"rendered":"La aerol\u00ednea francesa Air France ha tomado la dr\u00e1stica decisi\u00f3n de clausurar de forma permanente la exclusiva sauna&hellip;\n","protected":false},"author":2,"featured_media":726931,"comment_status":"","ping_status":"","sticky":false,"template":"","format":"standard","meta":{"footnotes":""},"categories":[80],"tags":[1161,114673,82,95,94,25,24,4759,23],"class_list":["post-726930","post","type-post","status-publish","format-standard","has-post-thumbnail","category-economia","tag-aeropuertos","tag-b50m","tag-business","tag-economia","tag-economy","tag-es","tag-espana","tag-paris","tag-spain"],"share_on_mastodon":{"url":"https:\/\/pubeurope.com\/@es\/117145173279865717","error":""},"_links":{"self":[{"href":"https:\/\/www.europesays.com\/es\/wp-json\/wp\/v2\/posts\/726930","targetHints":{"allow":["GET"]}}],"collection":[{"href":"https:\/\/www.europesays.com\/es\/wp-json\/wp\/v2\/posts"}],"about":[{"href":"https:\/\/www.europesays.com\/es\/wp-json\/wp\/v2\/types\/post"}],"author":[{"embeddable":true,"href":"https:\/\/www.europesays.com\/es\/wp-json\/wp\/v2\/users\/2"}],"replies":[{"embeddable":true,"href":"https:\/\/www.europesays.com\/es\/wp-json\/wp\/v2\/comments?post=726930"}],"version-history":[{"count":0,"href":"https:\/\/www.europesays.com\/es\/wp-json\/wp\/v2\/posts\/726930\/revisions"}],"wp:featuredmedia":[{"embeddable":true,"href":"https:\/\/www.europesays.com\/es\/wp-json\/wp\/v2\/media\/726931"}],"wp:attachment":[{"href":"https:\/\/www.europesays.com\/es\/wp-json\/wp\/v2\/media?parent=726930"}],"wp:term":[{"taxonomy":"category","embeddable":true,"href":"https:\/\/www.europesays.com\/es\/wp-json\/wp\/v2\/categories?post=726930"},{"taxonomy":"post_tag","embeddable":true,"href":"https:\/\/www.europesays.com\/es\/wp-json\/wp\/v2\/tags?post=726930"}],"curies":[{"name":"wp","href":"https:\/\/api.w.org\/{rel}","templated":true}]}}