{"id":726996,"date":"2026-08-23T14:56:19","date_gmt":"2026-08-23T14:56:19","guid":{"rendered":"https:\/\/www.europesays.com\/es\/726996\/"},"modified":"2026-08-23T14:56:19","modified_gmt":"2026-08-23T14:56:19","slug":"la-especial-complicidad-de-cari-lapique-y-su-nieto-pedro-en-su-tarde-de-toros-en-malaga","status":"publish","type":"post","link":"https:\/\/www.europesays.com\/es\/726996\/","title":{"rendered":"La especial complicidad de Cari Lapique y su nieto Pedro en su tarde de toros en M\u00e1laga"},"content":{"rendered":"<p id=\"evozYXBRdE\" data-wc=\"152\">Cari Lapique ha disfrutado de un plan de lo m\u00e1s reconfortante en la plaza de toros de La Malagueta junto a su nieto Pedro, hijo de la recordada Caritina Goyanes y Antonio Matos. Haciendo gala de la elegancia y la cercan\u00eda que siempre la caracterizan, Cari inmortaliz\u00f3 esta bonita jornada en sus redes sociales publicando una sonriente fotograf\u00eda junto al joven bajo el cartel de Toros M\u00e1laga. El vibrante ambiente que se vivi\u00f3 en el coso malague\u00f1o qued\u00f3 fielmente plasmado en sus propias palabras al ver la plaza abarrotada: \u00ab<strong>Hasta la bandera y ol\u00e9<\/strong>\u00ab. Tras la corrida, el fin de semana continu\u00f3 a la orilla del mar, donde aprovecharon para relajarse al sol. La propia empresaria ha compartido una instant\u00e1nea descansando sobre la arena, luciendo impecable y de lo m\u00e1s estilosa con un t\u00fanico playero estampado, sombrerito de paja con cinta rosa y gafas de sol, completando as\u00ed un inolvidable d\u00eda veraniego.\u00a0<\/p>\n<p>Te recomendamosSeguir leyendo<br \/>\n <img src=\"https:\/\/www.europesays.com\/es\/wp-content\/uploads\/2026\/08\/47a340d61b23-779002139186154053130276809144530773623557373n.png\"   width=\"689\" height=\"1024\" loading=\"lazy\" decoding=\"async\" alt=\"Disfrutando de la tarde en la playa junto a su nieto. \" fetchpriority=\"auto\" class=\"image ho-image\"\/>\u00a9 cariilapiqueDisfrutando de la tarde en la playa junto a su nieto. <\/p>\n<p id=\"emr5q-kbGB\" data-wc=\"139\">Este plan pone de manifiesto la estrecha y entra\u00f1able relaci\u00f3n que une a la empresaria con Pedro, con quien comparte, entre otras muchas pasiones, un gran amor por los toros. A sus 16 a\u00f1os, el joven se ha convertido en todo un hombrecito maduro, atento e incondicional con su abuela. Ambos est\u00e1n profundamente unidos y aprovechan cualquier oportunidad para disfrutar de tiempo de calidad juntos, siendo esta tarde en el coso malague\u00f1o solo uno de los muchos planes que organizan con ilusi\u00f3n. Como la propia Cari expresaba recientemente en una entrevista para\u00a0\u00a1HOLA!, donde confesaba sentirse una \u00ababuelona\u00bb llena de vitalidad: \u00abUna cosa es serlo y otra cosa muy distinta es sentirse\u00bb, a\u00f1adiendo sobre su d\u00eda a d\u00eda: \u00ab<strong>Sentirme bien con mis nietos. Por mis nietos\u2026 y por m\u00ed.\u00a0<\/strong>Yo me arreglo hasta para ir a clase de pilates\u00bb.<\/p>\n<p> <img src=\"https:\/\/www.europesays.com\/es\/wp-content\/uploads\/2026\/08\/57fcd3849315-7843516541954462388548050513935702643216404n.jpg\"   width=\"739\" height=\"1024\" loading=\"lazy\" decoding=\"async\" alt=\"Cari comparti\u00f3 esta imagen de su ma\u00f1ana junto a su nieto. \" fetchpriority=\"auto\" class=\"image ho-image\"\/>\u00a9 cariilapiqueCari comparti\u00f3 esta imagen de su ma\u00f1ana junto a su nieto.<br \/>\nPedro Matos: el gran orgullo y el pilar de su abuela<\/p>\n<p id=\"e9YVOL--cu\" data-wc=\"171\">Pedro se ha convertido en el gran orgullo de toda la familia tras completar un curso brillante. Su t\u00eda Carla Goyanes expresaba el profundo amor y admiraci\u00f3n que siente hacia \u00e9l tras sus excelentes resultados acad\u00e9micos en el Colegio Retamar: \u00abMuy orgullosa de mi sobrino que ha sido premio de esfuerzo en un colegio muy exigente, con 9,8 de media del curso y varias matr\u00edculas de honor. \u00a1Enhorabuena Pe! No se puede ser m\u00e1s listo, m\u00e1s responsable y m\u00e1s disciplinado con los estudios. <a class=\"hm-link ho-link\" href=\"https:\/\/www.hola.com\/actualidad\/20250630841144\/carla-goyanes-orgullosisima-del-hijo-de-caritina-un-estudiante-de-matricula-que-con-15-anos-ya-es-mas-alto-que-ella\/\" rel=\"noopener nofollow\" target=\"_blank\" data-mrf-recirculation=\"article-body-link\">\u00a1Adem\u00e1s de guapo por dentro y por fuera<\/a>!\u00bb. Una dedicaci\u00f3n constante que responde tambi\u00e9n a la promesa que Carla le dedic\u00f3 en su d\u00eda a su hermana Caritina: \u00abTen por seguro que voy a ser muy fuerte y voy a cuidar a tus hijos todo lo que me dejen, como si fueran m\u00edos. Voy a cuidar a mam\u00e1 por las dos y voy a cuidar a Matos porque s\u00e9 cu\u00e1nto le quer\u00edas. Ver\u00e1s crecer desde el cielo a tus hijos y vas a estar muy orgullosa de ellos\u00bb.<\/p>\n<p> <img src=\"https:\/\/www.europesays.com\/es\/wp-content\/uploads\/2026\/08\/aee506da4545-503515104185093540230020275678.jpg\"   width=\"1024\" height=\"1024\" loading=\"lazy\" decoding=\"async\" alt=\"Comparti\u00f3 esta foto de su sobrino Pedro con orgullo.\" fetchpriority=\"auto\" class=\"image ho-image\"\/>\u00a9 carlugoyanesComparti\u00f3 esta foto de su sobrino Pedro con orgullo.<\/p>\n<p id=\"eI7LKRhK-GR\" data-wc=\"72\">Esa madurez y caballerosidad tambi\u00e9n emociona a su abuela Cari, quien expresaba en declaraciones a Informalia lo mucho que valora las atenciones de su nieto mayor: \u00ab<a class=\"hm-link ho-link\" href=\"https:\/\/www.hola.com\/actualidad\/20260802916008\/cari-lapique-2-aniversario-muerte-marido-y-hija-no-volver-marbella\/\" rel=\"noopener nofollow\" target=\"_blank\" data-mrf-recirculation=\"article-body-link\">Ha pasado de Pedrito casi a don Pedro porque est\u00e1 muy mayor, es un chicarr\u00f3n pero lo mejor es lo responsable y buena gente que es.<\/a> No imaginas c\u00f3mo se ocupa de m\u00ed. Tengo una suerte enorme de tener la familia que tengo y los amigos\u00bb.<\/p>\n<p> <img src=\"https:\/\/www.europesays.com\/es\/wp-content\/uploads\/2026\/08\/291aaa888ec9-captura-de-pantalla-1447-1.png\"   width=\"711\" height=\"1024\" loading=\"lazy\" decoding=\"async\" alt=\"Caritina Goyanes con su hijo Pedro.\" fetchpriority=\"auto\" class=\"image ho-image\"\/>\u00a9 carigoyanesCaritina Goyanes con su hijo Pedro.<br \/>\nCari Lapique, una \u00ababuela molona\u00bb<\/p>\n<p id=\"ew8FQzXjIsx\" data-wc=\"85\">Para Cari, la familia es su aut\u00e9ntico motor y el refugio donde encuentra la m\u00e1xima felicidad. En las p\u00e1ginas de\u00a0\u00a1HOLA!\u00a0nos confesaba entre risas su papel de abuela consentidora: \u00abYo creo que tengo que mimarlos, y a los de Carla, pues igual. Son de un deportista que ni te lo crees\u00bb, a\u00f1adiendo con gran tranquilidad: \u00abTienen la cabeza muy bien amueblada y los ni\u00f1os que los rodean son buen\u00edsimos tambi\u00e9n. Eso es muy importante. <a class=\"hm-link ho-link\" href=\"https:\/\/www.hola.com\/actualidad\/20260820918950\/cari-lapique-abuelona-orgullosa-entregada-nietos-cabeza-bien-amueblada\/\" rel=\"noopener nofollow\" target=\"_blank\" data-mrf-recirculation=\"article-body-link\">A m\u00ed me ha preocupado mucho lo de los amigos<\/a>\u00ab.<\/p>\n<p> <img src=\"https:\/\/www.europesays.com\/es\/wp-content\/uploads\/2026\/08\/2c86d6c638aa-carilapique.jpg\"   width=\"1024\" height=\"921\" loading=\"lazy\" decoding=\"async\" alt=\"Cari Lapique, con su hija Carla y sus nietos\" fetchpriority=\"auto\" class=\"image ho-image\"\/>\u00a9 cariilapiqueCari Lapique, con su hija Carla y sus nietos<\/p>\n<p id=\"emuVA0_HUtg\" data-wc=\"111\">Asimismo, mantenerse activa profesionalmente es un pilar fundamental en su vida cotidiana: \u00abOcup\u00e1ndome de muchas cosas porque sabes que no puedo estar parada y mucho menos ahora. Lo mejor para m\u00ed es la actividad\u00bb, explicaba. En su entrevista con Informalia remarcaba tambi\u00e9n el valor que le da al trabajo: \u00abMe permite ser independiente, siempre lo he sido\u00bb, aseguraba a\u00a0\u00a1HOLA! \u00a0con cercan\u00eda: \u00abTodo lo que hago me apasiona. Y la parte inmobiliaria, el pan de cada d\u00eda, prefiero que lo haga Carla. Ella se ocupa de todo\u00bb, dedicando hermosas palabras a su hija menor: \u00ab<strong>Se ocupa de m\u00ed much\u00edsimo. De todo lo m\u00edo y de m\u00ed\u2026 Tengo una suerte con ella\u2026<\/strong>\u00ab.<\/p>\n<p> <img src=\"https:\/\/www.europesays.com\/es\/wp-content\/uploads\/2026\/08\/1787496979_674_92b45ab2f3e5-whatsapp-image-2026-08-06-at-163426.jpg\"   width=\"1024\" height=\"997\" loading=\"lazy\" decoding=\"async\" alt=\"Cari Lapique y Carla Goyanes, arropadas por familiares y amigos en la segunda edici\u00f3n del Memorial Carlos Goyanes de P\u00e1del\" fetchpriority=\"auto\" class=\"image ho-image\"\/>\u00a9 Memorial Carlos Goyanes de P\u00e1delCari Lapique y Carla Goyanes, arropadas por familiares y amigos en la segunda edici\u00f3n del Memorial Carlos Goyanes de P\u00e1del<br \/>\nLa uni\u00f3n de los Goyanes-Lapique\u00a0<\/p>\n<p id=\"ey-_mmwkH2v\" data-wc=\"137\">A la hora de gestionar los recuerdos familiares en los rincones donde m\u00e1s felices fueron, Cari se mostr\u00f3 sumamente sincera y pausada con\u00a0Informalia con respecto a sus tiempos emocionales: \u00abV<strong>olver a Marbella a\u00fan me cuesta. Todav\u00eda no me siento con fuerzas y \u00bfpara qu\u00e9 hacer esfuerzos sin necesidad? Todo llega y que sea as\u00ed, poco a poco<\/strong>\u00ab. Esa misma uni\u00f3n y tributo familiar se refleja en proyectos como el Memorial de P\u00e1del en recuerdo de Carlos Goyanes, donde Cari alaba sin reservas el impecable papel organizativo de Carla: \u00abTe aseguro que es Carla quien se encarga de absolutamente todo. Sabes que no soy muy deportista\u00bb, compartiendo con orgullo la vocaci\u00f3n deportiva de las nuevas generaciones: \u00abCarla quiere mantener el recuerdo de su padre vinculado al deporte y adem\u00e1s porque todos los nietos han salido muy deportistas\u00bb.\u00a0<\/p>\n","protected":false},"excerpt":{"rendered":"Cari Lapique ha disfrutado de un plan de lo m\u00e1s reconfortante en la plaza de toros de La&hellip;\n","protected":false},"author":2,"featured_media":726997,"comment_status":"","ping_status":"","sticky":false,"template":"","format":"standard","meta":{"footnotes":""},"categories":[174],"tags":[517,5277,255,146,147,25,24,256,23],"class_list":["post-726996","post","type-post","status-publish","format-standard","has-post-thumbnail","category-famosos","tag-actualidad","tag-cari-lapique","tag-celebrities","tag-entertainment","tag-entretenimiento","tag-es","tag-espana","tag-famosos","tag-spain"],"share_on_mastodon":{"url":"https:\/\/pubeurope.com\/@es\/117145409124685500","error":""},"_links":{"self":[{"href":"https:\/\/www.europesays.com\/es\/wp-json\/wp\/v2\/posts\/726996","targetHints":{"allow":["GET"]}}],"collection":[{"href":"https:\/\/www.europesays.com\/es\/wp-json\/wp\/v2\/posts"}],"about":[{"href":"https:\/\/www.europesays.com\/es\/wp-json\/wp\/v2\/types\/post"}],"author":[{"embeddable":true,"href":"https:\/\/www.europesays.com\/es\/wp-json\/wp\/v2\/users\/2"}],"replies":[{"embeddable":true,"href":"https:\/\/www.europesays.com\/es\/wp-json\/wp\/v2\/comments?post=726996"}],"version-history":[{"count":0,"href":"https:\/\/www.europesays.com\/es\/wp-json\/wp\/v2\/posts\/726996\/revisions"}],"wp:featuredmedia":[{"embeddable":true,"href":"https:\/\/www.europesays.com\/es\/wp-json\/wp\/v2\/media\/726997"}],"wp:attachment":[{"href":"https:\/\/www.europesays.com\/es\/wp-json\/wp\/v2\/media?parent=726996"}],"wp:term":[{"taxonomy":"category","embeddable":true,"href":"https:\/\/www.europesays.com\/es\/wp-json\/wp\/v2\/categories?post=726996"},{"taxonomy":"post_tag","embeddable":true,"href":"https:\/\/www.europesays.com\/es\/wp-json\/wp\/v2\/tags?post=726996"}],"curies":[{"name":"wp","href":"https:\/\/api.w.org\/{rel}","templated":true}]}}