{"id":727026,"date":"2026-08-23T15:19:28","date_gmt":"2026-08-23T15:19:28","guid":{"rendered":"https:\/\/www.europesays.com\/es\/727026\/"},"modified":"2026-08-23T15:19:28","modified_gmt":"2026-08-23T15:19:28","slug":"david-demaria-cantante-y-compositor-cuando-has-conocido-el-abismo-te-das-cuenta-de-que-un-hijo-te-salva","status":"publish","type":"post","link":"https:\/\/www.europesays.com\/es\/727026\/","title":{"rendered":"David DeMar\u00eda, cantante y compositor: \u00abCuando has conocido el abismo, te das cuenta de que un hijo te salva\u00bb"},"content":{"rendered":"<p data-journey-content=\"true\" data-node-id=\"3\" class=\"css-1ood0zq emevuu60\">Ya han pasado tres d\u00e9cadas desde que dej\u00f3 Jerez de la Frontera para triunfar en la m\u00fasica. David DeMar\u00eda se lo ha trabajado duro y tiene m\u00e1s de 300 canciones compuestas y m\u00e1s de un mill\u00f3n de discos vendidos. Acaba de lanzar &#8216;La puerta m\u00e1gica&#8217; donde, sobre todo, habla del devenir. No ha vivido cosas agradables, pero confiesa que es feliz viendo crecer a su hijo Leo, de ocho a\u00f1os.<\/p>\n<p data-journey-content=\"true\" data-node-id=\"9\" class=\"css-1ood0zq emevuu60\"><strong data-node-id=\"9.0\">Disco nuevo, &#8216;La Puerta m\u00e1gica&#8217;, \u00bfpor qu\u00e9 ese t\u00edtulo si no hay una canci\u00f3n con \u00e9l?<\/strong><br data-node-id=\"9.1\"\/>Porque todo el disco es una puerta m\u00e1gica a tus sue\u00f1os, a dejar las cosas en el pasado y a abrir una puerta al devenir por el que tenemos que seguir luchando. Pero cuando termin\u00e9 el disco, se lo dije a mi hijo Leo y coincidi\u00f3 que nos apareci\u00f3 una pel\u00edcula con este t\u00edtulo, nos encant\u00f3 y el ni\u00f1o con ocho a\u00f1os me dijo: &#8216;Se tiene que llamar as\u00ed porque cada canci\u00f3n me hace abrir una puerta m\u00e1gica a cada sue\u00f1o&#8217;. Me sorprendi\u00f3.<\/p>\n<p data-journey-content=\"true\" data-node-id=\"13\" class=\"css-1ood0zq emevuu60\"><strong data-node-id=\"13.0\">Ya te aconseja. Le gusta la m\u00fasica; parece que va a continuar tus pasos.<\/strong><br data-node-id=\"13.1\"\/>Aunque componga sus canciones con su grabadora, a \u00e9l le gusta tocar la bater\u00eda. Est\u00e1 dando clases, as\u00ed que estamos tambi\u00e9n invirtiendo en su educaci\u00f3n musical. Por lo menos de momento tiene la m\u00fasica como hobby.<\/p>\n<p><img draggable=\"true\" alt=\"david demaria\" title=\"David DeMaria\" loading=\"lazy\" width=\"4800\" height=\"7200\" decoding=\"async\" data-nimg=\"1\" style=\"color:transparent;width:100%;height:auto;\"   src=\"https:\/\/www.europesays.com\/es\/wp-content\/uploads\/2026\/08\/b9866d00-c4f1-4b31-ba9e-c6206b7f2a89.jpg\" class=\"css-0 e1ddfba50\"\/><\/p>\n<p data-journey-content=\"true\" data-node-id=\"19\" class=\"css-1ood0zq emevuu60\"><strong data-node-id=\"19.0\">Es un disco de doce canciones, donde hablas de amor, desamor y tambi\u00e9n de la esperanza. \u00bfPor qu\u00e9 esperanza?<\/strong><br data-node-id=\"19.1\"\/>Porque le estamos dejando una sociedad poco prometedora a las nuevas generaciones con tanto conflicto, divisi\u00f3n\u2026 El m\u00fasico, el compositor o aprendiz de poeta siempre tiene que ser un rom\u00e1ntico de la esperanza, que mueve monta\u00f1as. Yo, mi esperanza es seguir pagando la educaci\u00f3n de mi hijo y seguir trabajando como m\u00fasico.<\/p>\n<p data-journey-content=\"true\" data-node-id=\"23\" class=\"css-1ood0zq emevuu60\"><strong data-node-id=\"23.0\">\u00bfTe sientes un privilegiado por trabajar en lo que siempre te ha apasionado?<\/strong><br data-node-id=\"23.1\"\/>Soy un currante de la m\u00fasica y soy un privilegiado porque vivo de lo que me gusta hacer, pero no sin dificultades. A m\u00ed la pandemia, un divorcio, dos a\u00f1os sin trabajar, los gastos que se multiplican por cuatro\u2026 te hacen ser un currante. Yo con este disco he tenido que hipotecar lo que ten\u00eda, para por lo menos no perder. Yo me conformo con lo que tengo.<\/p>\n<p data-journey-content=\"true\" data-node-id=\"27\" class=\"css-1ood0zq emevuu60\"><strong data-node-id=\"27.0\">\u00bfNunca has querido ser una estrella?<\/strong><br data-node-id=\"27.1\"\/>Por miedo a estrellarme. Si no tienes sue\u00f1os, no tiene sentido que te dediques a algo tan pasional. Yo empec\u00e9 en los noventa y claro que he so\u00f1ado. Yo siempre tuve un alma muy de grupo, porque era el cantante y compositor de mi grupo del instituto; por eso, m\u00e1s que una estrella, me siento m\u00e1s como disc\u00edpulo de Manuel Alejandro u otros grandes compositores.<\/p>\n<p><img draggable=\"true\" alt=\"david demaria\" title=\"David DeMaria\" loading=\"lazy\" width=\"4800\" height=\"7200\" decoding=\"async\" data-nimg=\"1\" style=\"color:transparent;width:100%;height:auto;\"   src=\"https:\/\/www.europesays.com\/es\/wp-content\/uploads\/2026\/08\/72e5adcf-10d2-4996-9cf7-67a8b9dadc10.jpg\" class=\"css-0 e1ddfba50\"\/>Beatriz VelascoDavid viste camisa de <a href=\"https:\/\/go.redirectingat.com?id=86370X1538915&amp;url=https%3A%2F%2Fwww.levi.com%2FES%2Fes_ES%2F\" target=\"_blank\" rel=\"nofollow noopener\" data-vars-ga-outbound-link=\"https:\/\/www.levi.com\/ES\/es_ES\/\" data-vars-ga-ux-element=\"Hyperlink\" data-vars-ga-call-to-action=\"Levi\u2019s\" data-vars-ga-product-id=\"344a4589-cf93-4078-be95-7e7faaa70958\" data-href=\"https:\/\/www.levi.com\/ES\/es_ES\/\" data-product-url=\"https:\/\/www.levi.com\/ES\/es_ES\/\" data-affiliate=\"true\" data-affiliate-url=\"https:\/\/go.redirectingat.com?id=86370X1538915&amp;url=https%3A%2F%2Fwww.levi.com%2FES%2Fes_ES%2F\" data-affiliate-network=\"{&quot;site_id&quot;:&quot;b22e688a-7e22-416b-81d8-c6bfbd6717c5&quot;,&quot;network&quot;:{&quot;name&quot;:&quot;&quot;}}\" data-fp-affiliate-inline-link=\"true\" data-fp-affiliate-button-link=\"false\" data-vars-ga-product-brand=\"levi.com\" data-vars-ga-product-retailer-id=\"7a34c4d7-aa0a-44c3-84f5-f0bcd0d24d4d\" data-vars-ga-product-sem3-brand=\"levi.com\" data-vars-ga-link-treatment=\"(not set) | (not set)\" class=\"body-link product-links css-1v1lrc0 e1aq0z090\">Levi\u2019s<\/a>, 85 \u20ac; camiseta de <a href=\"https:\/\/www.silbonshop.com\/\" target=\"_blank\" rel=\"nofollow noopener\" data-vars-ga-outbound-link=\"https:\/\/www.silbonshop.com\/\" data-vars-ga-ux-element=\"Hyperlink\" data-vars-ga-call-to-action=\"Silbon\" class=\"body-link css-1v1lrc0 emevuu60\">Silbon<\/a>, 30 \u20ac; y pantalones de <a href=\"https:\/\/www.sfera.com\/es\/\" target=\"_blank\" rel=\"nofollow noopener\" data-vars-ga-outbound-link=\"https:\/\/www.sfera.com\/es\/\" data-vars-ga-ux-element=\"Hyperlink\" data-vars-ga-call-to-action=\"Sfera\" class=\"body-link css-1v1lrc0 emevuu60\">Sfera<\/a>, 25,99 \u20ac.David DeMar\u00eda reconoce que no haber formado una familia ha sido su gran \u00abdecepci\u00f3n\u00bb<\/p>\n<p data-journey-content=\"true\" data-node-id=\"33\" class=\"css-1ood0zq emevuu60\"><strong data-node-id=\"33.0\">Has participado en la composici\u00f3n de musicales como &#8216;Alad\u00edn&#8217;. \u00bfTe han propuesto ser actor de musicales?<\/strong><br data-node-id=\"33.1\"\/>Hubo alguna propuesta con el \u00e9xito de &#8216;Barcos de papel&#8217;. Con mi edad estoy dispuesto a ver cualquier papel, pero a m\u00ed me encanta seguir viviendo de mis conciertos y visitar cada rinc\u00f3n de Espa\u00f1a. Es bonito que me recuerden por cualquier canci\u00f3n, aunque se viva en un perfil m\u00e1s bajo. Yo aprend\u00ed que la decepci\u00f3n me hiciera separarme de la ambici\u00f3n. Hay que buscar el lado positivo de las decepciones.<\/p>\n<p data-journey-content=\"true\" data-node-id=\"37\" class=\"css-1ood0zq emevuu60\"><strong data-node-id=\"37.0\">Eso est\u00e1 bien.<\/strong><br data-node-id=\"37.1\"\/>A lo mejor hace cinco a\u00f1os, estamos hablando de esto e igual estaba metido en un pozo. Hay que aprender a superar las decepciones. Eso es lo importante.<\/p>\n<p data-journey-content=\"true\" data-node-id=\"41\" class=\"css-1ood0zq emevuu60\"><strong data-node-id=\"41.0\">A ti, ser padre te ha cambiado por completo.<\/strong><br data-node-id=\"41.1\"\/>Por supuesto. Yo quiero vivir la crianza de un hijo y no quiero que el cauce del mundo folcl\u00f3rico me lleve a la destrucci\u00f3n. Cuando has conocido esos abismos, te das cuenta de que un hijo te salva.<\/p>\n<p data-journey-content=\"true\" data-node-id=\"45\" class=\"css-1ood0zq emevuu60\"><strong data-node-id=\"45.0\">\u00bfHa sido una decepci\u00f3n para ti no haber podido formar una familia?<\/strong><br data-node-id=\"45.1\"\/>Hasta hoy en d\u00eda ha sido la mayor de todas. Por eso me ha costado tantos a\u00f1os superarlo. Cuando tienes un proyecto y naufragas de la noche a la ma\u00f1ana, es muy duro. Yo le deseo lo mejor a la madre de mi hijo.<\/p>\n<p><img draggable=\"true\" alt=\"david demaria\" title=\"David DeMaria\" loading=\"lazy\" width=\"4800\" height=\"7200\" decoding=\"async\" data-nimg=\"1\" style=\"color:transparent;width:100%;height:auto;\"   src=\"https:\/\/www.europesays.com\/es\/wp-content\/uploads\/2026\/08\/1f93093d-1732-4fa4-bb3c-cf962e505eba.jpg\" class=\"css-0 e1ddfba50\"\/>Beatriz VelascoEl cantante luce una camisa, 70 \u20ac, y cintur\u00f3n, 45,95, ambos de <a href=\"https:\/\/www.silbonshop.com\/\" target=\"_blank\" rel=\"nofollow noopener\" data-vars-ga-outbound-link=\"https:\/\/www.silbonshop.com\/\" data-vars-ga-ux-element=\"Hyperlink\" data-vars-ga-call-to-action=\"Silbon\" class=\"body-link css-1v1lrc0 emevuu60\">Silbon<\/a>; camiseta de <a href=\"https:\/\/www.abanderado.es\/\" target=\"_blank\" rel=\"nofollow noopener\" data-vars-ga-outbound-link=\"https:\/\/www.abanderado.es\/\" data-vars-ga-ux-element=\"Hyperlink\" data-vars-ga-call-to-action=\"Abanderado\" class=\"body-link css-1v1lrc0 emevuu60\">Abanderado<\/a>, 21,90 \u20ac; pantal\u00f3n de <a href=\"https:\/\/go.redirectingat.com?id=86370X1538915&amp;url=https%3A%2F%2Fwww.hugoboss.com%2Fes%2Fhome\" target=\"_blank\" rel=\"nofollow noopener\" data-vars-ga-outbound-link=\"https:\/\/www.hugoboss.com\/es\/home\" data-vars-ga-ux-element=\"Hyperlink\" data-vars-ga-call-to-action=\"Hugo Boss\" data-vars-ga-product-id=\"5965837a-b836-4c03-9c36-f96062aff6db\" data-href=\"https:\/\/www.hugoboss.com\/es\/home\" data-product-url=\"https:\/\/www.hugoboss.com\/es\/home\" data-affiliate=\"true\" data-affiliate-url=\"https:\/\/go.redirectingat.com?id=86370X1538915&amp;url=https%3A%2F%2Fwww.hugoboss.com%2Fes%2Fhome\" data-affiliate-network=\"{&quot;site_id&quot;:&quot;b22e688a-7e22-416b-81d8-c6bfbd6717c5&quot;,&quot;network&quot;:{&quot;name&quot;:&quot;&quot;}}\" data-fp-affiliate-inline-link=\"true\" data-fp-affiliate-button-link=\"false\" data-vars-ga-product-brand=\"Disfrute de hasta un 40\u00a0% de descuento en categor\u00edas nuevas todos los d\u00edas hasta que d\u00e9 inicio el evento\" data-vars-ga-product-price=\"28,11\u00a0$\" data-vars-ga-product-retailer-id=\"8f7c68b3-dd3e-4108-b334-4a3b648636c4\" data-vars-ga-product-sem3-brand=\"Disfrute de hasta un 40\u00a0% de descuento en categor\u00edas nuevas todos los d\u00edas hasta que d\u00e9 inicio el evento\" data-vars-ga-link-treatment=\"(not set) | (not set)\" class=\"body-link product-links css-1v1lrc0 e1aq0z090\">Hugo Boss<\/a>, 104 \u20ac, y zapatillas de <a href=\"https:\/\/heydudeshoes.es\/\" target=\"_blank\" rel=\"nofollow noopener\" data-vars-ga-outbound-link=\"https:\/\/heydudeshoes.es\/\" data-vars-ga-ux-element=\"Hyperlink\" data-vars-ga-call-to-action=\"Heydude\" class=\"body-link css-1v1lrc0 emevuu60\">Heydude<\/a>, 69,95 \u20ac.<\/p>\n<p data-journey-content=\"true\" data-node-id=\"50\" class=\"css-1ood0zq emevuu60\"><strong data-node-id=\"50.0\">\u00bfSigues so\u00f1ando con encontrar el amor verdadero de una pareja?<\/strong><br data-node-id=\"50.1\"\/>\u00bfQuieres que sea sincero? Claro. Hablando claro: Me he retirado del mercado. Ahora, estoy disfrutando de la m\u00fasica y de mi vida con Leo. No quiero ni comprometer la vida de nadie ni me la quiero comprometer yo. Yo veo a gente que cambia de pareja como de coche, y yo ya no estoy con eso para la edad que tengo. Ahora, estoy en una soledad elegida.<\/p>\n<p data-journey-content=\"true\" data-node-id=\"54\" class=\"css-1ood0zq emevuu60\"><strong data-node-id=\"54.0\">Hay artistas como Amaia Montero o Dani Mart\u00edn que decidieron retirarse un tiempo, \u00bft\u00fa te has podido permitir eso?<\/strong><br data-node-id=\"54.1\"\/>Cuando me lo pude permitir, me dio por montar un caf\u00e9 teatro en mi tierra, pero me fue tan mal que no pude parar nunca m\u00e1s. Yo necesito seguir trabajando, porque tengo que seguir pagando mis gastos, que en este pa\u00eds no son pocos. A los aut\u00f3nomos nos tienen machacados.<\/p>\n<p><img draggable=\"true\" alt=\"david demaria\" title=\"David DeMaria\" loading=\"lazy\" width=\"4800\" height=\"7200\" decoding=\"async\" data-nimg=\"1\" style=\"color:transparent;width:100%;height:auto;\"   src=\"https:\/\/www.europesays.com\/es\/wp-content\/uploads\/2026\/08\/41bd0e89-ca55-4d69-ba47-9415080266de.jpg\" class=\"css-0 e1ddfba50\"\/>Beatriz VelascoDavid lleva un polo de <a href=\"https:\/\/www.zara.com\/\" target=\"_blank\" rel=\"nofollow noopener\" data-vars-ga-outbound-link=\"https:\/\/www.zara.com\/\" data-vars-ga-ux-element=\"Hyperlink\" data-vars-ga-call-to-action=\"Zara\" data-vars-ga-product-id=\"570b2349-5407-43a5-a71d-d02af3b659b3\" data-href=\"https:\/\/www.zara.com\/\" data-product-url=\"https:\/\/www.zara.com\/\" data-affiliate=\"false\" data-affiliate-network=\"\" data-fp-affiliate-inline-link=\"false\" data-fp-affiliate-button-link=\"false\" data-vars-ga-product-price=\"0,00\u00a0$\" data-vars-ga-product-retailer-id=\"cad58db4-89e0-4ca3-a043-b30c181b70ee\" data-vars-ga-link-treatment=\"(not set) | (not set)\" class=\"body-link product-links css-1v1lrc0 e1aq0z090\" data->Zara<\/a>, 35,95 \u20ac; pantal\u00f3n de <a href=\"https:\/\/es.dockers.com\/\" target=\"_blank\" rel=\"nofollow noopener\" data-vars-ga-outbound-link=\"https:\/\/es.dockers.com\/\" data-vars-ga-ux-element=\"Hyperlink\" data-vars-ga-call-to-action=\"Dockers\" class=\"body-link css-1v1lrc0 emevuu60\">Dockers<\/a>, 109 \u20ac, y zapatillas de <a href=\"https:\/\/calzadospitillos.com\/\" target=\"_blank\" rel=\"nofollow noopener\" data-vars-ga-outbound-link=\"https:\/\/calzadospitillos.com\/\" data-vars-ga-ux-element=\"Hyperlink\" data-vars-ga-call-to-action=\"Pitillos\" class=\"body-link css-1v1lrc0 emevuu60\">Pitillos<\/a>, 94,95 \u20ac.David DeMar\u00eda sobre Chenoa: \u00abTenemos buena relaci\u00f3n\u00bb<\/p>\n<p data-journey-content=\"true\" data-node-id=\"60\" class=\"css-1ood0zq emevuu60\"><strong data-node-id=\"60.0\">En este disco hay una colaboraci\u00f3n con Chenoa.<\/strong><br data-node-id=\"60.1\"\/>S\u00ed, casi quince a\u00f1os despu\u00e9s. Nosotros nunca hemos perdido el contacto. Tenemos muy buena relaci\u00f3n; es una gran amiga. Solo tengo palabras buenas hacia ella.<\/p>\n<p data-journey-content=\"true\" data-node-id=\"64\" class=\"css-1ood0zq emevuu60\"><strong data-node-id=\"64.0\">Hablas de amistad. \u00bfSe llega a tener amigos en este mundo folcl\u00f3rico?<\/strong><br data-node-id=\"64.1\"\/>S\u00ed, se pueden tener bonitas amistades, pero tambi\u00e9n demasiados conocidos.<br data-node-id=\"64.3\"\/><\/p>\n<p data-journey-content=\"true\" data-node-id=\"68\" class=\"css-1ood0zq emevuu60\"><strong data-node-id=\"68.0\">Ahora te vas al sur con tu gente. \u00bfEchas de menos tener a tu familia cerca?<\/strong><br data-node-id=\"68.1\"\/>Pues s\u00ed, pero ahora con las nuevas tecnolog\u00edas es m\u00e1s f\u00e1cil esa distancia. Yo me acuerdo hace ya treinta a\u00f1os cuando me vine a Madrid; era m\u00e1s duro y lloraba mucho por estar solo.<\/p>\n<p data-journey-content=\"true\" data-node-id=\"72\" class=\"css-1ood0zq emevuu60\"><strong data-node-id=\"72.0\">\u00bfLlorabas mucho?<\/strong><br data-node-id=\"72.1\"\/>S\u00ed, pero no quiero quedar como un llor\u00f3n. Pero te dir\u00e9 que para escribir, los hombres tambi\u00e9n tienen que romper a llorar.<\/p>\n<p><img draggable=\"true\" alt=\"david demaria\" title=\"David DeMaria\" loading=\"lazy\" width=\"4800\" height=\"7200\" decoding=\"async\" data-nimg=\"1\" style=\"color:transparent;width:100%;height:auto;\"   src=\"https:\/\/www.europesays.com\/es\/wp-content\/uploads\/2026\/08\/38f9de60-c99f-4f9f-811c-14a49aed26e7.jpg\" class=\"css-0 e1ddfba50\"\/>Beatriz VelascoDavid lleva una camiseta de <a href=\"https:\/\/www.zara.com\/\" target=\"_blank\" rel=\"nofollow noopener\" data-vars-ga-outbound-link=\"https:\/\/www.zara.com\/\" data-vars-ga-ux-element=\"Hyperlink\" data-vars-ga-call-to-action=\"Zara\" data-vars-ga-product-id=\"570b2349-5407-43a5-a71d-d02af3b659b3\" data-href=\"https:\/\/www.zara.com\/\" data-product-url=\"https:\/\/www.zara.com\/\" data-affiliate=\"false\" data-affiliate-network=\"\" data-fp-affiliate-inline-link=\"false\" data-fp-affiliate-button-link=\"false\" data-vars-ga-product-price=\"0,00\u00a0$\" data-vars-ga-product-retailer-id=\"cad58db4-89e0-4ca3-a043-b30c181b70ee\" data-vars-ga-link-treatment=\"(not set) | (not set)\" class=\"body-link product-links css-1v1lrc0 e1aq0z090\" data->Zara<\/a>, 29,95 \u20ac; y unos pantalones de <a href=\"https:\/\/go.redirectingat.com?id=86370X1538915&amp;url=https%3A%2F%2Fwww.levi.com%2FES%2Fes_ES%2F\" target=\"_blank\" rel=\"nofollow noopener\" data-vars-ga-outbound-link=\"https:\/\/www.levi.com\/ES\/es_ES\/\" data-vars-ga-ux-element=\"Hyperlink\" data-vars-ga-call-to-action=\"Levi\u2019s\" data-vars-ga-product-id=\"344a4589-cf93-4078-be95-7e7faaa70958\" data-href=\"https:\/\/www.levi.com\/ES\/es_ES\/\" data-product-url=\"https:\/\/www.levi.com\/ES\/es_ES\/\" data-affiliate=\"true\" data-affiliate-url=\"https:\/\/go.redirectingat.com?id=86370X1538915&amp;url=https%3A%2F%2Fwww.levi.com%2FES%2Fes_ES%2F\" data-affiliate-network=\"{&quot;site_id&quot;:&quot;b22e688a-7e22-416b-81d8-c6bfbd6717c5&quot;,&quot;network&quot;:{&quot;name&quot;:&quot;&quot;}}\" data-fp-affiliate-inline-link=\"true\" data-fp-affiliate-button-link=\"false\" data-vars-ga-product-brand=\"levi.com\" data-vars-ga-product-retailer-id=\"7a34c4d7-aa0a-44c3-84f5-f0bcd0d24d4d\" data-vars-ga-product-sem3-brand=\"levi.com\" data-vars-ga-link-treatment=\"(not set) | (not set)\" class=\"body-link product-links css-1v1lrc0 e1aq0z090\">Levi\u2019s<\/a>, 110 \u20ac.<\/p>\n<p data-journey-content=\"true\" data-node-id=\"77\" class=\"css-1ood0zq emevuu60\"><strong data-node-id=\"77.0\">Por cierto, has mencionado las nuevas tecnolog\u00edas. \u00bfTe influye la IA?<\/strong><br data-node-id=\"77.1\"\/>Como compositor y como m\u00fasico me influye porque las sociedades generales de autores de todo el mundo est\u00e1n luchando por derechos que nos pertenecen. Estoy en plena batalla para que eso se regularice, porque hay un vac\u00edo legal muy grande, porque la IA est\u00e1 robando las canciones compuestas en el \u00faltimo siglo. Estoy preocupado. Ahora, estamos viendo ganar combates de boxeo a gente que no son deportistas o comunicadores que no lo son. Estamos en un mundo de locos. Por eso te digo que vemos a gente que con la IA en cinco minutos tenga una canci\u00f3n. Si fuera para uso personal, la IA es fant\u00e1stica, pero cuando se comercializa con ella, se est\u00e1 dejando tirado a todo un sistema. En el cine pasa lo mismo.<\/p>\n<p data-journey-content=\"true\" data-node-id=\"81\" class=\"css-1ood0zq emevuu60\"><strong data-node-id=\"81.0\">Si no hubieras sido m\u00fasico, \u00bfa qu\u00e9 te dedicar\u00edas?<\/strong><br data-node-id=\"81.1\"\/>Yo creo que hubiera sido un buen profesor de poes\u00eda o filosof\u00eda. Hubiese elegido algo cercano al aprendizaje. <\/p>\n<p>Cita con David DeMar\u00eda en el restaurante SLVJ Vel\u00e1zquez<img draggable=\"true\" alt=\"restaurante slvj velazquez\" title=\"Restaurante SLVJ Velazquez\" loading=\"lazy\" width=\"4800\" height=\"3200\" decoding=\"async\" data-nimg=\"1\" style=\"color:transparent;width:100%;height:auto;\"   src=\"https:\/\/www.europesays.com\/es\/wp-content\/uploads\/2026\/08\/bbb97e4b-c4f7-4aa8-af26-dedd5f78bf24.jpg\" class=\"css-0 e1ddfba50\"\/><\/p>\n<p>Beatriz Velasco<\/p>\n<p data-journey-content=\"true\" data-node-id=\"87\" class=\"css-1ood0zq emevuu60\">Quedamos con David en uno de los lugares de moda de la capital, SLVJ Vel\u00e1zquez, donde se puede descubrir la gastronom\u00eda japonesa de autor, que fusiona lo tradicional y el dise\u00f1o de calidad. El restaurante, ubicado en pleno barrio de Salamanca de Madrid, cuenta con varios espacios y de reservado para tener intimidad.<\/p>\n<p>Los secretos al descubierto de David DeMar\u00eda<img draggable=\"true\" alt=\"david demaria\" title=\"David DeMaria\" loading=\"lazy\" width=\"4800\" height=\"3200\" decoding=\"async\" data-nimg=\"1\" style=\"color:transparent;width:100%;height:auto;\"   src=\"https:\/\/www.europesays.com\/es\/wp-content\/uploads\/2026\/08\/05110bcc-c6e5-46e1-897d-6bb3e8cc4969.jpg\" class=\"css-0 e1ddfba50\"\/><\/p>\n<p>Beatriz Velasco<\/p>\n<p data-journey-content=\"true\" data-node-id=\"93\" class=\"css-1ood0zq emevuu60\"><strong data-node-id=\"93.0\">Antes de irme a la cama\u2026<\/strong> Me aseo muy bien, me echo crema hidratante y me lavo los dientes.<strong data-node-id=\"93.2\"><br data-node-id=\"93.2.0\"\/>Mi perfume\u2026<\/strong> &#8216;One&#8217;, de Paco Rabanne.<strong data-node-id=\"93.4\"><br data-node-id=\"93.4.0\"\/>Mi producto de belleza ideal\u2026<\/strong> El agua.<strong data-node-id=\"93.6\"><br data-node-id=\"93.6.0\"\/>Dieta\u2026<\/strong> Comer lo que te guste en peque\u00f1as cantidades.<strong data-node-id=\"93.8\"><br data-node-id=\"93.8.0\"\/>Ejercicio\u2026 <\/strong>El escenario me mantiene en forma. Tambi\u00e9n juego con mi hijo al f\u00fatbol y me gusta nadar cuando puedo.<strong data-node-id=\"93.10\"><br data-node-id=\"93.10.0\"\/>En mi neceser de viaje nunca falta\u2026<\/strong> Antiinflamatorio para la garganta.<\/p>\n<p>Los productos de belleza favoritos de Pablo Cerd\u00e1nMARTIDERM Crema con protecci\u00f3n solar<a target=\"_blank\" rel=\"nofollow noopener\" data-theme-key=\"product-image-wrapper\" href=\"https:\/\/www.amazon.es\/dp\/B07T2KPMNM?tag=diezminutosspain-21\" aria-label=\"23\u00a0\u20ac en Amazon for Crema con protecci\u00f3n solar\" data-href=\"https:\/\/www.amazon.es\/dp\/B07T2KPMNM\" data-product-url=\"https:\/\/www.amazon.es\/dp\/B07T2KPMNM\" data-affiliate=\"true\" data-affiliate-url=\"https:\/\/www.amazon.es\/dp\/B07T2KPMNM?tag=diezminutosspain-21\" data-affiliate-network=\"{&quot;site_id&quot;:&quot;b22e688a-7e22-416b-81d8-c6bfbd6717c5&quot;,&quot;network&quot;:{&quot;name&quot;:&quot;Amazon&quot;},&quot;metadata&quot;:{&quot;links&quot;:{&quot;default&quot;:&quot;https:\/\/www.amazon.es\/dp\/B07T2KPMNM?tag=diezminutosspain-21&quot;}}}\" data-fp-affiliate-inline-link=\"true\" data-fp-affiliate-button-link=\"false\" data-vars-ga-call-to-action=\"23\u00a0\u20ac en Amazon\" data-vars-ga-media-role=\"\" data-vars-ga-media-type=\"Single Product Embed\" data-vars-ga-outbound-link=\"https:\/\/www.amazon.es\/dp\/B07T2KPMNM\" data-vars-ga-product-brand=\"MARTIDERM\" data-vars-ga-product-id=\"c454a21b-fa5d-4438-a5de-c87897676ce2\" data-vars-ga-product-price=\"23,27\u00a0\u20ac\" data-vars-ga-product-retailer-id=\"4d89d117-34d9-4dbd-bf95-ec8c80902387\" data-vars-ga-product-sem3-brand=\"MARTIDERM\" data-vars-ga-link-treatment=\"sale | (not set)\" data-vars-ga-sku=\"B07T2KPMNM\" data-vars-ga-magento-tracking=\"1\" class=\"product-image-link ebgq4gw7 e12px3ys0 css-1b9n4r1 e1socmtw0\"><img  alt=\"Crema con protecci\u00f3n solar\" title=\"Crema con protecci\u00f3n solar\" data-fp-product-image=\"true\" datafptag=\"data-fp-product-image\" src=\"https:\/\/www.europesays.com\/es\/wp-content\/uploads\/2026\/08\/1683816090-71BeFXZkhDL.jpg\" width=\"1500\" height=\"1500\" decoding=\"async\" loading=\"lazy\"\/><\/a>MARTIDERM Crema con protecci\u00f3n solar<\/p>\n<p>Ahora 26% de descuento<\/p>\n<p>Cr\u00e9dito: AmazonMARTIDERM Contorno de ojos<a target=\"_blank\" rel=\"nofollow noopener\" data-theme-key=\"product-image-wrapper\" href=\"https:\/\/www.amazon.es\/dp\/B08L5WB6NX?tag=diezminutosspain-21\" aria-label=\"39\u00a0\u20ac en Amazon for Contorno de ojos\" data-href=\"https:\/\/www.amazon.es\/dp\/B08L5WB6NX\" data-product-url=\"https:\/\/www.amazon.es\/dp\/B08L5WB6NX\" data-affiliate=\"true\" data-affiliate-url=\"https:\/\/www.amazon.es\/dp\/B08L5WB6NX?tag=diezminutosspain-21\" data-affiliate-network=\"{&quot;site_id&quot;:&quot;b22e688a-7e22-416b-81d8-c6bfbd6717c5&quot;,&quot;network&quot;:{&quot;name&quot;:&quot;Amazon&quot;},&quot;metadata&quot;:{&quot;links&quot;:{&quot;default&quot;:&quot;https:\/\/www.amazon.es\/dp\/B08L5WB6NX?tag=diezminutosspain-21&quot;}}}\" data-fp-affiliate-inline-link=\"true\" data-fp-affiliate-button-link=\"false\" data-vars-ga-call-to-action=\"39\u00a0\u20ac en Amazon\" data-vars-ga-media-role=\"\" data-vars-ga-media-type=\"Single Product Embed\" data-vars-ga-outbound-link=\"https:\/\/www.amazon.es\/dp\/B08L5WB6NX\" data-vars-ga-product-brand=\"MARTIDERM\" data-vars-ga-product-id=\"2a296b3b-c9bd-4117-9f05-0079426aa865\" data-vars-ga-product-price=\"39,31\u00a0\u20ac\" data-vars-ga-product-retailer-id=\"c7426657-0fa6-4e25-ad60-6b98ae4ed6f9\" data-vars-ga-product-sem3-brand=\"MARTIDERM\" data-vars-ga-link-treatment=\"(not set) | (not set)\" data-vars-ga-sku=\"B08L5WB6NX\" data-vars-ga-magento-tracking=\"1\" class=\"product-image-link ebgq4gw7 e12px3ys0 css-1b9n4r1 e1socmtw0\"><img  alt=\"Contorno de ojos\" title=\"Contorno de ojos\" data-fp-product-image=\"true\" datafptag=\"data-fp-product-image\" src=\"https:\/\/www.europesays.com\/es\/wp-content\/uploads\/2026\/08\/1705669518-51wYpg3A6SS.jpg\" width=\"1500\" height=\"1500\" decoding=\"async\" loading=\"lazy\"\/><\/a>MARTIDERM Contorno de ojosCr\u00e9dito: Amazon<a target=\"_blank\" rel=\"nofollow noopener\" data-theme-key=\"product-image-wrapper\" href=\"https:\/\/www.rituals.com\/es-es\/homme-face-cleansing-foam-150ml-1120296.html\" aria-label=\"16\u00a0\u20ac en rituals for Limpiador facial\" data-href=\"https:\/\/www.rituals.com\/es-es\/homme-face-cleansing-foam-150ml-1120296.html\" data-product-url=\"https:\/\/www.rituals.com\/es-es\/homme-face-cleansing-foam-150ml-1120296.html\" data-affiliate=\"false\" data-affiliate-network=\"\" data-fp-affiliate-inline-link=\"false\" data-fp-affiliate-button-link=\"false\" data-vars-ga-call-to-action=\"16\u00a0\u20ac en rituals\" data-vars-ga-media-role=\"\" data-vars-ga-media-type=\"Single Product Embed\" data-vars-ga-outbound-link=\"https:\/\/www.rituals.com\/es-es\/homme-face-cleansing-foam-150ml-1120296.html\" data-vars-ga-product-brand=\"Rituals\" data-vars-ga-product-id=\"e2e704d7-6686-42f9-96ea-d8ad11f1895e\" data-vars-ga-product-price=\"15,90\u00a0\u20ac\" data-vars-ga-product-retailer-id=\"10f1ac7d-e7cb-46c2-960b-6ce65c368fa4\" data-vars-ga-product-sem3-brand=\"Rituals\" data-vars-ga-link-treatment=\"(not set) | (not set)\" class=\"product-image-link ebgq4gw7 e12px3ys0 css-1b9n4r1 e1socmtw0\" data-><img  alt=\"Limpiador facial\" title=\"Limpiador facial\" data-fp-product-image=\"true\" datafptag=\"data-fp-product-image\" src=\"https:\/\/www.europesays.com\/es\/wp-content\/uploads\/2026\/08\/1787300050-53b1847a-6f46-46a0-85d4-d0df0bbf0713.jpg\" width=\"1536\" height=\"1392\" decoding=\"async\" loading=\"lazy\"\/><\/a>Rituals Exfoliante y mascarilla<a target=\"_blank\" rel=\"nofollow noopener\" data-theme-key=\"product-image-wrapper\" href=\"https:\/\/www.rituals.com\/es-es\/homme-2-in-1-charcoal-face-mask-scrub-125ml-1120295.html\" aria-label=\"16\u00a0\u20ac en rituals for Exfoliante y mascarilla\" data-href=\"https:\/\/www.rituals.com\/es-es\/homme-2-in-1-charcoal-face-mask-scrub-125ml-1120295.html\" data-product-url=\"https:\/\/www.rituals.com\/es-es\/homme-2-in-1-charcoal-face-mask-scrub-125ml-1120295.html\" data-affiliate=\"false\" data-affiliate-network=\"\" data-fp-affiliate-inline-link=\"false\" data-fp-affiliate-button-link=\"false\" data-vars-ga-call-to-action=\"16\u00a0\u20ac en rituals\" data-vars-ga-media-role=\"\" data-vars-ga-media-type=\"Single Product Embed\" data-vars-ga-outbound-link=\"https:\/\/www.rituals.com\/es-es\/homme-2-in-1-charcoal-face-mask-scrub-125ml-1120295.html\" data-vars-ga-product-brand=\"Rituals\" data-vars-ga-product-id=\"1ec4efad-2051-4e3e-9ced-7405e8e38d06\" data-vars-ga-product-price=\"15,90\u00a0\u20ac\" data-vars-ga-product-retailer-id=\"2f7dbf27-7209-4d78-8dbe-8979c7dfe1d1\" data-vars-ga-product-sem3-brand=\"Rituals\" data-vars-ga-link-treatment=\"(not set) | (not set)\" class=\"product-image-link ebgq4gw7 e12px3ys0 css-1b9n4r1 e1socmtw0\" data-><img  alt=\"Exfoliante y mascarilla\" title=\"Exfoliante y mascarilla\" data-fp-product-image=\"true\" datafptag=\"data-fp-product-image\" src=\"https:\/\/www.europesays.com\/es\/wp-content\/uploads\/2026\/08\/1787300231-587953e3-9ff4-497a-ba0e-88e40e64a19f.jpg\" width=\"1536\" height=\"1392\" decoding=\"async\" loading=\"lazy\"\/><\/a>Rituals Exfoliante y mascarillaCr\u00e9dito: RitualsSilvia Oliete S\u00e9rum iluminador<a target=\"_blank\" rel=\"nofollow noopener\" data-theme-key=\"product-image-wrapper\" href=\"https:\/\/silviaoliete.com\/#productos\" aria-label=\"115\u00a0\u20ac en silviaoliete for S\u00e9rum iluminador\" data-href=\"https:\/\/silviaoliete.com\/#productos\" data-product-url=\"https:\/\/silviaoliete.com\/#productos\" data-affiliate=\"false\" data-affiliate-network=\"\" data-fp-affiliate-inline-link=\"false\" data-fp-affiliate-button-link=\"false\" data-vars-ga-call-to-action=\"115\u00a0\u20ac en silviaoliete\" data-vars-ga-media-role=\"\" data-vars-ga-media-type=\"Single Product Embed\" data-vars-ga-outbound-link=\"https:\/\/silviaoliete.com\/#productos\" data-vars-ga-product-brand=\"Silvia Oliete\" data-vars-ga-product-id=\"683b34a2-c920-4f95-ba4f-0839779e908b\" data-vars-ga-product-price=\"115,00\u00a0\u20ac\" data-vars-ga-product-retailer-id=\"52c0296b-41e6-4d5a-a50d-88d1b0f3b1b1\" data-vars-ga-product-sem3-brand=\"Silvia Oliete\" data-vars-ga-link-treatment=\"(not set) | (not set)\" class=\"product-image-link ebgq4gw7 e12px3ys0 css-1b9n4r1 e1socmtw0\" data-><img  alt=\"S\u00e9rum iluminador\" title=\"S\u00e9rum iluminador\" data-fp-product-image=\"true\" datafptag=\"data-fp-product-image\" src=\"https:\/\/www.europesays.com\/es\/wp-content\/uploads\/2026\/08\/1787300456-6c0a97bd-446b-490c-8529-78e74308c6bc.jpg\" width=\"1200\" height=\"1200\" decoding=\"async\" loading=\"lazy\"\/><\/a>Silvia Oliete S\u00e9rum iluminadorCr\u00e9dito: Silvia OlieteDavid DeMar\u00eda con el equipo de DIEZ MINUTOS<img draggable=\"true\" alt=\"david demaria\" title=\"David DeMaria\" loading=\"lazy\" width=\"4800\" height=\"3200\" decoding=\"async\" data-nimg=\"1\" style=\"color:transparent;width:100%;height:auto;\"   src=\"https:\/\/www.europesays.com\/es\/wp-content\/uploads\/2026\/08\/64f65245-92b0-4f3b-804e-1e4d32456be3.jpg\" class=\"css-0 e1ddfba50\"\/><\/p>\n<p>Beatriz Velasco<\/p>\n<p data-journey-content=\"true\" data-node-id=\"105\" class=\"body-tip css-1q07r7p emevuu60\"><strong data-node-id=\"105.0.0\">Texto:<\/strong> Daniel I. Carande. <strong data-node-id=\"105.0.2\">Fotos:<\/strong> Beatriz Velasco. <strong data-node-id=\"105.0.4\">Estilismo:<\/strong> Mar\u00eda \u00c1lvarez. <strong data-node-id=\"105.0.6\">Maquillaje y peluquer\u00eda:<\/strong> Pablo Cerd\u00e1n. <strong data-node-id=\"105.0.8\">Agradecimientos:<\/strong> <a href=\"https:\/\/www.madridvelazquez.slvj.es\/es\" target=\"_blank\" rel=\"nofollow noopener\" data-vars-ga-outbound-link=\"https:\/\/www.madridvelazquez.slvj.es\/es\" data-vars-ga-ux-element=\"Hyperlink\" data-vars-ga-call-to-action=\"Restaurante SLVJ Vel\u00e1zquez\" data-node-id=\"105.0.10\" class=\"body-link css-1v1lrc0 emevuu60\">Restaurante SLVJ Vel\u00e1zquez<\/a>. Calle Vel\u00e1zquez, 62, Madrid. Tel\u00e9fono: 911 088 818.<\/p>\n","protected":false},"excerpt":{"rendered":"Ya han pasado tres d\u00e9cadas desde que dej\u00f3 Jerez de la Frontera para triunfar en la m\u00fasica. David&hellip;\n","protected":false},"author":2,"featured_media":727027,"comment_status":"","ping_status":"","sticky":false,"template":"","format":"standard","meta":{"footnotes":""},"categories":[174],"tags":[1655,255,253,146,147,25,24,256,12719,23],"class_list":["post-727026","post","type-post","status-publish","format-standard","has-post-thumbnail","category-famosos","tag-afiliacion","tag-celebrities","tag-discover","tag-entertainment","tag-entretenimiento","tag-es","tag-espana","tag-famosos","tag-print","tag-spain"],"share_on_mastodon":{"url":"https:\/\/pubeurope.com\/@es\/117145501122419846","error":""},"_links":{"self":[{"href":"https:\/\/www.europesays.com\/es\/wp-json\/wp\/v2\/posts\/727026","targetHints":{"allow":["GET"]}}],"collection":[{"href":"https:\/\/www.europesays.com\/es\/wp-json\/wp\/v2\/posts"}],"about":[{"href":"https:\/\/www.europesays.com\/es\/wp-json\/wp\/v2\/types\/post"}],"author":[{"embeddable":true,"href":"https:\/\/www.europesays.com\/es\/wp-json\/wp\/v2\/users\/2"}],"replies":[{"embeddable":true,"href":"https:\/\/www.europesays.com\/es\/wp-json\/wp\/v2\/comments?post=727026"}],"version-history":[{"count":0,"href":"https:\/\/www.europesays.com\/es\/wp-json\/wp\/v2\/posts\/727026\/revisions"}],"wp:featuredmedia":[{"embeddable":true,"href":"https:\/\/www.europesays.com\/es\/wp-json\/wp\/v2\/media\/727027"}],"wp:attachment":[{"href":"https:\/\/www.europesays.com\/es\/wp-json\/wp\/v2\/media?parent=727026"}],"wp:term":[{"taxonomy":"category","embeddable":true,"href":"https:\/\/www.europesays.com\/es\/wp-json\/wp\/v2\/categories?post=727026"},{"taxonomy":"post_tag","embeddable":true,"href":"https:\/\/www.europesays.com\/es\/wp-json\/wp\/v2\/tags?post=727026"}],"curies":[{"name":"wp","href":"https:\/\/api.w.org\/{rel}","templated":true}]}}