{"id":727042,"date":"2026-08-23T15:31:12","date_gmt":"2026-08-23T15:31:12","guid":{"rendered":"https:\/\/www.europesays.com\/es\/727042\/"},"modified":"2026-08-23T15:31:12","modified_gmt":"2026-08-23T15:31:12","slug":"miles-de-personas-cargan-contra-el-gobierno-de-aragon-por-la-gestion-de-los-incendios-eran-prevenibles-y-previsibles","status":"publish","type":"post","link":"https:\/\/www.europesays.com\/es\/727042\/","title":{"rendered":"Miles de personas cargan contra el Gobierno de Arag\u00f3n por la gesti\u00f3n de los incendios: \u00abEran prevenibles y previsibles\u201d"},"content":{"rendered":"<p class=\"article-text\">\n        Jaca ha vuelto a ser este s\u00e1bado el escenario de una protesta masiva por el futuro del medio rural aragon\u00e9s. Unas 6.000 personas, seg\u00fan los convocantes, han recorrido sus calles para cargar contra la gesti\u00f3n de los incendios y reclamar responsabilidades pol\u00edticas al Gobierno de Arag\u00f3n. La marcha ha servido tambi\u00e9n para respaldar la huelga indefinida de los Bomberos Forestales de Arag\u00f3n.\n    <\/p>\n<p>    <a href=\"https:\/\/www.eldiario.es\/aragon\/sociedad\/turnos-20-horas-bases-agua-luz-bomberos-forestales-exhaustos-verano-incendios-siguen-huelga_1_13457538.html\" data-mrf-recirculation=\"saber-mas\" data-dl-event=\"saber-mas\" rel=\"nofollow noopener\" target=\"_blank\"><\/p>\n<p class=\"know-more__title\">Turnos de 20 horas y bases sin agua ni luz: los bomberos forestales, \u00abexhaustos\u00bb tras un verano de incendios, siguen de huelga<\/p>\n<p>            <img decoding=\"async\" class=\"lazy\" loading=\"lazy\" data-src=\"https:\/\/static.eldiario.es\/clip\/266263af-5e52-430a-aeba-12c747f25d24_16-9-aspect-ratio_default_0_x1180y599.jpg\" src=\"data:image\/svg+xml,%3Csvg xmlns=\" http:=\"\" viewbox=\"0 0 880 495\" alt=\"Turnos de 20 horas y bases sin agua ni luz: los bomberos forestales, &quot;exhaustos&quot; tras un verano de incendios, siguen de huelga\"\/><\/p>\n<p>                        <\/a><\/p>\n<p class=\"article-text\">\n        El Movimiento por la Dignidad de la Monta\u00f1a considera que los grandes fuegos de este verano no eran inevitables. Habla de \u201cuna cat\u00e1strofe que era prevenible y previsible\u201d y acusa a las administraciones de haber dejado algunas zonas del territorio abandonadas. Los incendios han arrasado este verano m\u00e1s de 44.000 hect\u00e1reas, han obligado a desalojar decenas de pueblos y han afectado a miles de personas.\n    <\/p>\n<p>            <img decoding=\"async\" class=\"lazy\" loading=\"lazy\" data-src=\"https:\/\/static.eldiario.es\/clip\/b90f5473-13fd-43c8-85f1-aeadb20cf668_16-9-discover-aspect-ratio_default_0.jpg\" src=\"data:image\/svg+xml,%3Csvg xmlns=\" http:=\"\" viewbox=\"0 0 1200 675\" alt=\"Lectura del manifiesto en la Plaza Bisc\u00f3s\"\/><\/p>\n<p class=\"article-text\">\n        Los convocantes piden la dimisi\u00f3n de Jorge Azc\u00f3n, Alejandro Nolasco y Luis Biendicho. Y reclaman un nuevo Gobierno que afronte, dicen, \u201ccon la seriedad que requiere\u201d el cuidado del territorio y la salud de quienes viven en \u00e9l. La prevenci\u00f3n ha ocupado buena parte del discurso de la marcha. La organizaci\u00f3n reclama m\u00e1s trabajadores forestales y un refuerzo de la ganader\u00eda extensiva: \u201cLa despoblaci\u00f3n y el abandono de la ganader\u00eda extensiva est\u00e1 produciendo cada vez una mayor masa forestal en la monta\u00f1a, adem\u00e1s el cambio clim\u00e1tico produce una mayor temperatura que se traduce en una mayor frecuencia de incendios forestales\u201d.\n    <\/p>\n<p>            <img decoding=\"async\" class=\"lazy\" loading=\"lazy\" data-src=\"https:\/\/static.eldiario.es\/clip\/f7d0c093-a120-4630-b28b-3cd9491d55a5_source-aspect-ratio_default_1149709.jpg\" src=\"data:image\/svg+xml,%3Csvg xmlns=\" http:=\"\" viewbox=\"0 0 1204 942\" alt=\"Integrante de la manifestaci\u00f3n con una pancarta contra Nolasco\"\/><\/p>\n<p class=\"article-text\">\n        Los manifestantes tambi\u00e9n han reiterado la idea de que \u201clos incendios se apagan en invierno\u201d. Es una de las reivindicaciones recogidas durante las asambleas celebradas en el territorio. Desde pueblos como Emb\u00fan se reclama aumentar el trabajo de limpieza de los montes antes de que llegue el verano. Tambi\u00e9n se pide que la prevenci\u00f3n se convierta en una pol\u00edtica estable, no en una carrera contra las llamas cuando el incendio ya est\u00e1 desatado.\n    <\/p>\n<p>    Apoyo a los bomberos forestales <\/p>\n<p class=\"article-text\">\n        Los bomberos forestales y sus reivindicaciones tambi\u00e9n han sido protagonistas de la marcha. El movimiento reclama \u201cfinanciaci\u00f3n suficiente\u201d, un aumento significativo de las plantillas, \u201cmedios adecuados para el siglo XXI\u201d y condiciones laborales dignas. La convocatoria de Jaca se ha planteado adem\u00e1s como<a href=\"https:\/\/www.eldiario.es\/aragon\/sociedad\/turnos-20-horas-bases-agua-luz-bomberos-forestales-exhaustos-verano-incendios-siguen-huelga_1_13457538.html\" target=\"_blank\" data-mrf-recirculation=\"links-noticia\" class=\"link\" rel=\"nofollow noopener\"> respaldo a la huelga indefinida<\/a> del colectivo.\n    <\/p>\n<p>            <img decoding=\"async\" class=\"lazy\" loading=\"lazy\" data-src=\"https:\/\/static.eldiario.es\/clip\/13303d36-41ab-452b-98b9-7474d638bff8_16-9-discover-aspect-ratio_default_0.jpg\" src=\"data:image\/svg+xml,%3Csvg xmlns=\" http:=\"\" viewbox=\"0 0 1200 675\" alt=\"Los bomberos han participado en la manifestaci\u00f3n en Jaca\"\/><\/p>\n<p class=\"article-text\">\n        Adem\u00e1s, reclaman un cambio en el modelo tur\u00edstico del Pirineo bajo el lema: \u201cEl Pirineo no se vende\u201d. Entre los proyectos que rechaza est\u00e1n la uni\u00f3n de Ast\u00fan y Formigal por Canal Roya, la telecabina Benasque-Cerler o el tobog\u00e1n de Panticosa.\n    <\/p>\n<p>    <a href=\"https:\/\/www.eldiario.es\/aragon\/sociedad\/catastrofe-forestal-2026-aragon-incendios-arrasan-45-000-hectareas-peor-ano-hay-registros_1_13461323.html\" data-mrf-recirculation=\"saber-mas-abajo\" data-dl-event=\"saber-mas-abajo\" rel=\"nofollow noopener\" target=\"_blank\"><\/p>\n<p class=\"know-more__title\">La cat\u00e1strofe forestal de 2026 en Arag\u00f3n: los incendios arrasan 45.000 hect\u00e1reas en el peor a\u00f1o desde que hay registros\n<\/p>\n<p>            <img decoding=\"async\" class=\"lazy\" loading=\"lazy\" data-src=\"https:\/\/static.eldiario.es\/clip\/8ddaf6be-1224-4308-ad57-90437bfa01c5_16-9-aspect-ratio_default_0.jpg\" src=\"data:image\/svg+xml,%3Csvg xmlns=\" http:=\"\" viewbox=\"0 0 880 495\" alt=\"La cat\u00e1strofe forestal de 2026 en Arag\u00f3n: los incendios arrasan 45.000 hect\u00e1reas en el peor a\u00f1o desde que hay registros\"\/><\/p>\n<p>                        <\/a><\/p>\n<p class=\"article-text\">\n        La manifestaci\u00f3n llega despu\u00e9s de un verano que ha dejado incendios, desalojos y una fuerte contestaci\u00f3n en las zonas afectadas. Los convocantes denuncian tambi\u00e9n accidentes entre las personas que han participado en las labores de extinci\u00f3n y aseguran que esta semana se han producido tres accidentes laborales mortales relacionados con incendios en Arag\u00f3n.\n    <\/p>\n","protected":false},"excerpt":{"rendered":"Jaca ha vuelto a ser este s\u00e1bado el escenario de una protesta masiva por el futuro del medio&hellip;\n","protected":false},"author":2,"featured_media":727043,"comment_status":"","ping_status":"","sticky":false,"template":"","format":"standard","meta":{"footnotes":""},"categories":[8],"tags":[517,4499,17,18,13616,13612,13613,25,24,13,14,13617,11,1265,19,20,13615,9,10,15,16,13614,952,492,23,12731,12,21,22,491],"class_list":["post-727042","post","type-post","status-publish","format-standard","has-post-thumbnail","category-espana","tag-actualidad","tag-aragon","tag-breaking-news","tag-breakingnews","tag-celia-soria","tag-eldiario","tag-elprismatico","tag-es","tag-espana","tag-featured-news","tag-featurednews","tag-fernando-garcia-mongay","tag-headlines","tag-huesca","tag-latest-news","tag-latestnews","tag-marimar-cabrera","tag-news","tag-noticias","tag-noticias-destacadas","tag-noticiasdestacadas","tag-oscar-f-civieta","tag-politica","tag-sociedad","tag-spain","tag-teruel","tag-titulares","tag-ultimas-noticias","tag-ultimasnoticias","tag-zaragoza"],"share_on_mastodon":{"url":"","error":"Validation failed: Text character limit of 500 exceeded"},"_links":{"self":[{"href":"https:\/\/www.europesays.com\/es\/wp-json\/wp\/v2\/posts\/727042","targetHints":{"allow":["GET"]}}],"collection":[{"href":"https:\/\/www.europesays.com\/es\/wp-json\/wp\/v2\/posts"}],"about":[{"href":"https:\/\/www.europesays.com\/es\/wp-json\/wp\/v2\/types\/post"}],"author":[{"embeddable":true,"href":"https:\/\/www.europesays.com\/es\/wp-json\/wp\/v2\/users\/2"}],"replies":[{"embeddable":true,"href":"https:\/\/www.europesays.com\/es\/wp-json\/wp\/v2\/comments?post=727042"}],"version-history":[{"count":0,"href":"https:\/\/www.europesays.com\/es\/wp-json\/wp\/v2\/posts\/727042\/revisions"}],"wp:featuredmedia":[{"embeddable":true,"href":"https:\/\/www.europesays.com\/es\/wp-json\/wp\/v2\/media\/727043"}],"wp:attachment":[{"href":"https:\/\/www.europesays.com\/es\/wp-json\/wp\/v2\/media?parent=727042"}],"wp:term":[{"taxonomy":"category","embeddable":true,"href":"https:\/\/www.europesays.com\/es\/wp-json\/wp\/v2\/categories?post=727042"},{"taxonomy":"post_tag","embeddable":true,"href":"https:\/\/www.europesays.com\/es\/wp-json\/wp\/v2\/tags?post=727042"}],"curies":[{"name":"wp","href":"https:\/\/api.w.org\/{rel}","templated":true}]}}