{"id":727156,"date":"2026-08-23T17:09:13","date_gmt":"2026-08-23T17:09:13","guid":{"rendered":"https:\/\/www.europesays.com\/es\/727156\/"},"modified":"2026-08-23T17:09:13","modified_gmt":"2026-08-23T17:09:13","slug":"la-sasso-domina-en-un-torneo-con-la-armada-colandose-en-el-t10","status":"publish","type":"post","link":"https:\/\/www.europesays.com\/es\/727156\/","title":{"rendered":"La Sasso domina en un torneo con la Armada col\u00e1ndose en el T10"},"content":{"rendered":"<p>Otra gran vuelta llevada a cabo por el joven La Sasso lo sit\u00faa l\u00edder de un evento final del curso en el que los nuestros van tomando plazas<img fetchpriority=\"high\" decoding=\"async\" class=\"wp-image-333667 size-full\" src=\"https:\/\/www.europesays.com\/es\/wp-content\/uploads\/2026\/08\/LIV-Golf-League-LIV-Golf-Indianapolis-26-j2-Chatham-Hills-Sergio-Garcia-Michael-La-Sasso.jpg\" alt=\"LIV Golf League, LIV Golf Indianapolis 26 j2, Chatham Hills, Sergio Garcia, Michael La Sasso,\" width=\"1500\" height=\"1000\"  \/>Sergio Garc\u00eda es uno de los perseguidores de La Sasso. Foto: @LIVGolfLeague<\/p>\n<p style=\"text-align: justify;\">Como si no hubiera tenido suficiente con la ronda firmada el viernes, <strong>Michael La Sasso<\/strong> (66 golpes, -13) sigue <strong>quemando etapas<\/strong>. El joven jugador americano se ha situado como <strong><a style=\"color: #008000;\" href=\"https:\/\/x.com\/livgolf_league\/status\/2091233670820467029\" target=\"_blank\" rel=\"noopener nofollow\">nuevo l\u00edder en Indian\u00e1polis<\/a><\/strong> despu\u00e9s de un viernes en el que se march\u00f3 hasta el <strong>-10<\/strong>. Un resultado que le sirvi\u00f3 para corregir ese primer d\u00eda en <strong>positivo<\/strong> y que lo coloca como uno de los m\u00e1s firmes <strong>candidatos<\/strong> al triunfo en esta \u00faltima prueba del a\u00f1o.<\/p>\n<p style=\"text-align: justify;\">Todo ello despu\u00e9s de la ca\u00edda estrepitosa de <strong>Richard T. Lee<\/strong> (73 golpes, -8), quien se situ\u00f3 en el <strong>T23<\/strong> pese a su gran comienzo. De hecho, en este marem\u00e1gnum de cambios de la jornada del movimiento tambi\u00e9n han participado los nuestros. Y es que tanto <strong>Sergio Garc\u00eda<\/strong> (66 golpes, -11) como <strong>Josele Ballester<\/strong> (65 golpes, -11) han avanzado hasta la <strong>sexta posici\u00f3n<\/strong> del torneo.<\/p>\n<p style=\"text-align: justify;\">El deportista de Borriol lo ha hecho con una ronda en la que ha sumado <strong>cinco birdies<\/strong> y un solitario <strong>bogey<\/strong>. <strong>Ballester<\/strong>, por su parte, ha basado su poder\u00edo en <strong>siete aciertos<\/strong> por solo <strong>dos errores<\/strong> para as\u00ed quedarse muy cerca de un podio en el que <strong>La Sasso<\/strong> no es el \u00fanico integrante.<\/p>\n<p style=\"text-align: justify;\">Y es que, a solo un golpe del americano, se encuentra un grupo de <strong>cuatro jugadores<\/strong> compuesto por <strong>Laurie Canter<\/strong> (68 golpes, -12), <strong>Richard Bland<\/strong> (65 golpes, -12), <strong>Cam Smith<\/strong> (67 golpes, -12) y <strong>Thomas Detry<\/strong> (68 golpes, -12), que esperan el m\u00ednimo resbal\u00f3n en la parte alta para asaltar los cielos. Una <strong>zona de privilegio<\/strong> a la que tampoco es ajeno <strong>Jon Rahm<\/strong> (66 golpes, -10), que ya otea los primeros lugares.<\/p>\n<p>Rahm tambi\u00e9n va tras los pasos de La Sasso<\/p>\n<p style=\"text-align: justify;\">El <strong>Le\u00f3n de Barrika<\/strong> complet\u00f3 un s\u00e1bado en el que se anot\u00f3 <strong>cuatro birdies sin fallos<\/strong> para darle a su <strong>Legion XIII<\/strong> posibilidades de vencer en el campeonato por equipos. <strong>David Puig<\/strong> (67 golpes, -4), en el <strong>Top 36<\/strong>, y <strong>Luis Masaveu<\/strong> (68 golpes, -3), en el <strong>T40<\/strong>, completan la hoja de servicios de la <strong>Armada<\/strong> esta semana.<\/p>\n<p><a style=\"color: #008000;\" href=\"https:\/\/opengolf.es\/circuitos\/siga-aqui-y-en-directo-los-marcadores-de-todos-los-circuitos-en-juego-4\/\" target=\"_blank\" rel=\"noopener nofollow\">Ver CLASIFICACI\u00d3N<\/a><\/p>\n<blockquote class=\"twitter-tweet\">\n<p dir=\"ltr\" lang=\"en\">La Sasso is our leader in Indianapolis \ud83d\udcaa<a href=\"https:\/\/x.com\/hashtag\/LIVGolfIndy?src=hash&amp;ref_src=twsrc%5Etfw\" rel=\"nofollow\">#LIVGolfIndy<\/a> | <a href=\"https:\/\/x.com\/RiyadhAir?ref_src=twsrc%5Etfw\" rel=\"nofollow\">@RiyadhAir<\/a> <a href=\"https:\/\/t.co\/TzLWMe72O9\" rel=\"nofollow\">pic.twitter.com\/TzLWMe72O9<\/a><\/p>\n<p>\u2014 LIV Golf (@livgolf_league) <a href=\"https:\/\/x.com\/livgolf_league\/status\/2091287717439008956?ref_src=twsrc%5Etfw\" rel=\"nofollow\">August 22, 2026<\/a><\/p>\n<\/blockquote>\n<p><script async src=\"https:\/\/platform.twitter.com\/widgets.js\" charset=\"utf-8\"><\/script><\/p>\n","protected":false},"excerpt":{"rendered":"Otra gran vuelta llevada a cabo por el joven La Sasso lo sit\u00faa l\u00edder de un evento final&hellip;\n","protected":false},"author":2,"featured_media":727157,"comment_status":"","ping_status":"","sticky":false,"template":"","format":"standard","meta":{"footnotes":""},"categories":[275],"tags":[7058,168,25,24,329,390,7059,21613,15917,40572,79736,2625,23,167,22628],"class_list":["post-727156","post","type-post","status-publish","format-standard","has-post-thumbnail","category-golf","tag-david-puig","tag-deportes","tag-es","tag-espana","tag-golf","tag-jon-rahm","tag-josele-ballester","tag-liv-golf-indianapolis","tag-liv-golf-league","tag-luis-masaveu","tag-michael-la-sasso","tag-sergio-garcia","tag-spain","tag-sports","tag-the-club-at-chatham-hills"],"share_on_mastodon":{"url":"https:\/\/pubeurope.com\/@es\/117145933012180346","error":""},"_links":{"self":[{"href":"https:\/\/www.europesays.com\/es\/wp-json\/wp\/v2\/posts\/727156","targetHints":{"allow":["GET"]}}],"collection":[{"href":"https:\/\/www.europesays.com\/es\/wp-json\/wp\/v2\/posts"}],"about":[{"href":"https:\/\/www.europesays.com\/es\/wp-json\/wp\/v2\/types\/post"}],"author":[{"embeddable":true,"href":"https:\/\/www.europesays.com\/es\/wp-json\/wp\/v2\/users\/2"}],"replies":[{"embeddable":true,"href":"https:\/\/www.europesays.com\/es\/wp-json\/wp\/v2\/comments?post=727156"}],"version-history":[{"count":0,"href":"https:\/\/www.europesays.com\/es\/wp-json\/wp\/v2\/posts\/727156\/revisions"}],"wp:featuredmedia":[{"embeddable":true,"href":"https:\/\/www.europesays.com\/es\/wp-json\/wp\/v2\/media\/727157"}],"wp:attachment":[{"href":"https:\/\/www.europesays.com\/es\/wp-json\/wp\/v2\/media?parent=727156"}],"wp:term":[{"taxonomy":"category","embeddable":true,"href":"https:\/\/www.europesays.com\/es\/wp-json\/wp\/v2\/categories?post=727156"},{"taxonomy":"post_tag","embeddable":true,"href":"https:\/\/www.europesays.com\/es\/wp-json\/wp\/v2\/tags?post=727156"}],"curies":[{"name":"wp","href":"https:\/\/api.w.org\/{rel}","templated":true}]}}