{"id":727180,"date":"2026-08-23T17:27:14","date_gmt":"2026-08-23T17:27:14","guid":{"rendered":"https:\/\/www.europesays.com\/es\/727180\/"},"modified":"2026-08-23T17:27:14","modified_gmt":"2026-08-23T17:27:14","slug":"miles-de-personas-protestan-en-jaca-por-la-gestion-de-los-incendios-en-aragon-era-prevenible-y-previsible","status":"publish","type":"post","link":"https:\/\/www.europesays.com\/es\/727180\/","title":{"rendered":"Miles de personas protestan en Jaca por la gesti\u00f3n de los incendios en Arag\u00f3n: \u00abEra prevenible y previsible\u00bb"},"content":{"rendered":"<p>Miles de personas se han manifestado este domingo en <strong>Jaca, en la provincia de Huesca (Arag\u00f3n)<\/strong>, para protestar contra la gesti\u00f3n de los <a href=\"https:\/\/es.euronews.com\/my-europe\/2026\/07\/18\/incendios-forestales-en-espana-el-incendio-de-zaragoza-pasa-las-15400-hectareas-quemadas\" rel=\"nofollow noopener\" target=\"_blank\">incendios forestales<\/a> en la regi\u00f3n y exigir responsabilidades pol\u00edticas tras el fuego de <strong>Las Pe\u00f1as de Riglos<\/strong>, que ha quemado m\u00e1s de 14.500 hect\u00e1reas y oblig\u00f3 a desalojar 19 pueblos.<\/p>\n<p>          <img decoding=\"async\" class=\"c-ad__placeholder__logo\" src=\"https:\/\/static.euronews.com\/website\/images\/logos\/logo-euronews-stacked-outlined-72x72-grey-9.svg\" width=\"72\" height=\"72\" alt=\"\" loading=\"lazy\"\/><br \/>\n          PUBLICIDAD<\/p>\n<p>          <img decoding=\"async\" class=\"c-ad__placeholder__logo\" src=\"https:\/\/static.euronews.com\/website\/images\/logos\/logo-euronews-stacked-outlined-72x72-grey-9.svg\" width=\"72\" height=\"72\" alt=\"\" loading=\"lazy\"\/><br \/>\n          PUBLICIDAD<\/p>\n<p>La movilizaci\u00f3n, convocada por la plataforma <a href=\"https:\/\/x.com\/pirineodigno\/status\/2091096933444026799\" target=\"_blank\" rel=\"noreferrer nofollow\"><strong>Pirineo Digno<\/strong><\/a>, reuni\u00f3 a unas <strong>6.000 personas, seg\u00fan los organizadores<\/strong>, y recorri\u00f3 las calles de la localidad bajo el lema &#8216;Arag\u00f3n Arde&#8217;. Los participantes denunciaron el \u00ababandono\u00bb del Pirineo y del mundo rural y reclamaron m\u00e1s inversi\u00f3n en prevenci\u00f3n y gesti\u00f3n forestal.<\/p>\n<p>La protesta pidi\u00f3 adem\u00e1s la dimisi\u00f3n del presidente de Arag\u00f3n, <strong>Jorge Azc\u00f3n<\/strong>, y del vicepresidente, <strong>Alejandro Nolasco<\/strong>, a quienes los convocantes responsabilizan pol\u00edticamente de la gesti\u00f3n de los incendios. Entre las pancartas pod\u00edan leerse mensajes como \u00abArag\u00f3n arde, DGA responsable\u00bb y \u00abAzc\u00f3n culpable, Nolasco responsable\u00bb.<\/p>\n<p>El Movimiento por la Dignidad de la Monta\u00f1a sostiene que los grandes incendios registrados este verano eran \u00abuna cat\u00e1strofe que era <strong>prevenible y previsible<\/strong>\u00ab. <\/p>\n<p>El incendio forestal de Las Pe\u00f1as de Riglos, declarado el 10 de agosto y controlado 11 d\u00edas despu\u00e9s, <strong>ha sido el \u00faltimo y el m\u00e1s grave de uno de los veranos m\u00e1s complicados<\/strong> que se recuerdan en Arag\u00f3n. Se estima que el fuego ha arrasado unas 45.000 hect\u00e1reas en la comunidad, a falta de las cifras definitivas.<\/p>\n<p>La portavoz del Movimiento por la Dignidad de la Monta\u00f1a, Izarbe Usieto, defendi\u00f3 que \u00abpor supuesto\u00bb deben existir responsabilidades pol\u00edticas, y se\u00f1al\u00f3 que el incendio de Riglos \u00abse podr\u00eda haber generado de cualquier manera\u00bb al comenzar en una zona \u00abque lleva <strong>abandonada<\/strong> much\u00edsimo tiempo\u00bb.<\/p>\n<p>\u00abNo hay prevenci\u00f3n, no hay efectivos y, al final, <strong>este incendio tiene varios responsables<\/strong>, no solo la persona que lo iniciara, sino tambi\u00e9n los pol\u00edticos que llevan recortando desde el 2021 en efectivos\u00bb, a\u00f1adi\u00f3.<\/p>\n<p>Seg\u00fan las primeras investigaciones, el incendio se origin\u00f3 por una chispa procedente de las obras que se estaban realizando en la carretera A-132. Vecinos de las localidades atravesadas por esta v\u00eda <strong>han denunciado una supuesta falta de control<\/strong> y seguridad en los trabajos y cuestionan que continuaran pese al elevado riesgo de incendio.<\/p>\n<p>M\u00e1s medios y apoyo a los Bomberos Forestales<\/p>\n<p>Una de las principales reivindicaciones de la manifestaci\u00f3n ha sido reforzar la prevenci\u00f3n durante todo el a\u00f1o. \u00c1ngel Reyes, portavoz de Pirineo Digno, pidi\u00f3 \u00ab<strong>hacer caso a las reivindicaciones de los Bomberos Forestales<\/strong>\u00ab, que defienden que \u00ablos incendios se apagan en verano pero se previenen en invierno\u00bb.<\/p>\n<p>\u00abTendr\u00edan que reforzarse las cuadrillas, mucha m\u00e1s gente trabajando y limpiando el monte todo el a\u00f1o\u00bb, afirm\u00f3 Reyes.<\/p>\n<p>Los <strong>Bomberos Forestales de Arag\u00f3n<\/strong>, algunos de los cuales participaron en la extinci\u00f3n del incendio de Riglos, tambi\u00e9n estuvieron presentes en la marcha. El colectivo se encuentra en <strong>huelga indefinida desde el 18 de julio<\/strong> para reclamar mejoras laborales, m\u00e1s personal y medios.<\/p>\n<p>Yasmina Redondo, operaria de INFOAR, asegur\u00f3 que los trabajadores llevan a\u00f1os alertando sobre el riesgo que supone la evoluci\u00f3n de los incendios forestales. \u00abHace m\u00e1s de 10 a\u00f1os que <strong>venimos informando de que hay muchos incendios que van a sobrepasar<\/strong> nuestra capacidad de extinci\u00f3n\u00bb, declar\u00f3, antes de pedir \u00abresponsabilidad\u00bb a las administraciones para incrementar el personal y los medios.<\/p>\n<p>Sof\u00eda Gar\u00edn, del Movimiento por la Dignidad de la Monta\u00f1a, <a href=\"https:\/\/amp.rtve.es\/noticias\/20260823\/manifestacion-jaca-gestion-gobierno-aragon-incendio-penas-riglos\/17199291.shtml\" target=\"_blank\" rel=\"noreferrer nofollow noopener\">denunci\u00f3 en declaraciones a &#8216;TVE&#8217;<\/a> que Arag\u00f3n es \u00ab<strong>uno de los territorios con mayor \u00e1rea forestal<\/strong>\u00bb y que, pese a ello, \u00abse han hecho recortes continuos en gesti\u00f3n forestal\u00bb. Tambi\u00e9n critic\u00f3 \u00ablas condiciones muy precarias que tienen los bomberos forestales a trav\u00e9s de la empresa Sarga\u00bb.<\/p>\n<p>Los convocantes reclaman, adem\u00e1s, m\u00e1s trabajadores forestales, financiaci\u00f3n suficiente, medios adaptados a las necesidades actuales y el impulso de la <strong>ganader\u00eda extensiva<\/strong> como herramienta para reducir la acumulaci\u00f3n de vegetaci\u00f3n en los montes.<\/p>\n<p>La marcha parti\u00f3 a las 12:00 de la plaza Bisc\u00f3s y termin\u00f3 con la lectura de las reivindicaciones de los convocantes. Los participantes guardaron tambi\u00e9n <strong>un minuto de silencio<\/strong> en recuerdo del militar de la Unidad Militar de Emergencias (UME) <a href=\"https:\/\/es.euronews.com\/my-europe\/2026\/08\/16\/muere-un-militar-de-la-ume-al-volcar-su-camion-en-el-incendio-de-las-penas-de-riglos\" rel=\"nofollow noopener\" target=\"_blank\">fallecido durante el operativo del incendio de Riglos<\/a> y del bombero muerto en Calatorao, Zaragoza, durante el incendio de un taller.<\/p>\n","protected":false},"excerpt":{"rendered":"Miles de personas se han manifestado este domingo en Jaca, en la provincia de Huesca (Arag\u00f3n), para protestar&hellip;\n","protected":false},"author":2,"featured_media":727181,"comment_status":"","ping_status":"","sticky":false,"template":"","format":"standard","meta":{"footnotes":""},"categories":[8],"tags":[17,18,32418,25,24,13,14,11,8877,19,20,9,10,15,16,11301,2315,23,12,21,22],"class_list":["post-727180","post","type-post","status-publish","format-standard","has-post-thumbnail","category-espana","tag-breaking-news","tag-breakingnews","tag-catastrofe-natural","tag-es","tag-espana","tag-featured-news","tag-featurednews","tag-headlines","tag-incendios-forestales","tag-latest-news","tag-latestnews","tag-news","tag-noticias","tag-noticias-destacadas","tag-noticiasdestacadas","tag-politica-espanola","tag-protestas","tag-spain","tag-titulares","tag-ultimas-noticias","tag-ultimasnoticias"],"share_on_mastodon":{"url":"https:\/\/pubeurope.com\/@es\/117146003924169607","error":""},"_links":{"self":[{"href":"https:\/\/www.europesays.com\/es\/wp-json\/wp\/v2\/posts\/727180","targetHints":{"allow":["GET"]}}],"collection":[{"href":"https:\/\/www.europesays.com\/es\/wp-json\/wp\/v2\/posts"}],"about":[{"href":"https:\/\/www.europesays.com\/es\/wp-json\/wp\/v2\/types\/post"}],"author":[{"embeddable":true,"href":"https:\/\/www.europesays.com\/es\/wp-json\/wp\/v2\/users\/2"}],"replies":[{"embeddable":true,"href":"https:\/\/www.europesays.com\/es\/wp-json\/wp\/v2\/comments?post=727180"}],"version-history":[{"count":0,"href":"https:\/\/www.europesays.com\/es\/wp-json\/wp\/v2\/posts\/727180\/revisions"}],"wp:featuredmedia":[{"embeddable":true,"href":"https:\/\/www.europesays.com\/es\/wp-json\/wp\/v2\/media\/727181"}],"wp:attachment":[{"href":"https:\/\/www.europesays.com\/es\/wp-json\/wp\/v2\/media?parent=727180"}],"wp:term":[{"taxonomy":"category","embeddable":true,"href":"https:\/\/www.europesays.com\/es\/wp-json\/wp\/v2\/categories?post=727180"},{"taxonomy":"post_tag","embeddable":true,"href":"https:\/\/www.europesays.com\/es\/wp-json\/wp\/v2\/tags?post=727180"}],"curies":[{"name":"wp","href":"https:\/\/api.w.org\/{rel}","templated":true}]}}