{"id":727192,"date":"2026-08-23T17:37:11","date_gmt":"2026-08-23T17:37:11","guid":{"rendered":"https:\/\/www.europesays.com\/es\/727192\/"},"modified":"2026-08-23T17:37:11","modified_gmt":"2026-08-23T17:37:11","slug":"getafe-racing-santander-en-directo","status":"publish","type":"post","link":"https:\/\/www.europesays.com\/es\/727192\/","title":{"rendered":"Getafe &#8211; Racing Santander en directo"},"content":{"rendered":"<p> <strong>\u00daltima hora del Getafe &#8211; Racing en directo<\/strong><\/p>\n<p class=\"ue-c-article__paragraph \">\u00a1\u00a1BUENAS TARDEEEEEEEEEEEEEEEEES!! Bienvenidos a este <strong>Getafe-Racing<\/strong>, un encuentro correspondiente a la <strong>segunda jornada<\/strong> de <strong>LaLiga EA Sports<\/strong>. Los azulones se estrenan esta temporada ante su afici\u00f3n, mientras que el conjunto c\u00e1ntabro afronta su segundo compromiso del campeonato despu\u00e9s de arrancar con buenas sensaciones ante el <strong>Villarreal<\/strong>.<\/p>\n<p class=\"ue-c-article__paragraph \">El <strong>Getafe<\/strong> llega al duelo con ganas de comenzar la competici\u00f3n con una victoria. Los de <strong>Jos\u00e9 Bordal\u00e1s<\/strong> afrontan su primer partido del curso en el <strong>Coliseum<\/strong>, donde intentar\u00e1n hacerse fuertes desde el primer minuto y regalar a su afici\u00f3n los primeros tres puntos de la temporada. El conjunto azul\u00f3n quiere comenzar con buen pie y demostrar desde el inicio que volver\u00e1 a ser un equipo complicado para cualquiera.<\/p>\n<p class=\"ue-c-article__paragraph \">El <strong>Racing de Santander<\/strong>, mientras, viene de firmar un empate ante el <strong>Villarreal<\/strong> en <strong>El Sardinero<\/strong>. Los c\u00e1ntabros se adelantaron por 2-0 pasada la media hora gracias a un gran inicio de partido, aunque el conjunto amarillo reaccion\u00f3 en la segunda mitad y termin\u00f3 igualando el encuentro con los tantos de <strong>Pape Gueye<\/strong> y <strong>P\u00e9p\u00e9<\/strong>. Ahora, los de <strong>Jos\u00e9 Alberto<\/strong> buscar\u00e1n dar un paso m\u00e1s y conseguir su primer triunfo de la temporada lejos de casa.<\/p>\n<p class=\"ue-c-article__paragraph \">No hay tiempo que perder. <strong>El bal\u00f3n rueda en apenas hora y media en el Coliseum<\/strong>, pero aqu\u00ed, en <strong>MARCA.com<\/strong>, os vamos a contar desde este momento todo lo que suceda en la previa del encuentro. <strong>\u00a1\u00a1COMENZAAAAAAAAAAMOS!!<\/strong><\/p>\n","protected":false},"excerpt":{"rendered":"\u00daltima hora del Getafe &#8211; Racing en directo \u00a1\u00a1BUENAS TARDEEEEEEEEEEEEEEEEES!! Bienvenidos a este Getafe-Racing, un encuentro correspondiente a&hellip;\n","protected":false},"author":2,"featured_media":727193,"comment_status":"","ping_status":"","sticky":false,"template":"","format":"standard","meta":{"footnotes":""},"categories":[268],"tags":[168,25,24,280,282,3303,1945,14371,281,23,167],"class_list":["post-727192","post","type-post","status-publish","format-standard","has-post-thumbnail","category-futbol","tag-deportes","tag-es","tag-espana","tag-football","tag-futbol","tag-getafe-cf","tag-primera-division","tag-racing-de-santander","tag-soccer","tag-spain","tag-sports"],"share_on_mastodon":{"url":"https:\/\/pubeurope.com\/@es\/117146042009203782","error":""},"_links":{"self":[{"href":"https:\/\/www.europesays.com\/es\/wp-json\/wp\/v2\/posts\/727192","targetHints":{"allow":["GET"]}}],"collection":[{"href":"https:\/\/www.europesays.com\/es\/wp-json\/wp\/v2\/posts"}],"about":[{"href":"https:\/\/www.europesays.com\/es\/wp-json\/wp\/v2\/types\/post"}],"author":[{"embeddable":true,"href":"https:\/\/www.europesays.com\/es\/wp-json\/wp\/v2\/users\/2"}],"replies":[{"embeddable":true,"href":"https:\/\/www.europesays.com\/es\/wp-json\/wp\/v2\/comments?post=727192"}],"version-history":[{"count":0,"href":"https:\/\/www.europesays.com\/es\/wp-json\/wp\/v2\/posts\/727192\/revisions"}],"wp:featuredmedia":[{"embeddable":true,"href":"https:\/\/www.europesays.com\/es\/wp-json\/wp\/v2\/media\/727193"}],"wp:attachment":[{"href":"https:\/\/www.europesays.com\/es\/wp-json\/wp\/v2\/media?parent=727192"}],"wp:term":[{"taxonomy":"category","embeddable":true,"href":"https:\/\/www.europesays.com\/es\/wp-json\/wp\/v2\/categories?post=727192"},{"taxonomy":"post_tag","embeddable":true,"href":"https:\/\/www.europesays.com\/es\/wp-json\/wp\/v2\/tags?post=727192"}],"curies":[{"name":"wp","href":"https:\/\/api.w.org\/{rel}","templated":true}]}}