{"id":727240,"date":"2026-08-23T18:12:17","date_gmt":"2026-08-23T18:12:17","guid":{"rendered":"https:\/\/www.europesays.com\/es\/727240\/"},"modified":"2026-08-23T18:12:17","modified_gmt":"2026-08-23T18:12:17","slug":"iran-amenaza-con-represalias-a-los-paises-que-se-sumen-a-la-guerra-economica-de-trump","status":"publish","type":"post","link":"https:\/\/www.europesays.com\/es\/727240\/","title":{"rendered":"Ir\u00e1n amenaza con represalias a los pa\u00edses que se sumen a la \u00abguerra econ\u00f3mica\u00bb de Trump"},"content":{"rendered":"<p style=\"\">La guerra entre Ir\u00e1n y Estados Unidos supera los seis meses y se ha convertido en un pulso financiero tras la amenaza de Donald Trump  &#8230; de \u00abtremendas consecuencias econ\u00f3micas\u00bb a las naciones que no dejen de hacer negocios con la rep\u00fablica isl\u00e1mica. A la espera de conocer las medidas concretas en las que piensa Estados Unidos, que ser\u00e1n anunciadas este lunes por el secretario del Tesoro, Scott Bessent, Ir\u00e1n apel\u00f3 al ojo por ojo y asegur\u00f3 que \u00abcualquier pa\u00eds que participe en la imposici\u00f3n de restricciones contra nosotros ser\u00e1 considerado un enemigo\u00bb. Estas fueron las palabras de Mohsen Rezaei, secretario del Consejo Supremo de Seguridad Nacional, en una entrevista a la cadena estatal persa IRIB en la que advirti\u00f3 de una represalia \u00abs\u00edsmica\u00bb contra quienes se sumen a la ofensiva econ\u00f3mica de la Casa Blanca. <\/p>\n<p class=\"v-d-p\" style=\"\">Rezaei, antiguo responsable de la Guardia Revolucionaria y uno de los estandartes de la l\u00ednea dura del r\u00e9gimen, aclar\u00f3 que, \u00abpor supuesto, primero negociaremos con ellos. Mantendremos conversaciones y les diremos que se aparten y se distancien de Estados Unidos. Pero, si no act\u00faan, atacaremos. Atacaremos los intereses de ese pa\u00eds\u00bb. <\/p>\n<p class=\"v-d-p\" style=\"\">Este mensaje est\u00e1 en la l\u00ednea de la estrategia mantenida por los iran\u00edes durante los primeros 40 d\u00edas de guerra, cuando no duraron a la hora de golpear a intereses y bases estadounidenses en toda la regi\u00f3n en respuesta a los bombardeos sufridos. A excepci\u00f3n de Israel, el resto de aliados en Oriente Medio vieron por primera vez peligrar su seguridad ante la incapacidad de Estados Unidos de protegerles. En las \u00faltimas d\u00e9cadas, tener instalaciones militares norteamericanas en suelo propio era s\u00edmbolo de protecci\u00f3n, pero los persas han acabado con esta ecuaci\u00f3n. Desde el inicio de la contienda, adem\u00e1s, bloquean Ormuz y esto supone una pesadilla para la salida de petr\u00f3leo y gas.<\/p>\n<ul class=\"v-cmp-rld__u\">\n<li class=\"v-cmp-rld__l\">\n<p><a class=\"v-a-lnk\" href=\"http:\/\/www.elcorreo.com\/internacional\/oriente-proximo\/iran-desafia-nueva-guerra-economica-trump-despues-20260820212653-ntrc.html#vtm_modulosEngag=noticiasrelacionadas-cmp-dos:internacional:noticia:1\" data-voc-vtm-id=\"in-text-traffic\" rel=\"nofollow noopener\" target=\"_blank\"><br \/>\n<img decoding=\"async\" loading=\"lazy\" src=\"https:\/\/www.europesays.com\/es\/wp-content\/uploads\/2026\/08\/1516203892-U82051658621DaS-366x256@RC.JPG\" class=\"v-a-img\" width=\"258\" height=\"180\" alt=\"Ir\u00e1n desaf\u00eda la nueva guerra econ\u00f3mica de Trump despu\u00e9s de d\u00e9cadas de sanciones\"\/><br \/>\n<\/a><\/p>\n<\/li>\n<li class=\"v-cmp-rld__l\">\n<p><a class=\"v-a-lnk\" href=\"http:\/\/www.elcorreo.com\/internacional\/eeuu\/trump-anuncia-mayor-guerra-economica-iran-amenaza-20260820083843-ntrc.html#vtm_modulosEngag=noticiasrelacionadas-cmp-dos:internacional:noticia:2\" data-voc-vtm-id=\"in-text-traffic\" rel=\"nofollow noopener\" target=\"_blank\"><br \/>\n<img decoding=\"async\" loading=\"lazy\" src=\"https:\/\/www.europesays.com\/es\/wp-content\/uploads\/2026\/08\/trump-kqQF--366x256@RC.PNG\" class=\"v-a-img\" width=\"258\" height=\"180\" alt=\"Trump anuncia la mayor guerra econ\u00f3mica contra Ir\u00e1n y amenaza con \u00abenormes consecuencias\u00bb a quienes le den apoyo\"\/><br \/>\n                                                          <\/a><\/p>\n<\/li>\n<\/ul>\n<p class=\"v-d-p\" style=\"\">Mientras Rezaei responde a las amenazas de Washington con nuevas amenazas, Teher\u00e1n espera una vista del jefe del ej\u00e9rcito de Pakist\u00e1n, Asim Munir, figura clave en la mediaci\u00f3n entre Estados Unidos e Ir\u00e1n por su buena sinton\u00eda con Trump. El portavoz de Exteriores, Esmail Baghaei, se\u00f1al\u00f3 en un comunicado que el paquistan\u00ed encabezar\u00e1 una delegaci\u00f3n a Teher\u00e1n como parte de \u00ablos esfuerzos en curso para ayudar a consolidar la paz y la seguridad en la regi\u00f3n\u00bb.<\/p>\n<p>\nDivisi\u00f3n en la c\u00fapula persa\n<\/p>\n<p class=\"v-d-p\" style=\"\">Las conversaciones de paz parecen estancadas despu\u00e9s de una reanudaci\u00f3n de las hostilidades a principios de julio entre ambas partes. Unos y otros se culpan de no cumplir los puntos acordados y el memorando de entendimiento firmado en junio est\u00e1 en un limbo, lo que provoca alarma por la posibilidad de un nuevo choque a gran escala.<\/p>\n<p class=\"v-d-p\" style=\"\">En la c\u00fapula del r\u00e9gimen isl\u00e1mico se perciben dos maneras diferentes de afrontar la situaci\u00f3n. Los principales dirigentes pol\u00edticos apuestan por centrarse en poner fin a la guerra y reforzar la econom\u00eda, pero los sectores m\u00e1s duros, como Rezaei, mantienen el tono desafiante. A lo largo de la semana, el presidente iran\u00ed, Masoud Pezeshkian, y el m\u00e1ximo responsable del Parlamento y jefe negociador, Mohammad Bagher Ghalibaf, abogaron por la salida negociada para aliviar la grave crisis que sufren los ciudadanos debido al conflicto armado y las sanciones.<\/p>\n<p class=\"v-a-t\">\nLas naciones de la regi\u00f3n saben que tener bases estadounidenses en suelo propio ya no significa protecci\u00f3n, sino un riesgo\n<\/p>\n<p class=\"v-d-p\" style=\"\">\u00abLa guerra tiene que llegar a su fin en alg\u00fan momento\u00bb, plante\u00f3 Pezeshkian en declaraciones recogidas por medios iran\u00edes. \u00abEs mejor que demostremos hoy nuestra fuerza y nuestra dignidad y digamos al mundo que hemos ganado y que estamos poniendo fin a la guerra\u00bb. En su opini\u00f3n, no habr\u00e1 seguridad si Ir\u00e1n ignora su crisis econ\u00f3mica ya que, \u00abpor mucho poder militar que tengamos, si nuestro pueblo est\u00e1 sufriendo y el pa\u00eds carece de circulaci\u00f3n financiera y crecimiento econ\u00f3mico, no lograremos avanzar. Como alguien que ha vivido la guerra, comprendemos el verdadero valor de la paz\u00bb.<\/p>\n","protected":false},"excerpt":{"rendered":"La guerra entre Ir\u00e1n y Estados Unidos supera los seis meses y se ha convertido en un pulso&hellip;\n","protected":false},"author":2,"featured_media":727241,"comment_status":"","ping_status":"","sticky":false,"template":"","format":"standard","meta":{"footnotes":""},"categories":[42],"tags":[4213,17,18,5374,13,14,69,11,61,62,63,64,3137,19,20,9,10,15,16,8523,949,102276,12,936,21,22,65,66,67],"class_list":["post-727240","post","type-post","status-publish","format-standard","has-post-thumbnail","category-internacional","tag-amenaza","tag-breaking-news","tag-breakingnews","tag-economica","tag-featured-news","tag-featurednews","tag-guerra","tag-headlines","tag-internacional","tag-international","tag-international-news","tag-internationalnews","tag-iran","tag-latest-news","tag-latestnews","tag-news","tag-noticias","tag-noticias-destacadas","tag-noticiasdestacadas","tag-paises","tag-represalias","tag-sumen","tag-titulares","tag-trump","tag-ultimas-noticias","tag-ultimasnoticias","tag-world","tag-world-news","tag-worldnews"],"share_on_mastodon":{"url":"https:\/\/pubeurope.com\/@es\/117146180732395289","error":""},"_links":{"self":[{"href":"https:\/\/www.europesays.com\/es\/wp-json\/wp\/v2\/posts\/727240","targetHints":{"allow":["GET"]}}],"collection":[{"href":"https:\/\/www.europesays.com\/es\/wp-json\/wp\/v2\/posts"}],"about":[{"href":"https:\/\/www.europesays.com\/es\/wp-json\/wp\/v2\/types\/post"}],"author":[{"embeddable":true,"href":"https:\/\/www.europesays.com\/es\/wp-json\/wp\/v2\/users\/2"}],"replies":[{"embeddable":true,"href":"https:\/\/www.europesays.com\/es\/wp-json\/wp\/v2\/comments?post=727240"}],"version-history":[{"count":0,"href":"https:\/\/www.europesays.com\/es\/wp-json\/wp\/v2\/posts\/727240\/revisions"}],"wp:featuredmedia":[{"embeddable":true,"href":"https:\/\/www.europesays.com\/es\/wp-json\/wp\/v2\/media\/727241"}],"wp:attachment":[{"href":"https:\/\/www.europesays.com\/es\/wp-json\/wp\/v2\/media?parent=727240"}],"wp:term":[{"taxonomy":"category","embeddable":true,"href":"https:\/\/www.europesays.com\/es\/wp-json\/wp\/v2\/categories?post=727240"},{"taxonomy":"post_tag","embeddable":true,"href":"https:\/\/www.europesays.com\/es\/wp-json\/wp\/v2\/tags?post=727240"}],"curies":[{"name":"wp","href":"https:\/\/api.w.org\/{rel}","templated":true}]}}