{"id":727324,"date":"2026-08-23T19:16:15","date_gmt":"2026-08-23T19:16:15","guid":{"rendered":"https:\/\/www.europesays.com\/es\/727324\/"},"modified":"2026-08-23T19:16:15","modified_gmt":"2026-08-23T19:16:15","slug":"los-comisarios-explican-la-polemica-sancion-a-colapinto-en-zandvoort-y-aumentan-el-castigo","status":"publish","type":"post","link":"https:\/\/www.europesays.com\/es\/727324\/","title":{"rendered":"Los comisarios explican la pol\u00e9mica sanci\u00f3n a Colapinto en Zandvoort y aumentan el castigo"},"content":{"rendered":"<p>Franco Colapinto recibi\u00f3 una dura sanci\u00f3n de los comisarios deportivos del Gran Premio de Pa\u00edses Bajos por haber adelantado bajo doble bandera amarilla durante la primera vuelta de la carrera en Zandvoort.\u00a0<\/p>\n<p>El piloto argentino de Alpine fue penalizado con un drive through y sum\u00f3 dos puntos a su licencia, seg\u00fan el documento emitido por los comisarios deportivos de la carrera.<\/p>\n<p>El incidente ocurri\u00f3 instantes despu\u00e9s de que Max Verstappen chocara pocos metros por delante de Colapinto al terminar la primera vuelta de la carrera.<\/p>\n<p>ACTUALIZACI\u00d3N:<\/p>\n<p>Colapinto adelant\u00f3 a Yuki Tsunoda al pasar por el sector del accidente y fue sancionado por eso. Lo mismo sucedi\u00f3 con Arvid Lindblad por adelantar a Pierre Gasly en ese momento.<\/p>\n<p>En su explicaci\u00f3n, los comisarios indican que una sanci\u00f3n similar suele castigarse con diez segundos de stop and go, pero que tuvieron en cuenta \u201clas complicaciones provocadas por la importante cantidad de restos que hab\u00eda sobre la pista\u201d.<\/p>\n<p>Tambi\u00e9n lee:<\/p>\n<p>El veredicto de los comisarios a la sanci\u00f3n a Colapinto:<\/p>\n<p>\u201cLos comisarios revisaron los datos del sistema de posicionamiento\/marshalling, las im\u00e1genes de video, los registros de tiempos y las im\u00e1genes de las c\u00e1maras a bordo. El coche 43 se encontraba detr\u00e1s del coche 22 al entrar en la curva 14 y adelant\u00f3 al coche 22 en el sector con doble bandera amarilla, antes de la l\u00ednea ubicada al final de la vuelta 1\u201d.<\/p>\n<p>\u201cNormalmente, una infracci\u00f3n de este tipo requiere una penalizaci\u00f3n de 10 segundos de stop-and-go, pero los comisarios reconocen las complicaciones provocadas por la importante cantidad de restos que hab\u00eda sobre la pista en ese momento y tienen esto en cuenta como una circunstancia atenuante\u201d.<\/p>\n<p>Con los dos puntos en la licencia aplicados a Colapinto, el argentino ya suma tres en total. El anterior fue aplicado por no bajar la velocidad lo suficiente bajo banderas amarillas en el Gran Premio de Barcelona de junio pasado. Los puntos se eliminan al pasar un a\u00f1o de la infracci\u00f3n, pero si un piloto llega a 12 puntos, debe perderse una carrera.<\/p>\n<p>Tambi\u00e9n lee:<\/p>\n<p><a href=\"https:\/\/www.google.com\/preferences\/source?q=https%3A%2F%2Flat.motorsport.com\" target=\"_blank\" rel=\"noopener nofollow\">    <img decoding=\"async\" draggable=\"false\" src=\"https:\/\/www.europesays.com\/es\/wp-content\/uploads\/2026\/08\/1787512575_375_somos-tu-fuente-favorita-de-no.jpg\" alt=\"\" width=\"1200\" height=\"800\" loading=\"lazy\"\/>  <\/a><\/p>\n<p>\u00a0<\/p>\n<p>            Queremos tu opini\u00f3n<\/p>\n<p class=\"mt-auto\">\u00bfQu\u00e9 le gustar\u00eda ver en Motorsport.com?<\/p>\n<p>            <a href=\"#\" class=\"ms-link text-link font-bold\">Responda a nuestra encuesta de 5 minutos.<\/a><\/p>\n<p class=\"mt-1 text-body\">&#8211; El equipo de Motorsport.com<\/p>\n","protected":false},"excerpt":{"rendered":"Franco Colapinto recibi\u00f3 una dura sanci\u00f3n de los comisarios deportivos del Gran Premio de Pa\u00edses Bajos por haber&hellip;\n","protected":false},"author":2,"featured_media":727325,"comment_status":"","ping_status":"","sticky":false,"template":"","format":"standard","meta":{"footnotes":""},"categories":[93],"tags":[1331,168,25,24,1723,1230,116911,129615,23,167,25649],"class_list":["post-727324","post","type-post","status-publish","format-standard","has-post-thumbnail","category-deportes","tag-alpine","tag-deportes","tag-es","tag-espana","tag-franco-colapinto","tag-fu00f3rmula-1","tag-gp-de-pau00edses-bajos","tag-los-comisarios-explican-la-polu00e9mica-sanciu00f3n-a-colapinto-en-zandvoort-y-aumentan-el-castigo","tag-spain","tag-sports","tag-zandvoort"],"share_on_mastodon":{"url":"https:\/\/pubeurope.com\/@es\/117146432477286764","error":""},"_links":{"self":[{"href":"https:\/\/www.europesays.com\/es\/wp-json\/wp\/v2\/posts\/727324","targetHints":{"allow":["GET"]}}],"collection":[{"href":"https:\/\/www.europesays.com\/es\/wp-json\/wp\/v2\/posts"}],"about":[{"href":"https:\/\/www.europesays.com\/es\/wp-json\/wp\/v2\/types\/post"}],"author":[{"embeddable":true,"href":"https:\/\/www.europesays.com\/es\/wp-json\/wp\/v2\/users\/2"}],"replies":[{"embeddable":true,"href":"https:\/\/www.europesays.com\/es\/wp-json\/wp\/v2\/comments?post=727324"}],"version-history":[{"count":0,"href":"https:\/\/www.europesays.com\/es\/wp-json\/wp\/v2\/posts\/727324\/revisions"}],"wp:featuredmedia":[{"embeddable":true,"href":"https:\/\/www.europesays.com\/es\/wp-json\/wp\/v2\/media\/727325"}],"wp:attachment":[{"href":"https:\/\/www.europesays.com\/es\/wp-json\/wp\/v2\/media?parent=727324"}],"wp:term":[{"taxonomy":"category","embeddable":true,"href":"https:\/\/www.europesays.com\/es\/wp-json\/wp\/v2\/categories?post=727324"},{"taxonomy":"post_tag","embeddable":true,"href":"https:\/\/www.europesays.com\/es\/wp-json\/wp\/v2\/tags?post=727324"}],"curies":[{"name":"wp","href":"https:\/\/api.w.org\/{rel}","templated":true}]}}