{"id":727342,"date":"2026-08-23T19:28:15","date_gmt":"2026-08-23T19:28:15","guid":{"rendered":"https:\/\/www.europesays.com\/es\/727342\/"},"modified":"2026-08-23T19:28:15","modified_gmt":"2026-08-23T19:28:15","slug":"carlos-moya-y-carolina-cerezuela-una-pareja-de-exito-dentro-y-fuera-de-las-pistas-nuestro-hijo-carlos-juega-esta-muy-vinculado-al-tenis","status":"publish","type":"post","link":"https:\/\/www.europesays.com\/es\/727342\/","title":{"rendered":"Carlos Moy\u00e1 y Carolina Cerezuela, una pareja de \u00e9xito dentro y fuera de las pistas: \u00abNuestro hijo Carlos juega est\u00e1 muy vinculado al tenis\u00bb"},"content":{"rendered":"<p id=\"ebp4CS22sN\" data-wc=\"78\">Ha sido un n\u00famero uno del tenis y despu\u00e9s de<strong>\u00a0<\/strong>poner fin a su carrera deportiva, acompa\u00f1\u00f3 a Rafa Nadal como entrenador, haciendo historia en el deporte espa\u00f1ol. La vida de <strong>Carlos Moy\u00e1<\/strong> siempre ha estado ligada al tenis y aunque en los \u00faltimos a\u00f1os <a class=\"hm-link ho-link\" href=\"https:\/\/www.hola.com\/actualidad\/20240915717154\/carolina-cerezuela-carlos-moya-imagenes-divertidas-alta-mar\/\" data-mrf-recirculation=\"article-body-link\" rel=\"nofollow noopener\" target=\"_blank\">ha estado m\u00e1s centrado en su familia,\u00a0<\/a>de vez en cuando vuelve a la pista, como hace unas semanas en el I Foro del Deporte en Verano, que se ha celebrado en C\u00e1diz.\u00a0<\/p>\n<p id=\"egP1DwZzkF\" data-wc=\"46\">Durante la \u00faltima de las citas de esta iniciativa promovida por la Diputaci\u00f3n de C\u00e1diz para acercar el deporte de \u00e9lite a la ciudadan\u00eda y fomentarlo entre los m\u00e1s j\u00f3venes y reforzar C\u00e1diz como sede de grandes acontecimientos deportivos; Carlos <strong data-gid=\"eEPcJy9vMgd\">jug\u00f3 un partido contra Feliciano L\u00f3pez.\u00a0<\/strong><\/p>\n<p id=\"erruSiEehH8\" data-wc=\"65\">Los dos extenistas se volvieron a ver las caras en un amistoso celebrado en el Real Club de Golf de Vista Hermosa, en el Puerto de Santa Mar\u00eda, y all\u00ed pudimos hablar con Moy\u00e1 y con su mujer, la actriz y cantante Carolina Cerezuela sobre sus pr\u00f3ximos planes, su verano y sus tres hijos,<strong data-gid=\"e4QPJB8y93_\">\u00a0Carla, de 16 a\u00f1os, Carlos, de 13, y Daniela, de 12.<\/strong><\/p>\n<p>  <img src=\"https:\/\/www.europesays.com\/es\/wp-content\/uploads\/2026\/08\/970a2bf9366e-whatsapp-image-2026-08-12-at-120145-2cut.jpg\"   width=\"1080\" height=\"1080\" loading=\"lazy\" decoding=\"async\" alt=\"Carlos y Feliciano L\u00f3pez en el partido de exhibici\u00f3n que jugaron en el I Foro del Deporte en Verano\" fetchpriority=\"auto\" class=\"image ho-image\"\/>\u00a9 Real Club de Golf Vista HermosaCarlos y Feliciano L\u00f3pez en el partido de exhibici\u00f3n que jugaron en el I Foro del Deporte en Verano<\/p>\n<p class=\"question-s1\" id=\"eWb1ENLDOIo\" data-wc=\"20\">Carlos, participas en este I Foro del Deporte en Verano que se celebra en C\u00e1diz, \u00bfqu\u00e9 te parece la iniciativa?<\/p>\n<p class=\"answer-s1\" id=\"esQYLHkBeUq\" data-wc=\"65\">Es la primera vez que voy a la provincia de C\u00e1diz y la verdad es que estoy feliz porque siempre<strong>\u00a0me han hablado muy bien.<\/strong> He estado en Jerez, Rota y El Puerto de Santa Mar\u00eda, de la mano de Benito P\u00e9rez-Barbadillo, que es el director del evento. Creo que est\u00e1 muy bien llevar el deporte, y sobre todo el tenis, a todos los lugares.\u00a0<\/p>\n<p class=\"question-s1\" id=\"e-6aBB_rslM\" data-wc=\"7\">\u00bfQu\u00e9 mensaje quieres transmitir a los j\u00f3venes?<\/p>\n<p class=\"answer-s1\" id=\"emk7X6J7lk\" data-wc=\"17\">El tenis es salud y una<strong>\u00a0buena manera de vivir la vida.<\/strong> Para m\u00ed ha sido fundamental.\u00a0<\/p>\n<p>  <img src=\"https:\/\/www.europesays.com\/es\/wp-content\/uploads\/2026\/08\/740b82843ddf-gettyimages-483173870cut.jpg\"   width=\"1080\" height=\"1800\" loading=\"lazy\" decoding=\"async\" alt=\"Una imagen de archivo de Carlos Moy\u00e1 y Carolina Cerezuela, durante uno de sus veranos en Mallorca\" fetchpriority=\"auto\" class=\"image ho-image\"\/>\u00a9 Getty ImagesUna imagen de archivo de Carlos Moy\u00e1 y Carolina Cerezuela, durante uno de sus veranos en Mallorca<\/p>\n<p class=\"question-s1\" id=\"ewDBYgH11WQ\" data-wc=\"30\">Fuiste el primer tenista espa\u00f1ol en alcanzar el puesto n\u00famero 1 del ranking ATP en la era moderna. Mirando hacia atr\u00e1s, \u00bfqu\u00e9 puertas crees que abri\u00f3 para el tenis espa\u00f1ol?\u00a0<\/p>\n<p class=\"answer-s1\" id=\"eaU1k2akRBg\" data-wc=\"66\">El tenis es un deporte que ya tuvo su pionero en Espa\u00f1a con Manolo Santana. Despu\u00e9s, tuvimos grandes jugadores y yo tuve tambi\u00e9n el honor de ser el primer espa\u00f1ol que lleg\u00f3 al n\u00famero 1 del mundo, hace ya muchos a\u00f1os. El tiempo pasa r\u00e1pido\u2026 Despu\u00e9s hemos tenido grandes tenistas que siguieron nuestro camino y todos sabemos lo que <a class=\"hm-link ho-link\" href=\"https:\/\/www.hola.com\/actualidad\/20260718913603\/leyenda-deporte-espanol-anima-a-la-seleccion\/\" data-mrf-recirculation=\"article-body-link\" rel=\"nofollow noopener\" target=\"_blank\">Rafa Nadal signific\u00f3 para el deporte espa\u00f1ol.<\/a><\/p>\n<p class=\"question-s1\" id=\"e8S3adwcOg0\" data-wc=\"9\">Juegas contra Feliciano L\u00f3pez, \u00bfHay \u201cpiques\u201d sanos entre vosotros?<\/p>\n<p class=\"answer-s1\" id=\"eZsR1PZQiXl\" data-wc=\"41\">Siempre<strong>\u00a0hemos sido amigos,<\/strong> hemos jugado varias veces y ha habido una rivalidad deportiva muy buena. \u00c9l es algo m\u00e1s joven que yo y ahora, en El Puerto de Santa Mar\u00eda, jugamos en un club muy especial, con muy buen ambiente.\u00a0<\/p>\n<p class=\"question-s1\" id=\"eIRra0NUBJY\" data-wc=\"19\">Te retiraste de las pistas y seguiste como entrenador de Nadal, \u00bfc\u00f3mo vives el tenis a d\u00eda de hoy?<\/p>\n<p class=\"answer-s1\" id=\"e_1AXwBhvzd\" data-wc=\"36\">Lo <strong>vivo como aficionado,<\/strong> viendo los partidos que son importantes. El tenis es mi vida y siempre lo seguir\u00e9. Por ahora desde fuera, ya veremos en el futuro, seguro que<strong>\u00a0el cosquilleo vuelve<\/strong> de alguna manera.<\/p>\n<p>  <img src=\"https:\/\/www.europesays.com\/es\/wp-content\/uploads\/2026\/08\/0b6280a5541e-whatsapp-image-2026-08-12-at-162334.jpg\"   width=\"1080\" height=\"1080\" loading=\"lazy\" decoding=\"async\" alt=\"Feliciano con sus dos hijos y Carlos con su mujer\" fetchpriority=\"auto\" class=\"image ho-image\"\/>\u00a9 Real Club de Golf Vista HermosaFeliciano con sus dos hijos y Carlos con su mujer<\/p>\n<p class=\"question-s1\" id=\"e1DZ2KiVNOw\" data-wc=\"18\">Llevas un ritmo de vida m\u00e1s pausado que antes, \u00bfen qu\u00e9 has ocupado tu tiempo en este tiempo?<\/p>\n<p class=\"answer-s1\" id=\"ehowPDNgSQA\" data-wc=\"13\">Ahora estoy <a class=\"hm-link ho-link\" href=\"https:\/\/www.hola.com\/actualidad\/20250321821558\/carlos-moya-carolina-cerezuela-descubren-como-es-rafa-nadal-como-padre\/\" data-mrf-recirculation=\"article-body-link\" rel=\"nofollow noopener\" target=\"_blank\">m\u00e1s dedicado a mi familia,\u00a0<\/a>a mis hijos y estoy feliz.\u00a0<\/p>\n<p class=\"question-s1\" id=\"e7VrS-lqVSg\" data-wc=\"5\">\u00bfTus hijos juegas el tenis?<\/p>\n<p class=\"answer-s1\" id=\"eWPLLQfCJUyX\" data-wc=\"28\">S\u00ed, <strong>mi hijo Carlos juega<\/strong> y es importante que lo viva de la manera que lo hace. Entrenando, compitiendo y siendo feliz por jugar, como ni\u00f1o que es.<\/p>\n<p class=\"question-s1\" id=\"eEijyb16wigX\" data-wc=\"4\">\u00bfC\u00f3mo llev\u00e1is el verano?<\/p>\n<p class=\"answer-s1\" id=\"eoEnXtPuLrxl\" data-wc=\"29\">Hemos estado en casa, en Mallorca, y tambi\u00e9n fuimos<strong>\u00a0un par de veces a Ibiza<\/strong>. Esta exhibici\u00f3n nos hace salir de las islas y disfrutar de otro sitio maravilloso.\u00a0<\/p>\n<p class=\"question-s1\" id=\"eFA7rV1nvzEy\" data-wc=\"22\">Carolina acompa\u00f1as a Carlos en esta cita de tenis, \u00bfqu\u00e9 te parece esta primera edici\u00f3n de este Foro del Deporte en Verano?<\/p>\n<p class=\"answer-s1\" id=\"e0ZFqfydJuuA\" data-wc=\"42\">Me parece una <strong>iniciativa estupenda.<\/strong> Todo lo que sea fomentar, motivar y acercar el deporte a las personas es maravilloso. Si adem\u00e1s se trata con el cari\u00f1o que se ha hecho en este caso pues es algo que no se puede rechazar\u00a0<\/p>\n<p class=\"question-s1\" id=\"eadX3s1tpO0r\" data-wc=\"5\">\u00bfC\u00f3mo est\u00e1is pasando estas vacaciones?<\/p>\n<p class=\"answer-s1\" id=\"erytHNPd31Hk\" data-wc=\"28\">Est\u00e1n siendo muy disfrutonas, <a class=\"hm-link ho-link\" href=\"https:\/\/www.hola.com\/actualidad\/20230827237820\/carolina-cerezuela-felicita-carlos-moya\/\" data-mrf-recirculation=\"article-body-link\" rel=\"nofollow noopener\" target=\"_blank\">mucho tiempo en familia\u00a0<\/a>y cogiendo el pulso entre saber combinar los viajes con el tiempo de descanso y desconexi\u00f3n que tambi\u00e9n se necesita\u00a0<\/p>\n<p>  <img src=\"https:\/\/www.europesays.com\/es\/wp-content\/uploads\/2026\/08\/1b805d6470a2-whatsapp-image-2026-08-12-at-120144.jpg\"   width=\"1080\" height=\"1080\" loading=\"lazy\" decoding=\"async\" alt=\"Jaime Tovar, presidente del Real Club de Golf de Vista Hermosa, entrega el trofeo a Carlos\" fetchpriority=\"auto\" class=\"image ho-image\"\/>\u00a9 Real Club de Golf Vista HermosaJaime Tovar, presidente del Real Club de Golf de Vista Hermosa, entrega el trofeo a Carlos<\/p>\n<p class=\"question-s1\" id=\"eOH81ZTdczHE\" data-wc=\"18\">Carolina, ya hemos pasado el ecuador del verano, \u00bfqu\u00e9 planes ten\u00e9is hasta que llegue la vuelta al cole?<\/p>\n<p class=\"answer-s1\" id=\"eJSFPAzQtUNr\" data-wc=\"18\">A finales de agosto Carlos cumple 50 a\u00f1os y lo celebraremos con un viaje en familia y naturaleza. \u00a0<\/p>\n<p class=\"question-s1\" id=\"e5xWA7o0ujUR\" data-wc=\"13\">Vuestros tres hijos ya son adolescentes, \u00bfCu\u00e1l es vuestro plan favorito en verano?<\/p>\n<p class=\"answer-s1\" id=\"evt83aw4kSL6\" data-wc=\"47\">Bueno, a\u00fan hay diferencia de<strong>\u00a0planes entre los tres.<\/strong> Carla que acaba de cumplir los 16 est\u00e1 en otra pantalla, los amigos empiezan a tener un protagonismo importante y tenemos que reajustar planes. Las necesidades de los adolescentes hay que tenerlas en cuenta, es parte del proceso.<\/p>\n<p class=\"question-s1\" id=\"e-sjbMiP3QYE\" data-wc=\"21\">Nos presentaste este a\u00f1o en \u00a1HOLA! a tu hija Carla, que quiere abrirse camino en la moda, \u00bfC\u00f3mo lo est\u00e1 viviendo?<\/p>\n<p class=\"answer-s1\" id=\"elw0wsXL6KI7\" data-wc=\"38\">Sigue vinculada al <a class=\"hm-link ho-link\" href=\"https:\/\/www.hola.com\/actualidad\/20200322163722\/carolina-cerezuela-moya-hijas-pedicura\/\" data-mrf-recirculation=\"article-body-link\" rel=\"nofollow noopener\" target=\"_blank\">proyecto que hacemos juntas\u00a0<\/a>de Moda artesana Mallorca, y lo vive con mucha ilusi\u00f3n. Es muy bonito hacerlo juntas. Durante este invierno tiene alg\u00fan proyecto que va a ser muy chulo \u2026 \u00a1Ya lo ver\u00e9is!<\/p>\n<p class=\"question-s1\" id=\"eMxxcRE7ihA2\" data-wc=\"22\">\u00bfAlguno de vuestros hijos quiere seguir los pasos de Carlos en el tenis o los tuyos en la interpretaci\u00f3n y la m\u00fasica?<\/p>\n<p class=\"answer-s1\" id=\"eoRYXENW9MEb\" data-wc=\"73\">M\u00e1s que seguir los pasos espero que cada uno d\u00e9 los suyos propios <a class=\"hm-link ho-link\" href=\"https:\/\/www.hola.com\/actualidad\/20220203203979\/carolina-cerezuela-hijos-recibimiento-carlos-moya\/\" data-mrf-recirculation=\"article-body-link\" rel=\"nofollow noopener\" target=\"_blank\">en aquello que les guste,<\/a> pero tengo que reconocer que<strong>\u00a0Carlos Jr. est\u00e1 muy vinculado al tenis,\u00a0<\/strong>dedic\u00e1ndole muchas horas y poni\u00e9ndole mucha pasi\u00f3n.<strong>\u00a0Daniela est\u00e1 muy involucrada con el b\u00e1squet,<\/strong> y de hecho en su categor\u00eda fueron este a\u00f1o campeonas de Baleares. Y Carla va m\u00e1s hacia la moda y centrada en sus estudios que, evidentemente, son lo primero.<\/p>\n<p> Te puede interesarSeguir leyendo<\/p>\n","protected":false},"excerpt":{"rendered":"Ha sido un n\u00famero uno del tenis y despu\u00e9s de\u00a0poner fin a su carrera deportiva, acompa\u00f1\u00f3 a Rafa&hellip;\n","protected":false},"author":2,"featured_media":727343,"comment_status":"","ping_status":"","sticky":false,"template":"","format":"standard","meta":{"footnotes":""},"categories":[274],"tags":[3900,517,1872,168,25,24,23,167,327,326],"class_list":["post-727342","post","type-post","status-publish","format-standard","has-post-thumbnail","category-tenis","tag-hola","tag-actualidad","tag-carlos-moya","tag-deportes","tag-es","tag-espana","tag-spain","tag-sports","tag-tenis","tag-tennis"],"share_on_mastodon":{"url":"https:\/\/pubeurope.com\/@es\/117146479661395657","error":""},"_links":{"self":[{"href":"https:\/\/www.europesays.com\/es\/wp-json\/wp\/v2\/posts\/727342","targetHints":{"allow":["GET"]}}],"collection":[{"href":"https:\/\/www.europesays.com\/es\/wp-json\/wp\/v2\/posts"}],"about":[{"href":"https:\/\/www.europesays.com\/es\/wp-json\/wp\/v2\/types\/post"}],"author":[{"embeddable":true,"href":"https:\/\/www.europesays.com\/es\/wp-json\/wp\/v2\/users\/2"}],"replies":[{"embeddable":true,"href":"https:\/\/www.europesays.com\/es\/wp-json\/wp\/v2\/comments?post=727342"}],"version-history":[{"count":0,"href":"https:\/\/www.europesays.com\/es\/wp-json\/wp\/v2\/posts\/727342\/revisions"}],"wp:featuredmedia":[{"embeddable":true,"href":"https:\/\/www.europesays.com\/es\/wp-json\/wp\/v2\/media\/727343"}],"wp:attachment":[{"href":"https:\/\/www.europesays.com\/es\/wp-json\/wp\/v2\/media?parent=727342"}],"wp:term":[{"taxonomy":"category","embeddable":true,"href":"https:\/\/www.europesays.com\/es\/wp-json\/wp\/v2\/categories?post=727342"},{"taxonomy":"post_tag","embeddable":true,"href":"https:\/\/www.europesays.com\/es\/wp-json\/wp\/v2\/tags?post=727342"}],"curies":[{"name":"wp","href":"https:\/\/api.w.org\/{rel}","templated":true}]}}