{"id":727402,"date":"2026-08-23T20:12:11","date_gmt":"2026-08-23T20:12:11","guid":{"rendered":"https:\/\/www.europesays.com\/es\/727402\/"},"modified":"2026-08-23T20:12:11","modified_gmt":"2026-08-23T20:12:11","slug":"desaparecido-un-empresario-espanol-tras-caer-de-su-barco-entre-italia-y-grecia-espana","status":"publish","type":"post","link":"https:\/\/www.europesays.com\/es\/727402\/","title":{"rendered":"Desaparecido un empresario espa\u00f1ol tras caer de su barco entre Italia y Grecia | Espa\u00f1a"},"content":{"rendered":"<p class=\"\">Efectivos de Salvamento Mar\u00edtimo en Italia buscan al empresario espa\u00f1ol Juan Jos\u00e9 Mutilba, de 66 a\u00f1os, que se cay\u00f3 de su barco el pasado martes en el mar entre la costa de Sicilia y Grecia, han se\u00f1alado a Efe familiares del desaparecido. Su mujer viajaba con \u00e9l en el momento del incidente y permaneci\u00f3 a la deriva tres d\u00edas hasta que consigui\u00f3 pedir ayuda. <\/p>\n<p class=\"\">Sergio Mutilba, hijo del desaparecido, precisa que su padre \u2015jubilado desde 2021\u2015 dedicaba gran parte de su tiempo a navegar con su mujer. Seg\u00fan detalla, ambos salieron en su embarcaci\u00f3n el lunes desde Siracusa con el objetivo de llegar a la ciudad de Pilos, en Grecia. <\/p>\n<p class=\"\">Los familiares relatan que el martes por la ma\u00f1ana el empresario pesc\u00f3 un at\u00fan, se resbal\u00f3 con la sangre del pez y cay\u00f3 al mar. La mujer, apuntan, \u201cno supo reaccionar\u201d, intent\u00f3 llamar a emergencias, pero no hab\u00eda cobertura y el barco se fue alejando del lugar del siniestro y sigui\u00f3 a la deriva. Tres d\u00edas despu\u00e9s, el viernes, consigui\u00f3 tener cobertura y llamar a un amigo de la familia, experto en navegaci\u00f3n, que se puso en contacto con <a href=\"https:\/\/elpais.com\/noticias\/salvamento-maritimo\/\" target=\"_self\" rel=\"nofollow noopener\" title=\"https:\/\/elpais.com\/noticias\/salvamento-maritimo\/\">Salvamento Mar\u00edtimo de Espa\u00f1a<\/a>, y fueron ellos los que se comunicaron con Salvamento Mar\u00edtimo de Italia y Grecia. <\/p>\n<p class=\"\">Efectivos griegos consiguieron detectar el barco con la mujer y remolcarlo hasta Pilos (Grecia). Desde entonces, la b\u00fasqueda sigue activa, seg\u00fan han se\u00f1alado familiares del empresario, que tambi\u00e9n han notificado el suceso y pedido ayuda a la embajada de Espa\u00f1a en Roma. <\/p>\n","protected":false},"excerpt":{"rendered":"Efectivos de Salvamento Mar\u00edtimo en Italia buscan al empresario espa\u00f1ol Juan Jos\u00e9 Mutilba, de 66 a\u00f1os, que se&hellip;\n","protected":false},"author":2,"featured_media":727403,"comment_status":"","ping_status":"","sticky":false,"template":"","format":"standard","meta":{"footnotes":""},"categories":[8],"tags":[17,18,25,24,13,14,2023,11,628,19,20,129623,9,10,15,16,17342,23,257,12,21,22],"class_list":["post-727402","post","type-post","status-publish","format-standard","has-post-thumbnail","category-espana","tag-breaking-news","tag-breakingnews","tag-es","tag-espana","tag-featured-news","tag-featurednews","tag-grecia","tag-headlines","tag-italia","tag-latest-news","tag-latestnews","tag-navegacion-en-solitario","tag-news","tag-noticias","tag-noticias-destacadas","tag-noticiasdestacadas","tag-salvamento-maritimo","tag-spain","tag-sucesos","tag-titulares","tag-ultimas-noticias","tag-ultimasnoticias"],"share_on_mastodon":{"url":"https:\/\/pubeurope.com\/@es\/117146652459018971","error":""},"_links":{"self":[{"href":"https:\/\/www.europesays.com\/es\/wp-json\/wp\/v2\/posts\/727402","targetHints":{"allow":["GET"]}}],"collection":[{"href":"https:\/\/www.europesays.com\/es\/wp-json\/wp\/v2\/posts"}],"about":[{"href":"https:\/\/www.europesays.com\/es\/wp-json\/wp\/v2\/types\/post"}],"author":[{"embeddable":true,"href":"https:\/\/www.europesays.com\/es\/wp-json\/wp\/v2\/users\/2"}],"replies":[{"embeddable":true,"href":"https:\/\/www.europesays.com\/es\/wp-json\/wp\/v2\/comments?post=727402"}],"version-history":[{"count":0,"href":"https:\/\/www.europesays.com\/es\/wp-json\/wp\/v2\/posts\/727402\/revisions"}],"wp:featuredmedia":[{"embeddable":true,"href":"https:\/\/www.europesays.com\/es\/wp-json\/wp\/v2\/media\/727403"}],"wp:attachment":[{"href":"https:\/\/www.europesays.com\/es\/wp-json\/wp\/v2\/media?parent=727402"}],"wp:term":[{"taxonomy":"category","embeddable":true,"href":"https:\/\/www.europesays.com\/es\/wp-json\/wp\/v2\/categories?post=727402"},{"taxonomy":"post_tag","embeddable":true,"href":"https:\/\/www.europesays.com\/es\/wp-json\/wp\/v2\/tags?post=727402"}],"curies":[{"name":"wp","href":"https:\/\/api.w.org\/{rel}","templated":true}]}}