{"id":727420,"date":"2026-08-23T20:30:17","date_gmt":"2026-08-23T20:30:17","guid":{"rendered":"https:\/\/www.europesays.com\/es\/727420\/"},"modified":"2026-08-23T20:30:17","modified_gmt":"2026-08-23T20:30:17","slug":"leon-xiv-pidio-ayuda-por-el-ebola-en-el-congo-y-tragedias-en-africa","status":"publish","type":"post","link":"https:\/\/www.europesays.com\/es\/727420\/","title":{"rendered":"Le\u00f3n XIV pidi\u00f3 ayuda por el \u00e9bola en el Congo y tragedias en \u00c1frica"},"content":{"rendered":"<p>&#13;<br \/>\n&#13;<br \/>\n&#13;<br \/>\n&#13;<\/p>\n<p>Despu\u00e9s de rezar la oraci\u00f3n mariana del \u00c1ngelus,<strong>\u00a0el Papa Le\u00f3n XIV elev\u00f3 sus oraciones y manifest\u00f3 su preocupaci\u00f3n y cercan\u00eda con las poblaciones de la Rep\u00fablica Democr\u00e1tica del Congo, afectada por la epidemia de \u00e9bola.<\/strong><\/p>\n<p>&#13;&#13;<\/p>\n<p><strong>Adem\u00e1s, tambi\u00e9n or\u00f3 por la Rep\u00fablica Centroafricana, donde se registr\u00f3 el derrumbe de una mina<\/strong>;\u00a0<strong>y por el Centro de Italia, que ma\u00f1ana conmemora el d\u00e9cimo aniversario del tr\u00e1gico terremoto<\/strong>\u00a0que golpe\u00f3 a esta regi\u00f3n.\u00a0<\/p>\n<p>&#13;&#13;&#13;<\/p>\n<p>\t\t\t<a href=\"https:\/\/www.tiemposur.com.ar\/internacionales\/shoa-descarto-riesgo-de-tsunami-tras-sismo-en-territorio-antartico\" rel=\"nofollow noopener\" target=\"_blank\"><br \/>\n\t\t\t<img decoding=\"async\" src=\"https:\/\/www.tiemposur.com.ar\/uploads\/noticia_galeria\/2026\/08\/22\/file_256344_home\" alt=\"SHOA descarto riesgo de tsunami tras sismo en Territorio Ant\u00e1rtico\"\/><\/p>\n<p>Mira Tambien<\/p>\n<p>SHOA descarto riesgo de tsunami tras sismo en Territorio Ant\u00e1rtico<br \/>\n\t\t\t<\/a><\/p>\n<p>\t\t\t&#13;&#13;&#13;<\/p>\n<p>\u00a0<\/p>\n<p>&#13;&#13;<\/p>\n<p>En su reflexi\u00f3n previa antes de la oraci\u00f3n,\u00a0<strong>el Pont\u00edfice sostuvo que el Evangelio de este domingo plante\u00f3 una pregunta que interpela a cada persona a dar una respuesta personal<\/strong>\u00a0y no a vivir una fe de mera costumbre.<\/p>\n<p>&#13;&#13;<\/p>\n<p>En mis oraciones, afirm\u00f3 el Santo Padre,\u00a0<strong>recuerdo frecuentemente a la Rep\u00fablica Democr\u00e1tica del Congo<\/strong>, especialmente por la propagaci\u00f3n de la epidemia de \u00e9bola, que lamentablemente est\u00e1 causando numerosas v\u00edctimas, ante lo cual hizo el siguiente llamamiento:\u00a0<strong>\u201cExhorto a la comunidad internacional a que responda, incluyendo la participaci\u00f3n de las comunidades locales en las labores de prevenci\u00f3n, para salvar muchas vidas\u201d<\/strong>.<\/p>\n<p>&#13;&#13;<\/p>\n<p>Asimismo, seg\u00fan supo la agencia Noticias Argentinas,\u00a0<strong>el Pont\u00edfice manifest\u00f3 su cercan\u00eda con la poblaci\u00f3n de la Rep\u00fablica Centroafricana<\/strong>, que llora a las v\u00edctimas del derrumbe de la mina de Zamboy\u00e9, que el 18 de agosto dej\u00f3 m\u00e1s de cien v\u00edctimas, manifestando: \u201c<strong>Que el Se\u00f1or acoja a quienes perdieron la vida y fortalezca el compromiso de garantizar la seguridad y la legalidad de las explotaciones mineras\u201d<\/strong>.<\/p>\n<p>&#13;&#13;&#13;<\/p>\n<p>\t\t\t<a href=\"https:\/\/www.tiemposur.com.ar\/internacionales\/siguen-las-dudas-respecto-a-la-reforma-de-seguridad-impulsada-por-el-gobierno-de-kast\" rel=\"nofollow noopener\" target=\"_blank\"><br \/>\n\t\t\t<img decoding=\"async\" src=\"https:\/\/www.tiemposur.com.ar\/uploads\/noticia_galeria\/2026\/08\/22\/file_256342_home\" alt=\"Siguen las dudas respecto a la reforma de seguridad impulsada por el Gobierno de Kast\"\/><\/p>\n<p>Mira Tambien<\/p>\n<p>Siguen las dudas respecto a la reforma de seguridad impulsada por el Gobierno de Kast<br \/>\n\t\t\t<\/a><\/p>\n<p>\t\t\t&#13;&#13;&#13;<\/p>\n<p>\u00a0<\/p>\n<p>&#13;&#13;<\/p>\n<p>En sus palabras,\u00a0<strong>el Obispo de Roma tambi\u00e9n se\u00f1al\u00f3 que ma\u00f1ana se conmemora el d\u00e9cimo aniversario del terremoto que, el 24 de agosto de 2016, azot\u00f3 el centro de Italia<\/strong>, entre las regiones Lacio, Umbr\u00eda y Marcas, y dej\u00f3 m\u00e1s de 299 fallecidos, unos 400 heridos y m\u00e1s de 40 mil damnificados, ante lo que expres\u00f3:<strong>\u00a0\u201cRezo por los fallecidos y sus familias, y por todas las comunidades afectadas. Que la fe y la solidaridad sigan impulsando la labor de reconstrucci\u00f3n\u201d<\/strong>.\u00a0<\/p>\n<p>&#13;&#13;<\/p>\n<p>Finalmente,\u00a0<strong>el Papa Le\u00f3n salud\u00f3 con afecto a los romanos y peregrinos de diversos pa\u00edses que se congregaron en la Plaza de San Pedro para el rezo del \u00c1ngelus<\/strong>, dando la bienvenida en particular al Coro Primacial de la Catedral de Gniezno, Polonia, a los seminaristas y superiores del Pontificio Colegio Norteamericano, y a los j\u00f3venes de Bormio y Valfurva.<\/p>\n<p>&#13;&#13;<\/p>\n","protected":false},"excerpt":{"rendered":"&#13; &#13; &#13; &#13; Despu\u00e9s de rezar la oraci\u00f3n mariana del \u00c1ngelus,\u00a0el Papa Le\u00f3n XIV elev\u00f3 sus oraciones&hellip;\n","protected":false},"author":2,"featured_media":727421,"comment_status":"","ping_status":"","sticky":false,"template":"","format":"standard","meta":{"footnotes":""},"categories":[92],"tags":[5404,9758,25,24,165,400,166,23,403],"class_list":["post-727420","post","type-post","status-publish","format-standard","has-post-thumbnail","category-salud","tag-africa","tag-congo","tag-es","tag-espana","tag-health","tag-papa-leon-xiv","tag-salud","tag-spain","tag-vaticano"],"share_on_mastodon":{"url":"https:\/\/pubeurope.com\/@es\/117146723284093603","error":""},"_links":{"self":[{"href":"https:\/\/www.europesays.com\/es\/wp-json\/wp\/v2\/posts\/727420","targetHints":{"allow":["GET"]}}],"collection":[{"href":"https:\/\/www.europesays.com\/es\/wp-json\/wp\/v2\/posts"}],"about":[{"href":"https:\/\/www.europesays.com\/es\/wp-json\/wp\/v2\/types\/post"}],"author":[{"embeddable":true,"href":"https:\/\/www.europesays.com\/es\/wp-json\/wp\/v2\/users\/2"}],"replies":[{"embeddable":true,"href":"https:\/\/www.europesays.com\/es\/wp-json\/wp\/v2\/comments?post=727420"}],"version-history":[{"count":0,"href":"https:\/\/www.europesays.com\/es\/wp-json\/wp\/v2\/posts\/727420\/revisions"}],"wp:featuredmedia":[{"embeddable":true,"href":"https:\/\/www.europesays.com\/es\/wp-json\/wp\/v2\/media\/727421"}],"wp:attachment":[{"href":"https:\/\/www.europesays.com\/es\/wp-json\/wp\/v2\/media?parent=727420"}],"wp:term":[{"taxonomy":"category","embeddable":true,"href":"https:\/\/www.europesays.com\/es\/wp-json\/wp\/v2\/categories?post=727420"},{"taxonomy":"post_tag","embeddable":true,"href":"https:\/\/www.europesays.com\/es\/wp-json\/wp\/v2\/tags?post=727420"}],"curies":[{"name":"wp","href":"https:\/\/api.w.org\/{rel}","templated":true}]}}