{"id":727448,"date":"2026-08-23T20:52:15","date_gmt":"2026-08-23T20:52:15","guid":{"rendered":"https:\/\/www.europesays.com\/es\/727448\/"},"modified":"2026-08-23T20:52:15","modified_gmt":"2026-08-23T20:52:15","slug":"david-soria-sostiene-al-getafe-y-enes-unal-acaba-con-el-racing-futbol-deportes","status":"publish","type":"post","link":"https:\/\/www.europesays.com\/es\/727448\/","title":{"rendered":"David Soria sostiene al Getafe y Enes Unal acaba con el Racing | F\u00fatbol | Deportes"},"content":{"rendered":"<p class=\"\">Sufri\u00f3 el Getafe para imponerse al Racing, un equipo reci\u00e9n ascendido de buen toque y maneras, pero blando. El Racing deber\u00e1 ir aprendiendo a competir y a no desaprovechar oportunidades. En el minuto 75, con el cero a cero, un ingenuo penalti del central Sazonov a Salinas le puso el partido de cara. Surgi\u00f3 la enorme figura de David Soria, que par\u00f3 el lanzamiento a Andr\u00e9s Mart\u00edn. Tocado por el error, el Racing fue incapaz de asegurar al menos un punto. Una gran jugada del Getafe acab\u00f3 con un centro al \u00e1rea de Andr\u00e9s Garc\u00eda que Enes Unal empuj\u00f3 a gol. Los de Jos\u00e9 Bordal\u00e1s, muy cansados, aguantaron hasta el final ante un Racing donde ya no estaba Sergio Canales, sustituido (no le gust\u00f3 el camnbio), y se le hab\u00eda acabado la magia a \u00cd\u00f1igo Vicente, su mejor futbolista. <a href=\"https:\/\/elpais.com\/deportes\/futbol\/2026-08-20\/unal-y-mojica-encienden-el-coliseum-y-el-getafe-esta-a-un-paso-de-clasificarse-a-la-conference-league.html\" target=\"_self\" rel=\"nofollow noopener\" title=\"https:\/\/elpais.com\/deportes\/futbol\/2026-08-20\/unal-y-mojica-encienden-el-coliseum-y-el-getafe-esta-a-un-paso-de-clasificarse-a-la-conference-league.html\">El acierto de Soria y de Enes Unal <\/a>marcaron la diferencia en un partido donde Terrats tambi\u00e9n estuvo a buen nivel en el Getafe, que logra su primera victoria en la Liga tras caer frente al Alav\u00e9s en el estreno. El Racing lo pasar\u00e1 mal, como todos los equipos reci\u00e9n ascendidos, sin potencial frente a rivales mucho m\u00e1s hechos en Primera. <\/p>\n<p><img decoding=\"async\" fetchpriority=\"low\" title=\"Getafe\" loading=\"lazy\" src=\"https:\/\/www.europesays.com\/es\/wp-content\/uploads\/2026\/08\/172.png\"  width=\"80\" height=\"80\"\/><\/p>\n<p>1 <\/p>\n<p> David Soria, Djen\u00e9 Dakonam, Saba Sazonov, Zaid Romero, Johan Mojica, Orel Mangala (Abdel Abqar, min. 93), Francho Serrano, Ram\u00f3n Terrats (Alberto Risco, min. 93), Andr\u00e9s Garc\u00eda (Sebasti\u00e1n Boselli, min. 84), Enes \u00dcnal y Mart\u00edn Satriano (Borja Mayoral, min. 89) <\/p>\n<p>0 <\/p>\n<p><img decoding=\"async\" fetchpriority=\"low\" title=\"Racing\" loading=\"lazy\" src=\"https:\/\/www.europesays.com\/es\/wp-content\/uploads\/2026\/08\/1787518335_19_15.png\"  width=\"80\" height=\"80\"\/><\/p>\n<p> Julen Agirrezabala, Manu Hernando (Facu Gonz\u00e1lez, min. 87), Jorge Salinas, \u00c1lvaro Mantilla, Pablo Ram\u00f3n, Gustavo Puerta (Juan Carlos Arana, min. 87), Sergio Mart\u00ednez (Iv\u00e1n Mart\u00edn, min. 45), Sergio Canales (Maguette Gueye, min. 63), Andr\u00e9s Mart\u00edn, I\u00f1igo Vicente y Asier Villalibre (Yassir Zabiri, min. 63) <\/p>\n<p><b>Goles<\/b> 1-0 min. 80: Enes \u00dcnal <\/p>\n<p><b>Arbitro<\/b> Juan Mart\u00ednez Munuera<\/p>\n<p>Tarjetas amarillas Jorge Salinas (min. 11), Saba Sazonov (min. 13), Alvaro Mantilla (min. 15), Jose Manuel Hernando (min. 65) <\/p>\n<p class=\"\">El Getafe comenz\u00f3 el partido a un nivel alt\u00edsimo, quiz\u00e1s impulsado por la inercia ganadora de su estreno europeo ante el <a href=\"https:\/\/elpais.com\/deportes\/futbol\/2026-08-20\/unal-y-mojica-encienden-el-coliseum-y-el-getafe-esta-a-un-paso-de-clasificarse-a-la-conference-league.html\" target=\"_self\" rel=\"nofollow noopener\" title=\"https:\/\/elpais.com\/deportes\/futbol\/2026-08-20\/unal-y-mojica-encienden-el-coliseum-y-el-getafe-esta-a-un-paso-de-clasificarse-a-la-conference-league.html\">Partiz\u00e1n en la Conference<\/a>. Un juego vibrante que tuvo en las bandas a protagonistas como Andr\u00e9s Garc\u00eda o Mojica, que enviaron centros continuos al \u00e1rea del Racing. Los defensores del conjunto c\u00e1ntabro, no obstante, estuvieron certeros en la gran cantidad de centros que enviaron al \u00e1rea los jugadores del Getafe. Muchos balones al \u00e1rea que no encontraron rematador, con Enes Unal muy bien tapado.<\/p>\n<p class=\"\">El Racing apenas pudo desplegar su juego. Sergio Mart\u00ednez, pretendido por el Madrid, sinti\u00f3 en sus carnes el rigor del Getafe. Tambi\u00e9n Sergio Canales. El veterano mediapunta no toc\u00f3 el bal\u00f3n en todo el primer tiempo, aunque su instinto goleador le permiti\u00f3 rematar un buen pase de \u00cd\u00f1igo Vicente. Soria despej\u00f3 a c\u00f3rner. Los atacantes del Racing, como Villalibre y Andr\u00e9s Mart\u00edn, notaron el salto de categor\u00eda. El Getafe, por su parte, apenas tuvo producci\u00f3n ofensiva. Un saque de esquina directo de Terrats toc\u00f3 el larguero. <a href=\"https:\/\/elpais.com\/deportes\/futbol\/2026-08-16\/el-racing-lo-pasa-en-grande-en-su-regreso-a-primera-hemos-vuelto.html\" target=\"_self\" rel=\"nofollow noopener\" title=\"https:\/\/elpais.com\/deportes\/futbol\/2026-08-16\/el-racing-lo-pasa-en-grande-en-su-regreso-a-primera-hemos-vuelto.html\">El Racing, un reci\u00e9n ascendido<\/a>, resist\u00eda en el campo del Getafe. <\/p>\n<p class=\"\">El Racing fue aprovechando que su rival notaba el cansancio del partido europeo del jueves. \u00cd\u00f1igo Vicente dio alg\u00fan que otro pase de calidad y la suerte sonr\u00edo a los c\u00e1ntabros con un penalti de Sazonov a Salinas. David Soria, un portento, le hizo un parad\u00f3n a Andr\u00e9s Mart\u00edn. <\/p>\n<p class=\"\">El Racing se desmoron\u00f3, muy tocado. Y el Getafe, con m\u00e1s galones, se llev\u00f3 el choque en una gran jugada colectiva que remach\u00f3 Enes Unal. El turco se siente bien en Getafe, donde marca con facilidad. Luego toc\u00f3 sufrir ante el infructuoso acoso del Racing. El Getafe, que necesita refuerzos, gan\u00f3 y respir\u00f3. <a href=\"https:\/\/elpais.com\/deportes\/futbol\/2026-03-08\/el-getafe-se-come-al-betis.html\" target=\"_self\" rel=\"nofollow noopener\" title=\"https:\/\/elpais.com\/deportes\/futbol\/2026-03-08\/el-getafe-se-come-al-betis.html\">Muy al estilo Bordal\u00e1s<\/a>, un seguro de vida para el conjunto madrile\u00f1o. <\/p>\n","protected":false},"excerpt":{"rendered":"Sufri\u00f3 el Getafe para imponerse al Racing, un equipo reci\u00e9n ascendido de buen toque y maneras, pero blando.&hellip;\n","protected":false},"author":2,"featured_media":727449,"comment_status":"","ping_status":"","sticky":false,"template":"","format":"standard","meta":{"footnotes":""},"categories":[93],"tags":[1540,90205,168,1539,25,24,282,1538,3303,24538,1210,1810,14371,39874,6743,23,167],"class_list":["post-727448","post","type-post","status-publish","format-standard","has-post-thumbnail","category-deportes","tag-competiciones","tag-cronicas-deportivas","tag-deportes","tag-entrenadores","tag-es","tag-espana","tag-futbol","tag-futbolistas","tag-getafe-cf","tag-jose-bordalas","tag-laliga-ea-sports","tag-partidos-futbol","tag-racing-de-santander","tag-resultados-deportivos","tag-sergio-canales","tag-spain","tag-sports"],"share_on_mastodon":{"url":"https:\/\/pubeurope.com\/@es\/117146810014999149","error":""},"_links":{"self":[{"href":"https:\/\/www.europesays.com\/es\/wp-json\/wp\/v2\/posts\/727448","targetHints":{"allow":["GET"]}}],"collection":[{"href":"https:\/\/www.europesays.com\/es\/wp-json\/wp\/v2\/posts"}],"about":[{"href":"https:\/\/www.europesays.com\/es\/wp-json\/wp\/v2\/types\/post"}],"author":[{"embeddable":true,"href":"https:\/\/www.europesays.com\/es\/wp-json\/wp\/v2\/users\/2"}],"replies":[{"embeddable":true,"href":"https:\/\/www.europesays.com\/es\/wp-json\/wp\/v2\/comments?post=727448"}],"version-history":[{"count":0,"href":"https:\/\/www.europesays.com\/es\/wp-json\/wp\/v2\/posts\/727448\/revisions"}],"wp:featuredmedia":[{"embeddable":true,"href":"https:\/\/www.europesays.com\/es\/wp-json\/wp\/v2\/media\/727449"}],"wp:attachment":[{"href":"https:\/\/www.europesays.com\/es\/wp-json\/wp\/v2\/media?parent=727448"}],"wp:term":[{"taxonomy":"category","embeddable":true,"href":"https:\/\/www.europesays.com\/es\/wp-json\/wp\/v2\/categories?post=727448"},{"taxonomy":"post_tag","embeddable":true,"href":"https:\/\/www.europesays.com\/es\/wp-json\/wp\/v2\/tags?post=727448"}],"curies":[{"name":"wp","href":"https:\/\/api.w.org\/{rel}","templated":true}]}}